{"id":5745,"date":"2025-06-27T13:10:48","date_gmt":"2025-06-27T13:10:48","guid":{"rendered":"https:\/\/gemeindebuechereikastl.de\/?p=5745"},"modified":"2025-06-27T15:33:01","modified_gmt":"2025-06-27T15:33:01","slug":"klosterfestspiele-kastl-geschichte-hautnah-erleben-infos-mit-buechern-aus-der-buecherei","status":"publish","type":"post","link":"https:\/\/gemeindebuechereikastl.de\/?p=5745","title":{"rendered":"Klosterfestspiele Kastl \u2013 Geschichte hautnah erleben! &#8211; Infos mit B\u00fcchern aus der B\u00fccherei"},"content":{"rendered":"<h2 style=\"text-align: center;\"><span style=\"color: #ff6600;\"><strong>Ausstellung mit diversen B\u00fcchern zum Thema &#8211; &#8222;Entdecke die Geschichte und Sch\u00f6nheit deiner Heimat&#8220; rund um Kastl!<\/strong><\/span><img loading=\"lazy\" decoding=\"async\" class=\"alignleft wp-image-5746 \" src=\"https:\/\/gemeindebuechereikastl.de\/wp-content\/uploads\/2025\/06\/Geschichte-Kastl-786x1206.jpg\" alt=\"\" width=\"429\" height=\"658\" srcset=\"https:\/\/gemeindebuechereikastl.de\/wp-content\/uploads\/2025\/06\/Geschichte-Kastl-786x1206.jpg 786w, https:\/\/gemeindebuechereikastl.de\/wp-content\/uploads\/2025\/06\/Geschichte-Kastl-195x300.jpg 195w, https:\/\/gemeindebuechereikastl.de\/wp-content\/uploads\/2025\/06\/Geschichte-Kastl-768x1179.jpg 768w, https:\/\/gemeindebuechereikastl.de\/wp-content\/uploads\/2025\/06\/Geschichte-Kastl-1000x1536.jpg 1000w, https:\/\/gemeindebuechereikastl.de\/wp-content\/uploads\/2025\/06\/Geschichte-Kastl-1334x2048.jpg 1334w, https:\/\/gemeindebuechereikastl.de\/wp-content\/uploads\/2025\/06\/Geschichte-Kastl-750x1151.jpg 750w, https:\/\/gemeindebuechereikastl.de\/wp-content\/uploads\/2025\/06\/Geschichte-Kastl-scaled.jpg 1667w\" sizes=\"auto, (max-width: 429px) 100vw, 429px\" \/><\/h2>\n<p>Auch das Team der Gemeindeb\u00fccherei Kastl ist im \u201eKlosterfestspiele\u201c-Fieber! Vom 24. Juli bis 13. August finden die Festspiele erstmals in Kastl statt \u2013 ein Highlight f\u00fcr alle Kultur- und Geschichtsinteressierten. Weitere Informationen unter: <strong>https:\/\/klosterfestspiele-kastl.de<\/strong><\/p>\n<p>Reisen Sie mit uns zur\u00fcck ins 12. Jahrhundert: Ein farbenfrohes Festspiel mit Spannung, Action und ganz viel Atmosph\u00e4re rund um den Bau der Klosterburg erwartet Sie! Neben dem \u00fcberregional bekannten Schweppermannspiele feiert dieses Jahr die historische Kriminalgeschichte \u201eJenseits der Nacht\u201c ihre Urauff\u00fchrung \u2013 ein packendes B\u00fchnenst\u00fcck rund um die Gr\u00fcndung des Klosters Kastl im Jahr 1103.<a href=\"https:\/\/klosterfestspiele-kastl.de\"><img loading=\"lazy\" decoding=\"async\" class=\"wp-image-5747 alignright\" src=\"https:\/\/gemeindebuechereikastl.de\/wp-content\/uploads\/2025\/06\/Klosterfestspiele.jpg\" alt=\"\" width=\"251\" height=\"347\" srcset=\"https:\/\/gemeindebuechereikastl.de\/wp-content\/uploads\/2025\/06\/Klosterfestspiele.jpg 565w, https:\/\/gemeindebuechereikastl.de\/wp-content\/uploads\/2025\/06\/Klosterfestspiele-217x300.jpg 217w\" sizes=\"auto, (max-width: 251px) 100vw, 251px\" \/><\/a><\/p>\n<p>Begleitend zu\u00a0den Kloster-festspielen hat das Team der Kastler Gemeindeb\u00fccherei eine liebevoll kuratierte Buchausstellung unter dem Motto <strong>\u201eEntdecke die Geschichte und Sch\u00f6nheit deiner Heimat\u201c<\/strong> rund um Kastl zusammengestellt. Lassen Sie sich inspirieren von faszinierenden Werken zur bewegten Geschichte Kastls, den legend\u00e4ren Schweppermannspiele, dem Landkreis Amberg-Sulzbach und den kulturellen Sch\u00e4tzen der gesamten Oberpfalz.<\/p>\n<p>Kommen Sie einfach vorbei und tauchen Sie ein in spannende Hintergr\u00fcnde, regionale Geschichte und wertvolle Freizeittipps \u2013 perfekt abgestimmt auf das kulturelle Erlebnis der Klosterfestspiele. Weiter B\u00fccher bzw. \u00a0Infos zu diesem Thema, gibt es in unserem<strong>\u00a0<a href=\"https:\/\/iopac.gemeindebuechereikastl.de\/\">Online-Katalog<\/a><\/strong>\u00a0 zu Entdecken.<\/p>\n","protected":false},"excerpt":{"rendered":"<p>Ausstellung mit diversen B\u00fcchern zum Thema &#8211; &#8222;Entdecke die Geschichte und Sch\u00f6nheit deiner Heimat&#8220; rund um Kastl! Auch das Team der Gemeindeb\u00fccherei Kastl ist im \u201eKlosterfestspiele\u201c-Fieber! Vom 24. Juli bis 13. August finden die Festspiele erstmals in Kastl statt \u2013 ein Highlight f\u00fcr alle Kultur- und Geschichtsinteressierten. Weitere Informationen unter: https:\/\/klosterfestspiele-kastl.de Reisen Sie mit uns &hellip; <\/p>\n<p><a class=\"more-link btn\" href=\"https:\/\/gemeindebuechereikastl.de\/?p=5745\">Weiterlesen<\/a><\/p>\n","protected":false},"author":1,"featured_media":5746,"comment_status":"closed","ping_status":"closed","sticky":false,"template":"","format":"standard","meta":{"footnotes":""},"categories":[1],"tags":[98,194,349,73,263],"class_list":["post-5745","post","type-post","status-publish","format-standard","has-post-thumbnail","hentry","category-team","tag-amberg-sulzbach","tag-buchausstellung","tag-geschichte","tag-kastl","tag-oberpfalz","item-wrap"],"_links":{"self":[{"href":"https:\/\/gemeindebuechereikastl.de\/index.php?rest_route=\/wp\/v2\/posts\/5745","targetHints":{"allow":["GET"]}}],"collection":[{"href":"https:\/\/gemeindebuechereikastl.de\/index.php?rest_route=\/wp\/v2\/posts"}],"about":[{"href":"https:\/\/gemeindebuechereikastl.de\/index.php?rest_route=\/wp\/v2\/types\/post"}],"author":[{"embeddable":true,"href":"https:\/\/gemeindebuechereikastl.de\/index.php?rest_route=\/wp\/v2\/users\/1"}],"replies":[{"embeddable":true,"href":"https:\/\/gemeindebuechereikastl.de\/index.php?rest_route=%2Fwp%2Fv2%2Fcomments&post=5745"}],"version-history":[{"count":3,"href":"https:\/\/gemeindebuechereikastl.de\/index.php?rest_route=\/wp\/v2\/posts\/5745\/revisions"}],"predecessor-version":[{"id":5750,"href":"https:\/\/gemeindebuechereikastl.de\/index.php?rest_route=\/wp\/v2\/posts\/5745\/revisions\/5750"}],"wp:featuredmedia":[{"embeddable":true,"href":"https:\/\/gemeindebuechereikastl.de\/index.php?rest_route=\/wp\/v2\/media\/5746"}],"wp:attachment":[{"href":"https:\/\/gemeindebuechereikastl.de\/index.php?rest_route=%2Fwp%2Fv2%2Fmedia&parent=5745"}],"wp:term":[{"taxonomy":"category","embeddable":true,"href":"https:\/\/gemeindebuechereikastl.de\/index.php?rest_route=%2Fwp%2Fv2%2Fcategories&post=5745"},{"taxonomy":"post_tag","embeddable":true,"href":"https:\/\/gemeindebuechereikastl.de\/index.php?rest_route=%2Fwp%2Fv2%2Ftags&post=5745"}],"curies":[{"name":"wp","href":"https:\/\/api.w.org\/{rel}","templated":true}]}}