{"id":5758,"date":"2025-07-02T12:44:25","date_gmt":"2025-07-02T12:44:25","guid":{"rendered":"https:\/\/gemeindebuechereikastl.de\/?p=5758"},"modified":"2025-07-02T12:46:07","modified_gmt":"2025-07-02T12:46:07","slug":"grosser-tag-fuer-kleine-leseratten-vorschulkinder-machten-ihren-buechereifuehrerschein-uns-sind-jetzt-buechereifuechse","status":"publish","type":"post","link":"https:\/\/gemeindebuechereikastl.de\/?p=5758","title":{"rendered":"Gro\u00dfer Tag f\u00fcr kleine Leseratten: Vorschulkinder machten ihren B\u00fcchereif\u00fchrerschein und sind jetzt B\u00fcchereif\u00fcchse"},"content":{"rendered":"<h2 style=\"text-align: center;\"><strong><span style=\"color: #ff6600;\">Lesefreude wecken: Vorschulkinder des Kastler Kindergartens machten ihren B\u00fcchereif\u00fchrerschein<\/span><\/strong><\/h2>\n<p data-start=\"189\" data-end=\"508\"><img loading=\"lazy\" decoding=\"async\" class=\"aligncenter wp-image-5759 size-large\" src=\"https:\/\/gemeindebuechereikastl.de\/wp-content\/uploads\/2025\/07\/Buechereifuechse-mit-Bgm-1603x1041.jpg\" alt=\"\" width=\"750\" height=\"487\" srcset=\"https:\/\/gemeindebuechereikastl.de\/wp-content\/uploads\/2025\/07\/Buechereifuechse-mit-Bgm-1603x1041.jpg 1603w, https:\/\/gemeindebuechereikastl.de\/wp-content\/uploads\/2025\/07\/Buechereifuechse-mit-Bgm-300x195.jpg 300w, https:\/\/gemeindebuechereikastl.de\/wp-content\/uploads\/2025\/07\/Buechereifuechse-mit-Bgm-768x499.jpg 768w, https:\/\/gemeindebuechereikastl.de\/wp-content\/uploads\/2025\/07\/Buechereifuechse-mit-Bgm-1536x997.jpg 1536w, https:\/\/gemeindebuechereikastl.de\/wp-content\/uploads\/2025\/07\/Buechereifuechse-mit-Bgm-2048x1329.jpg 2048w, https:\/\/gemeindebuechereikastl.de\/wp-content\/uploads\/2025\/07\/Buechereifuechse-mit-Bgm-750x487.jpg 750w\" sizes=\"auto, (max-width: 750px) 100vw, 750px\" \/><\/p>\n<p data-start=\"510\" data-end=\"933\">An drei aufeinanderfolgenden Tagen lernten die Kinder, wie eine B\u00fccherei funktioniert, was sie bietet und wie man mit B\u00fcchern und Medien richtig umgeht. Geschichten wie <strong data-start=\"679\" data-end=\"699\">\u201ePippilothek???\u201c<\/strong>, <strong data-start=\"701\" data-end=\"723\">\u201eDer Waldbuchclub\u201c<\/strong> und <strong data-start=\"728\" data-end=\"748\">\u201eMama Muh liest\u201c<\/strong> bildeten dabei den Einstieg in spannende Vorlesestunden. Besonders beliebt war die B\u00fccherei-Rally, bei der die Kinder mit Bildkarten passende B\u00fccher suchten \u2013 mit viel Spa\u00df und Erfolg.<\/p>\n<p data-start=\"935\" data-end=\"1113\"><img loading=\"lazy\" decoding=\"async\" class=\"alignleft wp-image-5761 \" src=\"https:\/\/gemeindebuechereikastl.de\/wp-content\/uploads\/2025\/07\/Vorlesen-1603x1202.jpg\" alt=\"\" width=\"419\" height=\"314\" srcset=\"https:\/\/gemeindebuechereikastl.de\/wp-content\/uploads\/2025\/07\/Vorlesen-1603x1202.jpg 1603w, https:\/\/gemeindebuechereikastl.de\/wp-content\/uploads\/2025\/07\/Vorlesen-300x225.jpg 300w, https:\/\/gemeindebuechereikastl.de\/wp-content\/uploads\/2025\/07\/Vorlesen-768x576.jpg 768w, https:\/\/gemeindebuechereikastl.de\/wp-content\/uploads\/2025\/07\/Vorlesen-1536x1152.jpg 1536w, https:\/\/gemeindebuechereikastl.de\/wp-content\/uploads\/2025\/07\/Vorlesen-2048x1536.jpg 2048w, https:\/\/gemeindebuechereikastl.de\/wp-content\/uploads\/2025\/07\/Vorlesen-750x563.jpg 750w\" sizes=\"auto, (max-width: 419px) 100vw, 419px\" \/>Jedes Kind durfte zudem ein Buch ausleihen und am letzten Tag kurz vorstellen, bevor es gemeinsam zur\u00fcckgegeben wurde \u2013 ein wichtiger Schritt im Umgang mit \u00f6ffentlichen Medien.<\/p>\n<p data-start=\"1115\" data-end=\"1344\">Zum feierlichen Abschluss \u00fcberreichten B\u00fcrgermeister Stefan Braun und B\u00fcchereileiter Georg D\u00fcrr allen Kindern Urkunden. Zus\u00e4tzlich gab es Lesefuchs-Rucks\u00e4cke und T\u00fcrschilder \u2013 perfekte Begleiter f\u00fcr zuk\u00fcnftige Bibliotheksbesuche.<\/p>\n<p data-start=\"1346\" data-end=\"1501\">Mit leuchtenden Augen und neuer Leselust endete eine rundum gelungene Aktion, die den Kindern die B\u00fccherei als Schatzkiste voller Geschichten n\u00e4herbrachte.<\/p>\n","protected":false},"excerpt":{"rendered":"<p>Lesefreude wecken: Vorschulkinder des Kastler Kindergartens machten ihren B\u00fcchereif\u00fchrerschein An drei aufeinanderfolgenden Tagen lernten die Kinder, wie eine B\u00fccherei funktioniert, was sie bietet und wie man mit B\u00fcchern und Medien richtig umgeht. Geschichten wie \u201ePippilothek???\u201c, \u201eDer Waldbuchclub\u201c und \u201eMama Muh liest\u201c bildeten dabei den Einstieg in spannende Vorlesestunden. Besonders beliebt war die B\u00fccherei-Rally, bei der &hellip; <\/p>\n<p><a class=\"more-link btn\" href=\"https:\/\/gemeindebuechereikastl.de\/?p=5758\">Weiterlesen<\/a><\/p>\n","protected":false},"author":1,"featured_media":5759,"comment_status":"closed","ping_status":"closed","sticky":false,"template":"","format":"standard","meta":{"footnotes":""},"categories":[1],"tags":[11,179,180,494],"class_list":["post-5758","post","type-post","status-publish","format-standard","has-post-thumbnail","hentry","category-team","tag-buecherei","tag-buechereifuchs","tag-buechereifuehrerschein","tag-vorschulkinder","item-wrap"],"_links":{"self":[{"href":"https:\/\/gemeindebuechereikastl.de\/index.php?rest_route=\/wp\/v2\/posts\/5758","targetHints":{"allow":["GET"]}}],"collection":[{"href":"https:\/\/gemeindebuechereikastl.de\/index.php?rest_route=\/wp\/v2\/posts"}],"about":[{"href":"https:\/\/gemeindebuechereikastl.de\/index.php?rest_route=\/wp\/v2\/types\/post"}],"author":[{"embeddable":true,"href":"https:\/\/gemeindebuechereikastl.de\/index.php?rest_route=\/wp\/v2\/users\/1"}],"replies":[{"embeddable":true,"href":"https:\/\/gemeindebuechereikastl.de\/index.php?rest_route=%2Fwp%2Fv2%2Fcomments&post=5758"}],"version-history":[{"count":2,"href":"https:\/\/gemeindebuechereikastl.de\/index.php?rest_route=\/wp\/v2\/posts\/5758\/revisions"}],"predecessor-version":[{"id":5763,"href":"https:\/\/gemeindebuechereikastl.de\/index.php?rest_route=\/wp\/v2\/posts\/5758\/revisions\/5763"}],"wp:featuredmedia":[{"embeddable":true,"href":"https:\/\/gemeindebuechereikastl.de\/index.php?rest_route=\/wp\/v2\/media\/5759"}],"wp:attachment":[{"href":"https:\/\/gemeindebuechereikastl.de\/index.php?rest_route=%2Fwp%2Fv2%2Fmedia&parent=5758"}],"wp:term":[{"taxonomy":"category","embeddable":true,"href":"https:\/\/gemeindebuechereikastl.de\/index.php?rest_route=%2Fwp%2Fv2%2Fcategories&post=5758"},{"taxonomy":"post_tag","embeddable":true,"href":"https:\/\/gemeindebuechereikastl.de\/index.php?rest_route=%2Fwp%2Fv2%2Ftags&post=5758"}],"curies":[{"name":"wp","href":"https:\/\/api.w.org\/{rel}","templated":true}]}}