{"id":5764,"date":"2025-07-07T15:25:35","date_gmt":"2025-07-07T15:25:35","guid":{"rendered":"https:\/\/gemeindebuechereikastl.de\/?p=5764"},"modified":"2025-07-07T15:38:16","modified_gmt":"2025-07-07T15:38:16","slug":"entenrennen-auf-der-lauterach-kastl-feiert-mit-buntem-spektakel-und-vielen-gewinnern","status":"publish","type":"post","link":"https:\/\/gemeindebuechereikastl.de\/?p=5764","title":{"rendered":"Entenrennen auf der Lauterach \u2013 Kastl feiert mit buntem Spektakel und vielen Gewinnern"},"content":{"rendered":"<h2 style=\"text-align: center;\" data-start=\"61\" data-end=\"476\"><span style=\"color: #ff6600;\"><strong>Samstag, 5. Juli &#8211; Fr\u00f6hlich-gelbes Spektakel beim Entenrennen des B\u00fcchereiteams auf der Lauterach<\/strong><\/span><\/h2>\n<p><img loading=\"lazy\" decoding=\"async\" class=\"alignleft wp-image-5769 \" src=\"https:\/\/gemeindebuechereikastl.de\/wp-content\/uploads\/2025\/07\/Moshammer-Ente-765x1206.jpg\" alt=\"\" width=\"158\" height=\"249\" srcset=\"https:\/\/gemeindebuechereikastl.de\/wp-content\/uploads\/2025\/07\/Moshammer-Ente-765x1206.jpg 765w, https:\/\/gemeindebuechereikastl.de\/wp-content\/uploads\/2025\/07\/Moshammer-Ente-190x300.jpg 190w, https:\/\/gemeindebuechereikastl.de\/wp-content\/uploads\/2025\/07\/Moshammer-Ente-768x1211.jpg 768w, https:\/\/gemeindebuechereikastl.de\/wp-content\/uploads\/2025\/07\/Moshammer-Ente-974x1536.jpg 974w, https:\/\/gemeindebuechereikastl.de\/wp-content\/uploads\/2025\/07\/Moshammer-Ente-1299x2048.jpg 1299w, https:\/\/gemeindebuechereikastl.de\/wp-content\/uploads\/2025\/07\/Moshammer-Ente-750x1183.jpg 750w, https:\/\/gemeindebuechereikastl.de\/wp-content\/uploads\/2025\/07\/Moshammer-Ente-scaled.jpg 1623w\" sizes=\"auto, (max-width: 158px) 100vw, 158px\" \/><\/p>\n<p style=\"text-align: center;\" data-start=\"61\" data-end=\"476\"><strong data-start=\"478\" data-end=\"511\"><img loading=\"lazy\" decoding=\"async\" class=\"wp-image-5770 alignright\" src=\"https:\/\/gemeindebuechereikastl.de\/wp-content\/uploads\/2025\/07\/start-730x1206.jpg\" alt=\"\" width=\"196\" height=\"324\" srcset=\"https:\/\/gemeindebuechereikastl.de\/wp-content\/uploads\/2025\/07\/start-730x1206.jpg 730w, https:\/\/gemeindebuechereikastl.de\/wp-content\/uploads\/2025\/07\/start-182x300.jpg 182w, https:\/\/gemeindebuechereikastl.de\/wp-content\/uploads\/2025\/07\/start-768x1268.jpg 768w, https:\/\/gemeindebuechereikastl.de\/wp-content\/uploads\/2025\/07\/start-930x1536.jpg 930w, https:\/\/gemeindebuechereikastl.de\/wp-content\/uploads\/2025\/07\/start-1240x2048.jpg 1240w, https:\/\/gemeindebuechereikastl.de\/wp-content\/uploads\/2025\/07\/start-750x1239.jpg 750w, https:\/\/gemeindebuechereikastl.de\/wp-content\/uploads\/2025\/07\/start-scaled.jpg 1550w\" sizes=\"auto, (max-width: 196px) 100vw, 196px\" \/>Nach dreij\u00e4hriger Pause war es am vergangenen Samstag endlich wieder so weit: Das beliebte Kastler Entenrennen der Gemeindeb\u00fccherei kehrte mit gro\u00dfem Schwung zur\u00fcck und verwandelte die Lauterach in eine quietschgelbe Rennstrecke. Bei strahlendem Sommerwetter verfolgten Hunderte Zuschauer entlang von Ufer, Br\u00fccken und Stegen das fr\u00f6hliche Treiben \u2013 ein echter Publikumsmagnet im Kastler Veranstaltungskalender.<\/strong><\/p>\n<h4 style=\"text-align: center;\" data-start=\"478\" data-end=\"511\"><strong data-start=\"478\" data-end=\"511\">Ein Rennen mit Herz und Humor<\/strong><\/h4>\n<p data-start=\"513\" data-end=\"985\">Punkt 15.00 Uhr fiel der Startschuss: B\u00fcchereileiter Georg D\u00fcrr stimmte gemeinsam mit vielen kleinen und gro\u00dfen Entenbesitzerinnen und -besitzern den Countdown an. \u00dcber 250 liebevoll gestaltete Gummienten st\u00fcrzten sich unter Applaus in die Lauterach \u2013 f\u00fcr viele das erste gro\u00dfe Abenteuer au\u00dferhalb der heimischen Badewanne.<\/p>\n<p data-start=\"513\" data-end=\"985\"><img loading=\"lazy\" decoding=\"async\" class=\"wp-image-5766 aligncenter\" src=\"https:\/\/gemeindebuechereikastl.de\/wp-content\/uploads\/2025\/07\/Entenschubser-1603x959.jpg\" alt=\"\" width=\"666\" height=\"398\" srcset=\"https:\/\/gemeindebuechereikastl.de\/wp-content\/uploads\/2025\/07\/Entenschubser-1603x959.jpg 1603w, https:\/\/gemeindebuechereikastl.de\/wp-content\/uploads\/2025\/07\/Entenschubser-300x179.jpg 300w, https:\/\/gemeindebuechereikastl.de\/wp-content\/uploads\/2025\/07\/Entenschubser-768x459.jpg 768w, https:\/\/gemeindebuechereikastl.de\/wp-content\/uploads\/2025\/07\/Entenschubser-1536x919.jpg 1536w, https:\/\/gemeindebuechereikastl.de\/wp-content\/uploads\/2025\/07\/Entenschubser-2048x1225.jpg 2048w, https:\/\/gemeindebuechereikastl.de\/wp-content\/uploads\/2025\/07\/Entenschubser-750x449.jpg 750w\" sizes=\"auto, (max-width: 666px) 100vw, 666px\" \/><\/p>\n<p data-start=\"513\" data-end=\"985\">W\u00e4hrend einige z\u00f6gerlich starteten oder im Ufergras h\u00e4ngen blieben, halfen die flei\u00dfigen \u201eEnten-Schubser\u201c nach, damit keine Ente auf der Strecke blieb. Die Strecke vom Steinstadl bis zum Kneippbecken sorgte f\u00fcr ein spannendes Kopf-an-Kopf-Rennen. Wer f\u00fchrte, blieb bis zum Schluss unklar \u2013 die Startnummern versteckten sich n\u00e4mlich clever auf der Unterseite der Enten. Am Ziel warteten bereits zahlreiche Fans, um die schnellsten Rennenten zu begr\u00fc\u00dfen.<\/p>\n<p data-start=\"513\" data-end=\"985\"><img loading=\"lazy\" decoding=\"async\" class=\"wp-image-5768 aligncenter\" src=\"https:\/\/gemeindebuechereikastl.de\/wp-content\/uploads\/2025\/07\/Zieleinlauf-1603x862.jpg\" alt=\"\" width=\"692\" height=\"372\" srcset=\"https:\/\/gemeindebuechereikastl.de\/wp-content\/uploads\/2025\/07\/Zieleinlauf-1603x862.jpg 1603w, https:\/\/gemeindebuechereikastl.de\/wp-content\/uploads\/2025\/07\/Zieleinlauf-300x161.jpg 300w, https:\/\/gemeindebuechereikastl.de\/wp-content\/uploads\/2025\/07\/Zieleinlauf-768x413.jpg 768w, https:\/\/gemeindebuechereikastl.de\/wp-content\/uploads\/2025\/07\/Zieleinlauf-1536x826.jpg 1536w, https:\/\/gemeindebuechereikastl.de\/wp-content\/uploads\/2025\/07\/Zieleinlauf-2048x1102.jpg 2048w, https:\/\/gemeindebuechereikastl.de\/wp-content\/uploads\/2025\/07\/Zieleinlauf-750x404.jpg 750w\" sizes=\"auto, (max-width: 692px) 100vw, 692px\" \/><\/p>\n<h4 data-start=\"1289\" data-end=\"1324\"><strong data-start=\"1289\" data-end=\"1324\">Sieger, Preise und viel Applaus<\/strong><\/h4>\n<p data-start=\"1326\" data-end=\"1772\">Im Rahmen des <strong data-start=\"1340\" data-end=\"1361\">Kneippbeckenfests<\/strong> folgte die feierliche Pr\u00e4mierung. Die schnellsten und kreativsten Enten wurden von Georg D\u00fcrr, Regina Weber und Christa Kastner ausgezeichnet. Vor der Siegerehrung dankte der stellvertretende B\u00fcrgermeister Andreas Otterbein allen Helferinnen und Helfern sowie den beteiligten\u00a0<img loading=\"lazy\" decoding=\"async\" class=\"wp-image-5771 alignright\" src=\"https:\/\/gemeindebuechereikastl.de\/wp-content\/uploads\/2025\/07\/Siegerehrung-1603x1067.jpg\" alt=\"\" width=\"463\" height=\"308\" srcset=\"https:\/\/gemeindebuechereikastl.de\/wp-content\/uploads\/2025\/07\/Siegerehrung-1603x1067.jpg 1603w, https:\/\/gemeindebuechereikastl.de\/wp-content\/uploads\/2025\/07\/Siegerehrung-300x200.jpg 300w, https:\/\/gemeindebuechereikastl.de\/wp-content\/uploads\/2025\/07\/Siegerehrung-768x511.jpg 768w, https:\/\/gemeindebuechereikastl.de\/wp-content\/uploads\/2025\/07\/Siegerehrung-1536x1022.jpg 1536w, https:\/\/gemeindebuechereikastl.de\/wp-content\/uploads\/2025\/07\/Siegerehrung-2048x1363.jpg 2048w, https:\/\/gemeindebuechereikastl.de\/wp-content\/uploads\/2025\/07\/Siegerehrung-750x499.jpg 750w\" sizes=\"auto, (max-width: 463px) 100vw, 463px\" \/>Gruppen \u2013 ein gelungenes Zusammenspiel von B\u00fcchereiteam, Kindergartenbeirat, CSU-Ortsgruppe und dem Verein f\u00fcr Tourismus- und Gewerbe.<\/p>\n<h4 data-start=\"1774\" data-end=\"1804\"><strong data-start=\"1774\" data-end=\"1804\">Die Gewinner im \u00dcberblick:<\/strong><\/h4>\n<p data-start=\"1807\" data-end=\"1906\">* &#x1f947; <strong data-start=\"1810\" data-end=\"1822\">1. &amp; 2. Platz<\/strong>: Marie von Klenk &amp; Stefan Willner \u2013 jeweils eine Jahreskarte f\u00fcrs Kastler Freibad<br \/>\n* &#x1f949; <strong data-start=\"1912\" data-end=\"1929\">3. &amp; 4. Platz<\/strong>: Doris Renner &amp; Paula Bartsch \u2013 Buchgutscheine \u00e0 25 \u20ac<br \/>\n* &#x1f3c6; <strong data-start=\"1991\" data-end=\"2006\">5.\u20138. Platz<\/strong>: Steffi Marx, Anja Willner, Leon Nutz und Josefine Ehbauer \u2013 Familienjahreskarten der B\u00fccherei<br \/>\n* &#x1f3ac; <strong data-start=\"2107\" data-end=\"2125\">9. &amp; 10. Platz<\/strong>: Leo Sochor &amp; Sabrina Schwarfischer \u2013 Kinogutscheine<br \/>\n* &#x1f381; Weitere 20 Gewinnerpreise wurden vom B\u00fcchereiteam \u00fcberreicht<\/p>\n<p>Auch der <strong data-start=\"2258\" data-end=\"2283\">k\u00fcnstlerische Ehrgeiz<\/strong> wurde belohnt: Fiona M\u00fcller, Jana Kastner und Michl Lutter erhielten Auszeichnungen f\u00fcr die <strong data-start=\"2376\" data-end=\"2397\">&#8222;Sch\u00f6nsten Enten&#8220;<\/strong> mit besonders fantasievoller Gestaltung.<\/p>\n<p data-start=\"1326\" data-end=\"1772\"><img loading=\"lazy\" decoding=\"async\" class=\"wp-image-5767 size-large aligncenter\" src=\"https:\/\/gemeindebuechereikastl.de\/wp-content\/uploads\/2025\/07\/Siegerenten-1603x902.jpg\" alt=\"\" width=\"750\" height=\"422\" srcset=\"https:\/\/gemeindebuechereikastl.de\/wp-content\/uploads\/2025\/07\/Siegerenten-1603x902.jpg 1603w, https:\/\/gemeindebuechereikastl.de\/wp-content\/uploads\/2025\/07\/Siegerenten-300x169.jpg 300w, https:\/\/gemeindebuechereikastl.de\/wp-content\/uploads\/2025\/07\/Siegerenten-768x432.jpg 768w, https:\/\/gemeindebuechereikastl.de\/wp-content\/uploads\/2025\/07\/Siegerenten-1536x865.jpg 1536w, https:\/\/gemeindebuechereikastl.de\/wp-content\/uploads\/2025\/07\/Siegerenten-2048x1153.jpg 2048w, https:\/\/gemeindebuechereikastl.de\/wp-content\/uploads\/2025\/07\/Siegerenten-750x422.jpg 750w\" sizes=\"auto, (max-width: 750px) 100vw, 750px\" \/><\/p>\n<h4 data-start=\"2440\" data-end=\"2488\"><strong data-start=\"2440\" data-end=\"2488\">Ein\u00a0<\/strong><strong data-start=\"2440\" data-end=\"2488\">\u00a0gelungener Nachmittag f\u00fcr Gro\u00df und Klein<\/strong><\/h4>\n<p data-start=\"2490\" data-end=\"2755\">Mit vielen strahlenden Gesichtern, gl\u00fccklichen Gewinnern und einer rundum fr\u00f6hlichen Atmosph\u00e4re klang das Fest am Kneippbecken aus. Das Kastler Entenrennen ist zur\u00fcck \u2013 und wie! Ein herzliches Dankesch\u00f6n an alle, die dieses besondere Ereignis m\u00f6glich gemacht haben.<\/p>\n","protected":false},"excerpt":{"rendered":"<p>Samstag, 5. Juli &#8211; Fr\u00f6hlich-gelbes Spektakel beim Entenrennen des B\u00fcchereiteams auf der Lauterach Nach dreij\u00e4hriger Pause war es am vergangenen Samstag endlich wieder so weit: Das beliebte Kastler Entenrennen der Gemeindeb\u00fccherei kehrte mit gro\u00dfem Schwung zur\u00fcck und verwandelte die Lauterach in eine quietschgelbe Rennstrecke. Bei strahlendem Sommerwetter verfolgten Hunderte Zuschauer entlang von Ufer, Br\u00fccken und &hellip; <\/p>\n<p><a class=\"more-link btn\" href=\"https:\/\/gemeindebuechereikastl.de\/?p=5764\">Weiterlesen<\/a><\/p>\n","protected":false},"author":1,"featured_media":5768,"comment_status":"closed","ping_status":"closed","sticky":false,"template":"","format":"standard","meta":{"footnotes":""},"categories":[1],"tags":[38,55,40,56,690],"class_list":["post-5764","post","type-post","status-publish","format-standard","has-post-thumbnail","hentry","category-team","tag-enten","tag-entenrennen","tag-kneippbecken","tag-lauterach","tag-lneippbeckenfest","item-wrap"],"_links":{"self":[{"href":"https:\/\/gemeindebuechereikastl.de\/index.php?rest_route=\/wp\/v2\/posts\/5764","targetHints":{"allow":["GET"]}}],"collection":[{"href":"https:\/\/gemeindebuechereikastl.de\/index.php?rest_route=\/wp\/v2\/posts"}],"about":[{"href":"https:\/\/gemeindebuechereikastl.de\/index.php?rest_route=\/wp\/v2\/types\/post"}],"author":[{"embeddable":true,"href":"https:\/\/gemeindebuechereikastl.de\/index.php?rest_route=\/wp\/v2\/users\/1"}],"replies":[{"embeddable":true,"href":"https:\/\/gemeindebuechereikastl.de\/index.php?rest_route=%2Fwp%2Fv2%2Fcomments&post=5764"}],"version-history":[{"count":9,"href":"https:\/\/gemeindebuechereikastl.de\/index.php?rest_route=\/wp\/v2\/posts\/5764\/revisions"}],"predecessor-version":[{"id":5780,"href":"https:\/\/gemeindebuechereikastl.de\/index.php?rest_route=\/wp\/v2\/posts\/5764\/revisions\/5780"}],"wp:featuredmedia":[{"embeddable":true,"href":"https:\/\/gemeindebuechereikastl.de\/index.php?rest_route=\/wp\/v2\/media\/5768"}],"wp:attachment":[{"href":"https:\/\/gemeindebuechereikastl.de\/index.php?rest_route=%2Fwp%2Fv2%2Fmedia&parent=5764"}],"wp:term":[{"taxonomy":"category","embeddable":true,"href":"https:\/\/gemeindebuechereikastl.de\/index.php?rest_route=%2Fwp%2Fv2%2Fcategories&post=5764"},{"taxonomy":"post_tag","embeddable":true,"href":"https:\/\/gemeindebuechereikastl.de\/index.php?rest_route=%2Fwp%2Fv2%2Ftags&post=5764"}],"curies":[{"name":"wp","href":"https:\/\/api.w.org\/{rel}","templated":true}]}}