{"id":5781,"date":"2025-07-10T07:51:13","date_gmt":"2025-07-10T07:51:13","guid":{"rendered":"https:\/\/gemeindebuechereikastl.de\/?p=5781"},"modified":"2025-07-11T08:25:24","modified_gmt":"2025-07-11T08:25:24","slug":"5781","status":"publish","type":"post","link":"https:\/\/gemeindebuechereikastl.de\/?p=5781","title":{"rendered":"B\u00fcchereiteam wieder mit am B\u00fcrgerfest vertreten &#8211;  B\u00fccherflohmarkt und Leckereien"},"content":{"rendered":"<h2 style=\"text-align: center;\" data-start=\"126\" data-end=\"231\"><span style=\"color: #ff6600;\"><strong data-start=\"130\" data-end=\"231\">Der B\u00fccherflohmarkt der Gemeindeb\u00fccherei Kastl \u2013 ein Paradies f\u00fcr Leseratten und Schn\u00e4ppchenj\u00e4ger<\/strong><\/span><\/h2>\n<p style=\"text-align: center;\"><strong>Unter dem Motto \u201eDer B\u00fccherflohmarkt \u2013 eine Fundgrube f\u00fcr Schn\u00e4ppchenj\u00e4ger und Leseratten\u201c l\u00e4dt das Team der Gemeindeb\u00fccherei Kastl herzlich ein: Von Freitag, 11. Juli, bis Sonntag, 13. Juli k\u00f6nnen Besucherinnen und Besucher beim Kastler B\u00fcrgerfest direkt am Marktplatz \u2013 neben der Sparkasse\/Raiffeisenbank \u2013 nach Herzenslust st\u00f6bern und entdecken.<\/strong><\/p>\n<h3 style=\"text-align: left;\" data-start=\"233\" data-end=\"603\"><img loading=\"lazy\" decoding=\"async\" class=\"aligncenter wp-image-590 \" src=\"https:\/\/gemeindebuechereikastl.de\/wp-content\/uploads\/2018\/07\/B\u00fcrgerfest-1024x682.jpg\" alt=\"\" width=\"717\" height=\"478\" srcset=\"https:\/\/gemeindebuechereikastl.de\/wp-content\/uploads\/2018\/07\/B\u00fcrgerfest-1024x682.jpg 1024w, https:\/\/gemeindebuechereikastl.de\/wp-content\/uploads\/2018\/07\/B\u00fcrgerfest-300x200.jpg 300w, https:\/\/gemeindebuechereikastl.de\/wp-content\/uploads\/2018\/07\/B\u00fcrgerfest-768x511.jpg 768w\" sizes=\"auto, (max-width: 717px) 100vw, 717px\" \/><\/h3>\n<h3 style=\"text-align: left;\" data-start=\"233\" data-end=\"603\"><strong data-start=\"609\" data-end=\"645\">Vielfalt f\u00fcr jeden Lesegeschmack<\/strong><\/h3>\n<p data-start=\"647\" data-end=\"825\">Ob Roman, Klassiker, Biografie oder Sachbuch \u2013 das Angebot ist so bunt wie das Fest selbst. Auch f\u00fcr den Urlaub ist die passende Lekt\u00fcre dabei \u2013 f\u00fcr Strand, H\u00fctte oder Berghotel.<\/p>\n<h3 data-start=\"827\" data-end=\"861\"><strong data-start=\"831\" data-end=\"861\">Lesefutter zum Wunschpreis<\/strong><\/h3>\n<p data-start=\"863\" data-end=\"1067\">Das Besondere: <strong data-start=\"878\" data-end=\"912\">Sie bestimmen den Preis selbst<\/strong>. F\u00fcr B\u00fccher, DVDs, H\u00f6rb\u00fccher und Spiele wird ein frei gew\u00e4hlter Betrag gespendet. Ein Konzept, das auf Vertrauen setzt \u2013 und viele Buchfreunde begeistert.<\/p>\n<h3 data-start=\"1069\" data-end=\"1108\"><strong data-start=\"1073\" data-end=\"1108\"><img loading=\"lazy\" decoding=\"async\" class=\"wp-image-4940 size-large alignnone\" src=\"https:\/\/gemeindebuechereikastl.de\/wp-content\/uploads\/2024\/07\/Buergerfest-5-1603x1040.jpg\" alt=\"\" width=\"750\" height=\"487\" srcset=\"https:\/\/gemeindebuechereikastl.de\/wp-content\/uploads\/2024\/07\/Buergerfest-5-1603x1040.jpg 1603w, https:\/\/gemeindebuechereikastl.de\/wp-content\/uploads\/2024\/07\/Buergerfest-5-300x195.jpg 300w, https:\/\/gemeindebuechereikastl.de\/wp-content\/uploads\/2024\/07\/Buergerfest-5-768x498.jpg 768w, https:\/\/gemeindebuechereikastl.de\/wp-content\/uploads\/2024\/07\/Buergerfest-5-1536x996.jpg 1536w, https:\/\/gemeindebuechereikastl.de\/wp-content\/uploads\/2024\/07\/Buergerfest-5-2048x1328.jpg 2048w, https:\/\/gemeindebuechereikastl.de\/wp-content\/uploads\/2024\/07\/Buergerfest-5-750x486.jpg 750w\" sizes=\"auto, (max-width: 750px) 100vw, 750px\" \/><\/strong><\/h3>\n<h3 data-start=\"1069\" data-end=\"1108\"><strong data-start=\"1073\" data-end=\"1108\">Kulinarisches f\u00fcr zwischendurch<\/strong><\/h3>\n<p data-start=\"1110\" data-end=\"1346\">Auch f\u00fcr den kleinen Hunger ist gesorgt:<br data-start=\"1150\" data-end=\"1153\" \/>Neben dem B\u00fccherstand gibt es frische Brezen, Brotzeistangen, Zwiebelkuchen (mit oder ohne Schinken), selbstgemachten Obazda, Schnittlauchbrote \u2013 und f\u00fcr Kinder eine \u201e<strong data-start=\"1304\" data-end=\"1317\">S\u00fc\u00dfe T\u00fcte<\/strong>\u201c .<\/p>\n<h3 data-start=\"1348\" data-end=\"1379\"><strong data-start=\"1352\" data-end=\"1379\">Spenden f\u00fcr neue Medien<\/strong><\/h3>\n<p data-start=\"1381\" data-end=\"1591\">Der komplette Erl\u00f6s flie\u00dft in die Anschaffung neuer B\u00fccher und Medien. Beim <strong data-start=\"1457\" data-end=\"1493\">\u201eTag der Offenen T\u00fcr\u201c im Oktober<\/strong> warten dann viele neue Titel \u2013 dank der gro\u00dfz\u00fcgigen Unterst\u00fctzung der Besucherinnen und Besucher.<img loading=\"lazy\" decoding=\"async\" class=\"alignright wp-image-5790 \" src=\"https:\/\/gemeindebuechereikastl.de\/wp-content\/uploads\/2025\/07\/Buergerfest-2025-878x1206.jpg\" alt=\"\" width=\"338\" height=\"464\" srcset=\"https:\/\/gemeindebuechereikastl.de\/wp-content\/uploads\/2025\/07\/Buergerfest-2025-878x1206.jpg 878w, https:\/\/gemeindebuechereikastl.de\/wp-content\/uploads\/2025\/07\/Buergerfest-2025-218x300.jpg 218w, https:\/\/gemeindebuechereikastl.de\/wp-content\/uploads\/2025\/07\/Buergerfest-2025-768x1055.jpg 768w, https:\/\/gemeindebuechereikastl.de\/wp-content\/uploads\/2025\/07\/Buergerfest-2025-750x1031.jpg 750w, https:\/\/gemeindebuechereikastl.de\/wp-content\/uploads\/2025\/07\/Buergerfest-2025.jpg 1080w\" sizes=\"auto, (max-width: 338px) 100vw, 338px\" \/><\/p>\n<h3 data-start=\"1593\" data-end=\"1624\"><\/h3>\n<h3 data-start=\"1593\" data-end=\"1624\"><strong data-start=\"1597\" data-end=\"1624\">Lesespa\u00df das ganze Jahr<\/strong><\/h3>\n<p data-start=\"1626\" data-end=\"1709\">Auch au\u00dferhalb des B\u00fcrgerfests hat die Gemeindeb\u00fccherei Kastl viel zu bieten:<br \/>\nInfos zum Angebot im <strong><a href=\"https:\/\/iopac.gemeindebuechereikastl.de\/\">Online-Katalog<\/a><\/strong><\/p>\n<p data-start=\"1713\" data-end=\"1752\">* \u00dcber <strong data-start=\"1718\" data-end=\"1752\">8.000 B\u00fccher und Zeitschriften<br \/>\n<\/strong>* Rund <strong data-start=\"1760\" data-end=\"1804\">1.500 Spiele, H\u00f6rb\u00fccher, DVDs und Tonies<br \/>\n<\/strong>* Digitale Angebote \u00fcber die <strong data-start=\"1834\" data-end=\"1854\">Onleihe LEO-NORD<\/strong> \u2013 rund um die Uhr unter <a class=\"\" href=\"http:\/\/www.leo-nord.onleihe.de\" target=\"_new\" rel=\"noopener\" data-start=\"1879\" data-end=\"1936\"><strong>www.leo-nord.onleihe.de<\/strong><\/a><\/p>\n<h3 data-start=\"1943\" data-end=\"2005\"><strong data-start=\"1947\" data-end=\"2003\">Vorbeikommen lohnt sich \u2013 f\u00fcr Herz, Kopf und Gaumen!<\/strong><\/h3>\n<h3 data-start=\"2006\" data-end=\"2067\"><span style=\"color: #800000;\">Das B\u00fcchereiteam freut sich auf Ihren Besuch beim B\u00fcrgerfest!<\/span><\/h3>\n","protected":false},"excerpt":{"rendered":"<p>Der B\u00fccherflohmarkt der Gemeindeb\u00fccherei Kastl \u2013 ein Paradies f\u00fcr Leseratten und Schn\u00e4ppchenj\u00e4ger Unter dem Motto \u201eDer B\u00fccherflohmarkt \u2013 eine Fundgrube f\u00fcr Schn\u00e4ppchenj\u00e4ger und Leseratten\u201c l\u00e4dt das Team der Gemeindeb\u00fccherei Kastl herzlich ein: Von Freitag, 11. Juli, bis Sonntag, 13. Juli k\u00f6nnen Besucherinnen und Besucher beim Kastler B\u00fcrgerfest direkt am Marktplatz \u2013 neben der Sparkasse\/Raiffeisenbank \u2013 &hellip; <\/p>\n<p><a class=\"more-link btn\" href=\"https:\/\/gemeindebuechereikastl.de\/?p=5781\">Weiterlesen<\/a><\/p>\n","protected":false},"author":1,"featured_media":605,"comment_status":"closed","ping_status":"closed","sticky":false,"template":"","format":"standard","meta":{"footnotes":""},"categories":[1],"tags":[347,61,177],"class_list":["post-5781","post","type-post","status-publish","format-standard","has-post-thumbnail","hentry","category-team","tag-buecherflohmark","tag-buergerfest","tag-marktplatz","item-wrap"],"_links":{"self":[{"href":"https:\/\/gemeindebuechereikastl.de\/index.php?rest_route=\/wp\/v2\/posts\/5781","targetHints":{"allow":["GET"]}}],"collection":[{"href":"https:\/\/gemeindebuechereikastl.de\/index.php?rest_route=\/wp\/v2\/posts"}],"about":[{"href":"https:\/\/gemeindebuechereikastl.de\/index.php?rest_route=\/wp\/v2\/types\/post"}],"author":[{"embeddable":true,"href":"https:\/\/gemeindebuechereikastl.de\/index.php?rest_route=\/wp\/v2\/users\/1"}],"replies":[{"embeddable":true,"href":"https:\/\/gemeindebuechereikastl.de\/index.php?rest_route=%2Fwp%2Fv2%2Fcomments&post=5781"}],"version-history":[{"count":9,"href":"https:\/\/gemeindebuechereikastl.de\/index.php?rest_route=\/wp\/v2\/posts\/5781\/revisions"}],"predecessor-version":[{"id":5792,"href":"https:\/\/gemeindebuechereikastl.de\/index.php?rest_route=\/wp\/v2\/posts\/5781\/revisions\/5792"}],"wp:featuredmedia":[{"embeddable":true,"href":"https:\/\/gemeindebuechereikastl.de\/index.php?rest_route=\/wp\/v2\/media\/605"}],"wp:attachment":[{"href":"https:\/\/gemeindebuechereikastl.de\/index.php?rest_route=%2Fwp%2Fv2%2Fmedia&parent=5781"}],"wp:term":[{"taxonomy":"category","embeddable":true,"href":"https:\/\/gemeindebuechereikastl.de\/index.php?rest_route=%2Fwp%2Fv2%2Fcategories&post=5781"},{"taxonomy":"post_tag","embeddable":true,"href":"https:\/\/gemeindebuechereikastl.de\/index.php?rest_route=%2Fwp%2Fv2%2Ftags&post=5781"}],"curies":[{"name":"wp","href":"https:\/\/api.w.org\/{rel}","templated":true}]}}