{"id":5793,"date":"2025-07-16T08:07:39","date_gmt":"2025-07-16T08:07:39","guid":{"rendered":"https:\/\/gemeindebuechereikastl.de\/?p=5793"},"modified":"2025-07-16T08:07:39","modified_gmt":"2025-07-16T08:07:39","slug":"buecher-brotzeit-begeisterung-ein-voller-erfolg-beim-kastler-buergerfest","status":"publish","type":"post","link":"https:\/\/gemeindebuechereikastl.de\/?p=5793","title":{"rendered":"B\u00fccher, Brotzeit &#038; Begeisterung: Ein voller Erfolg beim Kastler B\u00fcrgerfest"},"content":{"rendered":"<h2 style=\"text-align: center;\" data-start=\"155\" data-end=\"233\"><span style=\"color: #ff6600;\">B\u00fcchereiteam mit B\u00fccher, Brotzeit &amp; Begeisterung beim Kastler B\u00fcrgerfest wieder mit dabei<\/span><\/h2>\n<p data-start=\"235\" data-end=\"544\">Das Kastler B\u00fcrgerfest war f\u00fcr das Team und auch f\u00fcr die Leserinnen und Leser der Kastler B\u00fccherei ein gro\u00dfer Erfolg. Das Team der Gemeindeb\u00fccherei war mit ihrem bew\u00e4hrten Stand selbstverst\u00e4ndlich wieder mit dabei. Drei Tage lang lockten wir mit einer Mischung aus Lesestoff, Leckereien und ganz viel Herzblut zahlreiche Besucherinnen und Besucher an.<img loading=\"lazy\" decoding=\"async\" class=\"aligncenter wp-image-5794 size-large\" src=\"https:\/\/gemeindebuechereikastl.de\/wp-content\/uploads\/2025\/07\/Buecherflohmarkt-1-1603x1022.jpg\" alt=\"\" width=\"750\" height=\"478\" srcset=\"https:\/\/gemeindebuechereikastl.de\/wp-content\/uploads\/2025\/07\/Buecherflohmarkt-1-1603x1022.jpg 1603w, https:\/\/gemeindebuechereikastl.de\/wp-content\/uploads\/2025\/07\/Buecherflohmarkt-1-300x191.jpg 300w, https:\/\/gemeindebuechereikastl.de\/wp-content\/uploads\/2025\/07\/Buecherflohmarkt-1-768x490.jpg 768w, https:\/\/gemeindebuechereikastl.de\/wp-content\/uploads\/2025\/07\/Buecherflohmarkt-1-1536x980.jpg 1536w, https:\/\/gemeindebuechereikastl.de\/wp-content\/uploads\/2025\/07\/Buecherflohmarkt-1-2048x1306.jpg 2048w, https:\/\/gemeindebuechereikastl.de\/wp-content\/uploads\/2025\/07\/Buecherflohmarkt-1-750x478.jpg 750w\" sizes=\"auto, (max-width: 750px) 100vw, 750px\" \/><\/p>\n<p data-start=\"546\" data-end=\"1014\"><strong data-start=\"546\" data-end=\"583\">Schn\u00e4ppchenjagd f\u00fcr B\u00fccherfreunde<\/strong><br data-start=\"583\" data-end=\"586\" \/>Ein Highlight war erneut die beliebte \u201eSchn\u00e4ppchenjagd\u201c am B\u00fcchereistand. Gut erhaltene B\u00fccher, H\u00f6rb\u00fccher und DVDs f\u00fcr jedes Alter und jeden Geschmack fanden neue Besitzer \u2013 und das zu einem besonderen Prinzip: Die Besucher bestimmten den Preis selbst und spendeten, was ihnen der gew\u00e4hlte Lesestoff wert war. Unser Stand war w\u00e4hrend des gesamten Festes, bis in die sp\u00e4ten Abendstunden, dicht umlagert von Literaturbegeisterten.<img loading=\"lazy\" decoding=\"async\" class=\"aligncenter wp-image-5796 size-large\" src=\"https:\/\/gemeindebuechereikastl.de\/wp-content\/uploads\/2025\/07\/Buergerfest-1-1603x1099.jpg\" alt=\"\" width=\"750\" height=\"514\" srcset=\"https:\/\/gemeindebuechereikastl.de\/wp-content\/uploads\/2025\/07\/Buergerfest-1-1603x1099.jpg 1603w, https:\/\/gemeindebuechereikastl.de\/wp-content\/uploads\/2025\/07\/Buergerfest-1-300x206.jpg 300w, https:\/\/gemeindebuechereikastl.de\/wp-content\/uploads\/2025\/07\/Buergerfest-1-768x527.jpg 768w, https:\/\/gemeindebuechereikastl.de\/wp-content\/uploads\/2025\/07\/Buergerfest-1-1536x1053.jpg 1536w, https:\/\/gemeindebuechereikastl.de\/wp-content\/uploads\/2025\/07\/Buergerfest-1-2048x1404.jpg 2048w, https:\/\/gemeindebuechereikastl.de\/wp-content\/uploads\/2025\/07\/Buergerfest-1-750x514.jpg 750w\" sizes=\"auto, (max-width: 750px) 100vw, 750px\" \/><\/p>\n<p data-start=\"1016\" data-end=\"1504\"><strong data-start=\"1016\" data-end=\"1063\">Kulinarische Klassiker mit regionalem Flair<\/strong><br data-start=\"1063\" data-end=\"1066\" \/>Nicht nur f\u00fcr B\u00fccherw\u00fcrmer war unser Stand ein Magnet: Auch die vielf\u00e4ltige Brotzeit war hei\u00df begehrt. Mit im Angebot waren ofenfrische Backwaren der B\u00e4ckerei Weber aus Ammerthal \u2013 darunter Brezen, Brotzeitstangen und Zwiebelkuchen (wahlweise mit oder ohne Schinken). Besonders gefragt waren wie immer unsere hausgemachten Spezialit\u00e4ten: der cremige Obatzte, frische Schnittlauchbrote und die \u201eS\u00fc\u00dfe T\u00fcte\u201c f\u00fcr kleine und gro\u00dfe Naschkatzen.<\/p>\n<p data-start=\"1506\" data-end=\"1903\"><strong data-start=\"1506\" data-end=\"1566\">Trotz Regen \u2013 strahlende Gesichter und volles Engagement<\/strong><br data-start=\"1566\" data-end=\"1569\" \/>Weder Wind noch vereinzelte Regenschauer konnten die Stimmung tr\u00fcben. Der Einsatz des B\u00fcchereiteams\u00a0<img loading=\"lazy\" decoding=\"async\" class=\"wp-image-770  alignright\" src=\"https:\/\/gemeindebuechereikastl.de\/wp-content\/uploads\/2018\/12\/offene-T\u00fcr-1024x734.jpg\" alt=\"\" width=\"337\" height=\"242\" srcset=\"https:\/\/gemeindebuechereikastl.de\/wp-content\/uploads\/2018\/12\/offene-T\u00fcr-1024x734.jpg 1024w, https:\/\/gemeindebuechereikastl.de\/wp-content\/uploads\/2018\/12\/offene-T\u00fcr-300x215.jpg 300w, https:\/\/gemeindebuechereikastl.de\/wp-content\/uploads\/2018\/12\/offene-T\u00fcr-768x551.jpg 768w\" sizes=\"auto, (max-width: 337px) 100vw, 337px\" \/>wurde durch eine tolle Resonanz und gro\u00dfz\u00fcgige Spenden belohnt. Der gesamte Erl\u00f6s aus B\u00fccherverkauf und Brotzeit flie\u00dft wie gewohnt direkt zur\u00fcck in unser Angebot: in neue B\u00fccher, Medien und Highlights f\u00fcr unsere Leserinnen und Leser.<\/p>\n<p data-start=\"1905\" data-end=\"2143\"><span style=\"color: #800000;\"><strong>Ein besonderes Dankesch\u00f6n an alle, die vorbeigeschaut, geschm\u00f6kert, genascht und gespendet haben!<\/strong><\/span><br data-start=\"2002\" data-end=\"2005\" \/>Schon jetzt freuen wir uns darauf, Ihnen die neu angeschafften Medien beim <span style=\"color: #800000;\"><strong data-start=\"2080\" data-end=\"2119\">\u201eTag der offenen T\u00fcr\u201c am Sonntag, 5. Oktober<\/strong><\/span> beim <span style=\"color: #800000;\"><strong>&#8222;Tag der offenen T\u00fcr<\/strong>&#8222;<\/span> pr\u00e4sentieren zu d\u00fcrfen.<\/p>\n","protected":false},"excerpt":{"rendered":"<p>B\u00fcchereiteam mit B\u00fccher, Brotzeit &amp; Begeisterung beim Kastler B\u00fcrgerfest wieder mit dabei Das Kastler B\u00fcrgerfest war f\u00fcr das Team und auch f\u00fcr die Leserinnen und Leser der Kastler B\u00fccherei ein gro\u00dfer Erfolg. Das Team der Gemeindeb\u00fccherei war mit ihrem bew\u00e4hrten Stand selbstverst\u00e4ndlich wieder mit dabei. Drei Tage lang lockten wir mit einer Mischung aus Lesestoff, &hellip; <\/p>\n<p><a class=\"more-link btn\" href=\"https:\/\/gemeindebuechereikastl.de\/?p=5793\">Weiterlesen<\/a><\/p>\n","protected":false},"author":1,"featured_media":5795,"comment_status":"closed","ping_status":"closed","sticky":false,"template":"","format":"standard","meta":{"footnotes":""},"categories":[1],"tags":[601,60,61],"class_list":["post-5793","post","type-post","status-publish","format-standard","has-post-thumbnail","hentry","category-team","tag-brezenverkauf","tag-buecherflohmarkt","tag-buergerfest","item-wrap"],"_links":{"self":[{"href":"https:\/\/gemeindebuechereikastl.de\/index.php?rest_route=\/wp\/v2\/posts\/5793","targetHints":{"allow":["GET"]}}],"collection":[{"href":"https:\/\/gemeindebuechereikastl.de\/index.php?rest_route=\/wp\/v2\/posts"}],"about":[{"href":"https:\/\/gemeindebuechereikastl.de\/index.php?rest_route=\/wp\/v2\/types\/post"}],"author":[{"embeddable":true,"href":"https:\/\/gemeindebuechereikastl.de\/index.php?rest_route=\/wp\/v2\/users\/1"}],"replies":[{"embeddable":true,"href":"https:\/\/gemeindebuechereikastl.de\/index.php?rest_route=%2Fwp%2Fv2%2Fcomments&post=5793"}],"version-history":[{"count":2,"href":"https:\/\/gemeindebuechereikastl.de\/index.php?rest_route=\/wp\/v2\/posts\/5793\/revisions"}],"predecessor-version":[{"id":5798,"href":"https:\/\/gemeindebuechereikastl.de\/index.php?rest_route=\/wp\/v2\/posts\/5793\/revisions\/5798"}],"wp:featuredmedia":[{"embeddable":true,"href":"https:\/\/gemeindebuechereikastl.de\/index.php?rest_route=\/wp\/v2\/media\/5795"}],"wp:attachment":[{"href":"https:\/\/gemeindebuechereikastl.de\/index.php?rest_route=%2Fwp%2Fv2%2Fmedia&parent=5793"}],"wp:term":[{"taxonomy":"category","embeddable":true,"href":"https:\/\/gemeindebuechereikastl.de\/index.php?rest_route=%2Fwp%2Fv2%2Fcategories&post=5793"},{"taxonomy":"post_tag","embeddable":true,"href":"https:\/\/gemeindebuechereikastl.de\/index.php?rest_route=%2Fwp%2Fv2%2Ftags&post=5793"}],"curies":[{"name":"wp","href":"https:\/\/api.w.org\/{rel}","templated":true}]}}