{"id":5806,"date":"2025-07-21T12:58:27","date_gmt":"2025-07-21T12:58:27","guid":{"rendered":"https:\/\/gemeindebuechereikastl.de\/?p=5806"},"modified":"2025-07-21T13:00:48","modified_gmt":"2025-07-21T13:00:48","slug":"ein-tag-voller-magie-und-abenteuer-kastler-ferienkinder-auf-den-spuren-der-unendlichen-geschichte","status":"publish","type":"post","link":"https:\/\/gemeindebuechereikastl.de\/?p=5806","title":{"rendered":"Ein Tag voller Magie und Abenteuer: Kastler Ferienkinder auf den Spuren der \u201eUnendlichen Geschichte\u201c"},"content":{"rendered":"<h2 style=\"text-align: center;\" data-start=\"216\" data-end=\"282\"><span style=\"color: #ff6600;\"><strong data-start=\"216\" data-end=\"282\">Ein Tag voller Fantasie und Natur \u2013 Ferienfahrt von Gemeindeb\u00fccherei und Kolping zu &#8222;Die unendliche Geschichte&#8220;<\/strong><\/span><\/h2>\n<p style=\"text-align: center;\" data-start=\"284\" data-end=\"562\"><strong>Begeisterte Ferienkinder aus Kastl erlebten gemeinsam mit ihren Eltern, Omas und Opas einen unvergesslichen Tag auf der Luisenburg: Am Vormittag tauchten sie in die magische Welt von <em data-start=\"467\" data-end=\"496\">\u201eDie unendliche Geschichte\u201c<\/em> ein \u2013 ein Abenteuer voller Fantasie, Spannung und gro\u00dfer Gef\u00fchle.<\/strong><\/p>\n<p data-start=\"284\" data-end=\"562\">\n<p data-start=\"564\" data-end=\"1218\"><img loading=\"lazy\" decoding=\"async\" class=\"wp-image-5808 size-large alignnone\" src=\"https:\/\/gemeindebuechereikastl.de\/wp-content\/uploads\/2025\/07\/Unendliche-Geschichte-Fuchur-1603x947.jpg\" alt=\"\" width=\"750\" height=\"443\" srcset=\"https:\/\/gemeindebuechereikastl.de\/wp-content\/uploads\/2025\/07\/Unendliche-Geschichte-Fuchur-1603x947.jpg 1603w, https:\/\/gemeindebuechereikastl.de\/wp-content\/uploads\/2025\/07\/Unendliche-Geschichte-Fuchur-300x177.jpg 300w, https:\/\/gemeindebuechereikastl.de\/wp-content\/uploads\/2025\/07\/Unendliche-Geschichte-Fuchur-768x454.jpg 768w, https:\/\/gemeindebuechereikastl.de\/wp-content\/uploads\/2025\/07\/Unendliche-Geschichte-Fuchur-1536x908.jpg 1536w, https:\/\/gemeindebuechereikastl.de\/wp-content\/uploads\/2025\/07\/Unendliche-Geschichte-Fuchur-2048x1210.jpg 2048w, https:\/\/gemeindebuechereikastl.de\/wp-content\/uploads\/2025\/07\/Unendliche-Geschichte-Fuchur-750x443.jpg 750w\" sizes=\"auto, (max-width: 750px) 100vw, 750px\" \/><\/p>\n<p data-start=\"564\" data-end=\"1218\">Die Inszenierung des Klassikers von Michael Ende auf der Luisenburg-B\u00fchne fesselte Gro\u00df und Klein. Besonders beeindruckte der spektakul\u00e4re Auftritt des Gl\u00fccksdrachen Fuchur, der sich eindrucksvoll aus der Mitte der B\u00fchne erhob. Kein Wunder, dass die Kinder v\u00f6llig aus dem H\u00e4uschen waren!<\/p>\n<p data-start=\"564\" data-end=\"1218\"><img loading=\"lazy\" decoding=\"async\" class=\"aligncenter wp-image-5807 size-large\" src=\"https:\/\/gemeindebuechereikastl.de\/wp-content\/uploads\/2025\/07\/Unendliche-Geschichte-2-1603x885.jpg\" alt=\"\" width=\"750\" height=\"414\" srcset=\"https:\/\/gemeindebuechereikastl.de\/wp-content\/uploads\/2025\/07\/Unendliche-Geschichte-2-1603x885.jpg 1603w, https:\/\/gemeindebuechereikastl.de\/wp-content\/uploads\/2025\/07\/Unendliche-Geschichte-2-300x166.jpg 300w, https:\/\/gemeindebuechereikastl.de\/wp-content\/uploads\/2025\/07\/Unendliche-Geschichte-2-768x424.jpg 768w, https:\/\/gemeindebuechereikastl.de\/wp-content\/uploads\/2025\/07\/Unendliche-Geschichte-2-1536x848.jpg 1536w, https:\/\/gemeindebuechereikastl.de\/wp-content\/uploads\/2025\/07\/Unendliche-Geschichte-2-2048x1131.jpg 2048w, https:\/\/gemeindebuechereikastl.de\/wp-content\/uploads\/2025\/07\/Unendliche-Geschichte-2-750x414.jpg 750w\" sizes=\"auto, (max-width: 750px) 100vw, 750px\" \/>\u201eDas Buch ist das Wichtigste. Ohne Buch ist auf der B\u00fchne gar nichts\u201c \u2013 mit diesen Worten brachte Souffleur Karl Konrad Koreander die Bedeutung der Geschichte auf den Punkt. Die bewegende Handlung rund um Atr\u00e9ju, die Kindliche Kaiserin, das geheimnisvolle <em data-start=\"1110\" data-end=\"1118\">Nichts<\/em> und das Menschenkind Bastian faszinierte auch jene Kinder, die die Geschichte bisher nicht kannten.<\/p>\n<p data-start=\"564\" data-end=\"1218\"><img loading=\"lazy\" decoding=\"async\" class=\"aligncenter wp-image-5809 size-large\" src=\"https:\/\/gemeindebuechereikastl.de\/wp-content\/uploads\/2025\/07\/Unendliche-Geschichte-Teilnehmer-1603x902.jpg\" alt=\"\" width=\"750\" height=\"422\" srcset=\"https:\/\/gemeindebuechereikastl.de\/wp-content\/uploads\/2025\/07\/Unendliche-Geschichte-Teilnehmer-1603x902.jpg 1603w, https:\/\/gemeindebuechereikastl.de\/wp-content\/uploads\/2025\/07\/Unendliche-Geschichte-Teilnehmer-300x169.jpg 300w, https:\/\/gemeindebuechereikastl.de\/wp-content\/uploads\/2025\/07\/Unendliche-Geschichte-Teilnehmer-768x432.jpg 768w, https:\/\/gemeindebuechereikastl.de\/wp-content\/uploads\/2025\/07\/Unendliche-Geschichte-Teilnehmer-1536x865.jpg 1536w, https:\/\/gemeindebuechereikastl.de\/wp-content\/uploads\/2025\/07\/Unendliche-Geschichte-Teilnehmer-2048x1153.jpg 2048w, https:\/\/gemeindebuechereikastl.de\/wp-content\/uploads\/2025\/07\/Unendliche-Geschichte-Teilnehmer-750x422.jpg 750w\" sizes=\"auto, (max-width: 750px) 100vw, 750px\" \/><\/p>\n<p data-start=\"1220\" data-end=\"1685\">Am Nachmittag wartete ein weiteres Highlight: ein Besuch im gr\u00f6\u00dften Felsenlabyrinth Europas. Die imposanten Granitformationen, engen Felsspalten und geheimnisvollen H\u00f6hlen boten eine spektakul\u00e4re Kulisse zum Klettern, Staunen und Entdecken. Die Kinder hatten sichtlich Spa\u00df daran, durch die schmalen Schluchten zu kraxeln und sich in den \u00fcber 300 Millionen Jahre alten Gesteinsformationen zu verlieren. Natur hautnah \u2013 ein echtes Abenteuer mitten im Fichtelgebirge!<\/p>\n<p data-start=\"1687\" data-end=\"1920\">Organisiert wurde dieser gelungene Ferientag wie immer zuverl\u00e4ssig und mit viel Herzblut von B\u00fcchereileiter Georg D\u00fcrr. Ein rundum sch\u00f6ner Ausflug \u2013 mit Theater, Fantasie und Natur \u2013 der allen noch lange in Erinnerung bleiben wird.<\/p>\n","protected":false},"excerpt":{"rendered":"<p>Ein Tag voller Fantasie und Natur \u2013 Ferienfahrt von Gemeindeb\u00fccherei und Kolping zu &#8222;Die unendliche Geschichte&#8220; Begeisterte Ferienkinder aus Kastl erlebten gemeinsam mit ihren Eltern, Omas und Opas einen unvergesslichen Tag auf der Luisenburg: Am Vormittag tauchten sie in die magische Welt von \u201eDie unendliche Geschichte\u201c ein \u2013 ein Abenteuer voller Fantasie, Spannung und gro\u00dfer &hellip; <\/p>\n<p><a class=\"more-link btn\" href=\"https:\/\/gemeindebuechereikastl.de\/?p=5806\">Weiterlesen<\/a><\/p>\n","protected":false},"author":1,"featured_media":5808,"comment_status":"closed","ping_status":"closed","sticky":false,"template":"","format":"standard","meta":{"footnotes":""},"categories":[1],"tags":[683,361,70,247],"class_list":["post-5806","post","type-post","status-publish","format-standard","has-post-thumbnail","hentry","category-team","tag-die-unendliche-geschichte","tag-felsenlabyrinth","tag-luisenburg","tag-luisenburg-festspiele","item-wrap"],"_links":{"self":[{"href":"https:\/\/gemeindebuechereikastl.de\/index.php?rest_route=\/wp\/v2\/posts\/5806","targetHints":{"allow":["GET"]}}],"collection":[{"href":"https:\/\/gemeindebuechereikastl.de\/index.php?rest_route=\/wp\/v2\/posts"}],"about":[{"href":"https:\/\/gemeindebuechereikastl.de\/index.php?rest_route=\/wp\/v2\/types\/post"}],"author":[{"embeddable":true,"href":"https:\/\/gemeindebuechereikastl.de\/index.php?rest_route=\/wp\/v2\/users\/1"}],"replies":[{"embeddable":true,"href":"https:\/\/gemeindebuechereikastl.de\/index.php?rest_route=%2Fwp%2Fv2%2Fcomments&post=5806"}],"version-history":[{"count":3,"href":"https:\/\/gemeindebuechereikastl.de\/index.php?rest_route=\/wp\/v2\/posts\/5806\/revisions"}],"predecessor-version":[{"id":5812,"href":"https:\/\/gemeindebuechereikastl.de\/index.php?rest_route=\/wp\/v2\/posts\/5806\/revisions\/5812"}],"wp:featuredmedia":[{"embeddable":true,"href":"https:\/\/gemeindebuechereikastl.de\/index.php?rest_route=\/wp\/v2\/media\/5808"}],"wp:attachment":[{"href":"https:\/\/gemeindebuechereikastl.de\/index.php?rest_route=%2Fwp%2Fv2%2Fmedia&parent=5806"}],"wp:term":[{"taxonomy":"category","embeddable":true,"href":"https:\/\/gemeindebuechereikastl.de\/index.php?rest_route=%2Fwp%2Fv2%2Fcategories&post=5806"},{"taxonomy":"post_tag","embeddable":true,"href":"https:\/\/gemeindebuechereikastl.de\/index.php?rest_route=%2Fwp%2Fv2%2Ftags&post=5806"}],"curies":[{"name":"wp","href":"https:\/\/api.w.org\/{rel}","templated":true}]}}