{"id":5835,"date":"2025-08-21T14:49:00","date_gmt":"2025-08-21T14:49:00","guid":{"rendered":"https:\/\/gemeindebuechereikastl.de\/?p=5835"},"modified":"2025-08-21T14:50:26","modified_gmt":"2025-08-21T14:50:26","slug":"klima-umwelt-unsere-buchauswahl-zum-top-thema-in-einer-buchausstellung-im-og","status":"publish","type":"post","link":"https:\/\/gemeindebuechereikastl.de\/?p=5835","title":{"rendered":"Klima &#038; Umwelt \u2013 Unsere Buchauswahl zum Top-Thema in einer Buchausstellung im OG"},"content":{"rendered":"<h2 style=\"text-align: center;\" data-start=\"109\" data-end=\"254\"><span style=\"color: #ff6600;\"><strong>\u00a0Natur im Fokus: Klima &amp; Umwelt in der B\u00fccherei &#8211; Buchausstellung mit unseren B\u00fcchern zu diesen Thema<\/strong><\/span><\/h2>\n<p data-start=\"256\" data-end=\"504\"><img loading=\"lazy\" decoding=\"async\" class=\"alignleft wp-image-5836 \" src=\"https:\/\/gemeindebuechereikastl.de\/wp-content\/uploads\/2025\/08\/Klima-Umwelt-949x1206.jpg\" alt=\"\" width=\"426\" height=\"541\" srcset=\"https:\/\/gemeindebuechereikastl.de\/wp-content\/uploads\/2025\/08\/Klima-Umwelt-949x1206.jpg 949w, https:\/\/gemeindebuechereikastl.de\/wp-content\/uploads\/2025\/08\/Klima-Umwelt-236x300.jpg 236w, https:\/\/gemeindebuechereikastl.de\/wp-content\/uploads\/2025\/08\/Klima-Umwelt-768x976.jpg 768w, https:\/\/gemeindebuechereikastl.de\/wp-content\/uploads\/2025\/08\/Klima-Umwelt-1209x1536.jpg 1209w, https:\/\/gemeindebuechereikastl.de\/wp-content\/uploads\/2025\/08\/Klima-Umwelt-1611x2048.jpg 1611w, https:\/\/gemeindebuechereikastl.de\/wp-content\/uploads\/2025\/08\/Klima-Umwelt-750x953.jpg 750w, https:\/\/gemeindebuechereikastl.de\/wp-content\/uploads\/2025\/08\/Klima-Umwelt.jpg 1772w\" sizes=\"auto, (max-width: 426px) 100vw, 426px\" \/>Welche Spuren hinterl\u00e4sst der Klimawandel bereits heute? Wie gelingt es, unseren Alltag nachhaltig zu gestalten? Und welche Wege f\u00fchren zu einem wirksamen Schutz unserer einzigartigen Natur \u2013 damit sie auch in Zukunft ein lebenswerter Ort bleibt?<\/p>\n<p data-start=\"506\" data-end=\"569\">Tauchen Sie ein in eine vielf\u00e4ltige Auswahl aktueller B\u00fccher aus unserm Bestand<br \/>\n* fundierte Sachb\u00fccher mit klaren Fakten und praxisnahen Tipps,<br \/>\n* Romane, die das Thema eindrucksvoll erz\u00e4hlerisch erlebbar machen<br \/>\n* Inspirierende Magazine voller Ideen und Denkanst\u00f6\u00dfe.<\/p>\n<p data-start=\"764\" data-end=\"935\">&#x1f4da; Die Sonderausstellung mit Sachb\u00fccher, Romane und Zeitschriften \u2013 jetzt aktuell in der Gemeindeb\u00fccherei Kastl Sie finden diese im Obergeschoss der B\u00fccherei \u2013 und nat\u00fcrlich warten auch in unseren Regalen viele weitere spannende Titel darauf, entdeckt zu werden.<\/p>\n<p data-start=\"764\" data-end=\"935\"><strong>Kommen Sie einfach vorbei und tauchen Sie ein in spannende Hintergr\u00fcnde und Geschichten zu Klima &amp; Umwelt.\u00a0Weiter B\u00fccher bzw. \u00a0Infos zu diesem Thema, gibt es in unserem\u00a0<a href=\"https:\/\/iopac.gemeindebuechereikastl.de\/\">Online-Katalog<\/a>\u00a0 zu Entdecken.<\/strong><\/p>\n","protected":false},"excerpt":{"rendered":"<p>\u00a0Natur im Fokus: Klima &amp; Umwelt in der B\u00fccherei &#8211; Buchausstellung mit unseren B\u00fcchern zu diesen Thema Welche Spuren hinterl\u00e4sst der Klimawandel bereits heute? Wie gelingt es, unseren Alltag nachhaltig zu gestalten? Und welche Wege f\u00fchren zu einem wirksamen Schutz unserer einzigartigen Natur \u2013 damit sie auch in Zukunft ein lebenswerter Ort bleibt? Tauchen Sie &hellip; <\/p>\n<p><a class=\"more-link btn\" href=\"https:\/\/gemeindebuechereikastl.de\/?p=5835\">Weiterlesen<\/a><\/p>\n","protected":false},"author":1,"featured_media":5836,"comment_status":"closed","ping_status":"closed","sticky":false,"template":"","format":"standard","meta":{"footnotes":""},"categories":[1],"tags":[194,300,691,692],"class_list":["post-5835","post","type-post","status-publish","format-standard","has-post-thumbnail","hentry","category-team","tag-buchausstellung","tag-klima","tag-klimawwandel","tag-umwelt","item-wrap"],"_links":{"self":[{"href":"https:\/\/gemeindebuechereikastl.de\/index.php?rest_route=\/wp\/v2\/posts\/5835","targetHints":{"allow":["GET"]}}],"collection":[{"href":"https:\/\/gemeindebuechereikastl.de\/index.php?rest_route=\/wp\/v2\/posts"}],"about":[{"href":"https:\/\/gemeindebuechereikastl.de\/index.php?rest_route=\/wp\/v2\/types\/post"}],"author":[{"embeddable":true,"href":"https:\/\/gemeindebuechereikastl.de\/index.php?rest_route=\/wp\/v2\/users\/1"}],"replies":[{"embeddable":true,"href":"https:\/\/gemeindebuechereikastl.de\/index.php?rest_route=%2Fwp%2Fv2%2Fcomments&post=5835"}],"version-history":[{"count":4,"href":"https:\/\/gemeindebuechereikastl.de\/index.php?rest_route=\/wp\/v2\/posts\/5835\/revisions"}],"predecessor-version":[{"id":5840,"href":"https:\/\/gemeindebuechereikastl.de\/index.php?rest_route=\/wp\/v2\/posts\/5835\/revisions\/5840"}],"wp:featuredmedia":[{"embeddable":true,"href":"https:\/\/gemeindebuechereikastl.de\/index.php?rest_route=\/wp\/v2\/media\/5836"}],"wp:attachment":[{"href":"https:\/\/gemeindebuechereikastl.de\/index.php?rest_route=%2Fwp%2Fv2%2Fmedia&parent=5835"}],"wp:term":[{"taxonomy":"category","embeddable":true,"href":"https:\/\/gemeindebuechereikastl.de\/index.php?rest_route=%2Fwp%2Fv2%2Fcategories&post=5835"},{"taxonomy":"post_tag","embeddable":true,"href":"https:\/\/gemeindebuechereikastl.de\/index.php?rest_route=%2Fwp%2Fv2%2Ftags&post=5835"}],"curies":[{"name":"wp","href":"https:\/\/api.w.org\/{rel}","templated":true}]}}