{"id":5842,"date":"2025-08-24T07:36:38","date_gmt":"2025-08-24T07:36:38","guid":{"rendered":"https:\/\/gemeindebuechereikastl.de\/?p=5842"},"modified":"2025-08-24T10:31:29","modified_gmt":"2025-08-24T10:31:29","slug":"ein-abend-den-man-nicht-verpassen-darf-pfarrer-rainer-maria-schiessler-in-der-klosterkirche-kastl","status":"publish","type":"post","link":"https:\/\/gemeindebuechereikastl.de\/?p=5842","title":{"rendered":"Ein Abend, den man nicht verpassen darf &#8211; Pfarrer Rainer Maria Schie\u00dfler in der Klosterkirche Kastl"},"content":{"rendered":"<h2 style=\"text-align: center;\"><img loading=\"lazy\" decoding=\"async\" class=\"wp-image-5843 alignleft\" src=\"https:\/\/gemeindebuechereikastl.de\/wp-content\/uploads\/2025\/08\/Schiessler-in-Kastl-741x1206.jpg\" alt=\"\" width=\"371\" height=\"604\" srcset=\"https:\/\/gemeindebuechereikastl.de\/wp-content\/uploads\/2025\/08\/Schiessler-in-Kastl-741x1206.jpg 741w, https:\/\/gemeindebuechereikastl.de\/wp-content\/uploads\/2025\/08\/Schiessler-in-Kastl-184x300.jpg 184w, https:\/\/gemeindebuechereikastl.de\/wp-content\/uploads\/2025\/08\/Schiessler-in-Kastl-768x1250.jpg 768w, https:\/\/gemeindebuechereikastl.de\/wp-content\/uploads\/2025\/08\/Schiessler-in-Kastl-750x1221.jpg 750w, https:\/\/gemeindebuechereikastl.de\/wp-content\/uploads\/2025\/08\/Schiessler-in-Kastl-rotated.jpg 902w\" sizes=\"auto, (max-width: 371px) 100vw, 371px\" \/><\/h2>\n<h2 style=\"text-align: center;\"><span style=\"color: #ff6600;\"><strong>Samstag,<br \/>\n13. September<br \/>\num 18.00 Uhr in der<br \/>\n<\/strong><\/span><span style=\"color: #ff6600;\"><strong>Klosterkirche &#8211;<br \/>\nPfarrer Rainer Maria Schie\u00dfler spricht <\/strong><\/span><span style=\"color: #ff6600;\"><strong>\u00fcber<br \/>\n&#8222;KIRCHE\u00a0 SEIN\u00a0 HEUTE&#8220;<\/strong><\/span><\/h2>\n<p data-start=\"286\" data-end=\"503\">Die Pfarr- und Gemeindeb\u00fccherei Kastl l\u00e4dt zu einem au\u00dfergew\u00f6hnlichen Abend der Inspiration ein. Zu Gast ist <strong data-start=\"395\" data-end=\"429\">Pfarrer Rainer Maria Schie\u00dfler<\/strong>, einer der bekanntesten und authentischsten Kirchenm\u00e4nner Deutschlands.<\/p>\n<p data-start=\"505\" data-end=\"700\">Unter dem Titel <strong data-start=\"521\" data-end=\"544\">\u201eKirche sein heute\u201c<\/strong> spricht Schie\u00dfler leidenschaftlich \u00fcber seine Vision einer Kirche, die <strong data-start=\"616\" data-end=\"661\">offen, menschlich und nah an den Menschen<\/strong> ist. Mit klaren Worten macht er Mut:<\/p>\n<blockquote data-start=\"701\" data-end=\"833\">\n<p data-start=\"703\" data-end=\"833\"><strong>\u201eUnsere Zeit ist hier und jetzt. Wir selbst gestalten die Kirche von morgen \u2013 als Ort des Willkommenseins und der Gemeinschaft.\u201c<br \/>\n<\/strong><\/p>\n<\/blockquote>\n<p data-start=\"835\" data-end=\"1138\">Gerade in einer Zeit, in der viele Menschen nach Orientierung, Tiefe und echter Verbundenheit suchen, trifft dieser Vortrag ins Herz. Der Abend verspricht <strong data-start=\"990\" data-end=\"1043\">Denkanst\u00f6\u00dfe, Hoffnung und lebendige Spiritualit\u00e4t<\/strong> \u2013 und bietet die M\u00f6glichkeit zum Austausch mit Pfarrer Schie\u00dfler.<img loading=\"lazy\" decoding=\"async\" class=\"wp-image-5845 alignright\" src=\"https:\/\/gemeindebuechereikastl.de\/wp-content\/uploads\/2025\/08\/Buecher-von-Schiessler.jpg\" alt=\"\" width=\"365\" height=\"287\" srcset=\"https:\/\/gemeindebuechereikastl.de\/wp-content\/uploads\/2025\/08\/Buecher-von-Schiessler.jpg 1511w, https:\/\/gemeindebuechereikastl.de\/wp-content\/uploads\/2025\/08\/Buecher-von-Schiessler-300x235.jpg 300w, https:\/\/gemeindebuechereikastl.de\/wp-content\/uploads\/2025\/08\/Buecher-von-Schiessler-768x603.jpg 768w, https:\/\/gemeindebuechereikastl.de\/wp-content\/uploads\/2025\/08\/Buecher-von-Schiessler-750x589.jpg 750w\" sizes=\"auto, (max-width: 365px) 100vw, 365px\" \/><\/p>\n<h3 data-start=\"1140\" data-end=\"1167\">Besonderes Highlight:<\/h3>\n<p data-start=\"1168\" data-end=\"1233\">Vor Ort bietet das B\u00fcchereiteam zwei seiner B\u00fccher zum Kauf an, diese wird Pfarrer Schie\u00dfler nach dem Vortrag auch signieren:<\/p>\n<ul data-start=\"1234\" data-end=\"1407\">\n<li data-start=\"1234\" data-end=\"1328\"><b>Hoffnung \u2013 gerade jetzt\u201c: <\/b>135 biblische Schl\u00fcsseltexte, lebensnah und inspirierend interpretiert \u2013 eine kleine \u201espirituelle Hausapotheke\u201c.<\/li>\n<li data-start=\"1234\" data-end=\"1328\"><b>\u201eDie Schie\u00dfler-Bibel \u2013 Kraft f\u00fcr alle Lebenslagen\u201c: <\/b>Bestseller mit frischen Perspektiven auf die Heilige Schrift als Quelle von Trost und Kraft.<\/li>\n<\/ul>\n<h3>Das Wichtigste im \u00dcberblick:<\/h3>\n<p data-start=\"1444\" data-end=\"1651\">&#x1f4cd; <strong data-start=\"1447\" data-end=\"1455\">Ort:<\/strong> Klosterkirche Kastl<br data-start=\"1475\" data-end=\"1478\" \/>&#x1f4c5; <strong data-start=\"1481\" data-end=\"1491\">Datum:<\/strong> Samstag, 13. September<br data-start=\"1514\" data-end=\"1517\" \/>&#x23f0; <strong data-start=\"1519\" data-end=\"1530\">Beginn:<\/strong> 18:00 Uhr<br data-start=\"1540\" data-end=\"1543\" \/>&#x1f39f; <strong data-start=\"1546\" data-end=\"1559\">Eintritt:<\/strong> frei \u00b7 keine Anmeldung \u00b7 freie Platzwahl<br data-start=\"1600\" data-end=\"1603\" \/>&#x1f64f; Spenden zur Deckung der Unkosten willkommen<\/p>\n<p><img loading=\"lazy\" decoding=\"async\" class=\"aligncenter wp-image-5846 \" src=\"https:\/\/gemeindebuechereikastl.de\/wp-content\/uploads\/2025\/08\/Buchausstellung-1603x856.jpg\" alt=\"\" width=\"614\" height=\"328\" srcset=\"https:\/\/gemeindebuechereikastl.de\/wp-content\/uploads\/2025\/08\/Buchausstellung-1603x856.jpg 1603w, https:\/\/gemeindebuechereikastl.de\/wp-content\/uploads\/2025\/08\/Buchausstellung-300x160.jpg 300w, https:\/\/gemeindebuechereikastl.de\/wp-content\/uploads\/2025\/08\/Buchausstellung-768x410.jpg 768w, https:\/\/gemeindebuechereikastl.de\/wp-content\/uploads\/2025\/08\/Buchausstellung-1536x820.jpg 1536w, https:\/\/gemeindebuechereikastl.de\/wp-content\/uploads\/2025\/08\/Buchausstellung-2048x1094.jpg 2048w, https:\/\/gemeindebuechereikastl.de\/wp-content\/uploads\/2025\/08\/Buchausstellung-750x401.jpg 750w\" sizes=\"auto, (max-width: 614px) 100vw, 614px\" \/><br \/>\nIn der B\u00fccherei gibt es Schie\u00dflers B\u00fccher auch zum Ausleihen (Info im <strong>\u00a0<a href=\"https:\/\/iopac.gemeindebuechereikastl.de\/\">Online-Katalog) <\/a> <\/strong>zudem auch digital \u00fcber die Online Leo Nord (<a href=\"https:\/\/leo-nord.onleihe.de\"><strong>https:\/\/leo-nord.onleihe.de<\/strong>)<\/a><\/p>\n<p>&#x1f449; <strong data-start=\"1759\" data-end=\"1873\">Ein Abend zum Innehalten, Nachdenken \u2013 und Mut fassen. Ein Muss f\u00fcr alle, die Kirche heute neu erleben wollen.<\/strong><\/p>\n<p>&nbsp;<\/p>\n","protected":false},"excerpt":{"rendered":"<p>Samstag, 13. September um 18.00 Uhr in der Klosterkirche &#8211; Pfarrer Rainer Maria Schie\u00dfler spricht \u00fcber &#8222;KIRCHE\u00a0 SEIN\u00a0 HEUTE&#8220; Die Pfarr- und Gemeindeb\u00fccherei Kastl l\u00e4dt zu einem au\u00dfergew\u00f6hnlichen Abend der Inspiration ein. Zu Gast ist Pfarrer Rainer Maria Schie\u00dfler, einer der bekanntesten und authentischsten Kirchenm\u00e4nner Deutschlands. Unter dem Titel \u201eKirche sein heute\u201c spricht Schie\u00dfler leidenschaftlich &hellip; <\/p>\n<p><a class=\"more-link btn\" href=\"https:\/\/gemeindebuechereikastl.de\/?p=5842\">Weiterlesen<\/a><\/p>\n","protected":false},"author":1,"featured_media":5849,"comment_status":"closed","ping_status":"closed","sticky":false,"template":"","format":"standard","meta":{"footnotes":""},"categories":[1],"tags":[697,696,694,695,693],"class_list":["post-5842","post","type-post","status-publish","format-standard","has-post-thumbnail","hentry","category-team","tag-klosterkirche","tag-klosterkirche-kastl","tag-pfarrer-rainer-maria-schiessler","tag-pfarrer-schiessler","tag-vortrag","item-wrap"],"_links":{"self":[{"href":"https:\/\/gemeindebuechereikastl.de\/index.php?rest_route=\/wp\/v2\/posts\/5842","targetHints":{"allow":["GET"]}}],"collection":[{"href":"https:\/\/gemeindebuechereikastl.de\/index.php?rest_route=\/wp\/v2\/posts"}],"about":[{"href":"https:\/\/gemeindebuechereikastl.de\/index.php?rest_route=\/wp\/v2\/types\/post"}],"author":[{"embeddable":true,"href":"https:\/\/gemeindebuechereikastl.de\/index.php?rest_route=\/wp\/v2\/users\/1"}],"replies":[{"embeddable":true,"href":"https:\/\/gemeindebuechereikastl.de\/index.php?rest_route=%2Fwp%2Fv2%2Fcomments&post=5842"}],"version-history":[{"count":7,"href":"https:\/\/gemeindebuechereikastl.de\/index.php?rest_route=\/wp\/v2\/posts\/5842\/revisions"}],"predecessor-version":[{"id":5855,"href":"https:\/\/gemeindebuechereikastl.de\/index.php?rest_route=\/wp\/v2\/posts\/5842\/revisions\/5855"}],"wp:featuredmedia":[{"embeddable":true,"href":"https:\/\/gemeindebuechereikastl.de\/index.php?rest_route=\/wp\/v2\/media\/5849"}],"wp:attachment":[{"href":"https:\/\/gemeindebuechereikastl.de\/index.php?rest_route=%2Fwp%2Fv2%2Fmedia&parent=5842"}],"wp:term":[{"taxonomy":"category","embeddable":true,"href":"https:\/\/gemeindebuechereikastl.de\/index.php?rest_route=%2Fwp%2Fv2%2Fcategories&post=5842"},{"taxonomy":"post_tag","embeddable":true,"href":"https:\/\/gemeindebuechereikastl.de\/index.php?rest_route=%2Fwp%2Fv2%2Ftags&post=5842"}],"curies":[{"name":"wp","href":"https:\/\/api.w.org\/{rel}","templated":true}]}}