{"id":588,"date":"2018-07-08T11:50:00","date_gmt":"2018-07-08T11:50:00","guid":{"rendered":"http:\/\/gemeindebuechereikastl.de\/?p=588"},"modified":"2018-07-14T13:13:56","modified_gmt":"2018-07-14T13:13:56","slug":"buecherflohmarkt-am-buergerfest","status":"publish","type":"post","link":"https:\/\/gemeindebuechereikastl.de\/?p=588","title":{"rendered":"B\u00fccherflohmarkt am Kastler B\u00fcrgerfest"},"content":{"rendered":"<h2 style=\"text-align: center;\"><span style=\"color: #ff9900;\"><strong>Freitag, 20. bis Sonntag,\u00a022. Juli &#8211; B\u00fccherflohmarkt des B\u00fcchereiteams am Kastler B\u00fcrgerfest<\/strong><\/span><\/h2>\n<p><img loading=\"lazy\" decoding=\"async\" class=\"alignnone wp-image-590\" src=\"https:\/\/gemeindebuechereikastl.de\/wp-content\/uploads\/2018\/07\/B\u00fcrgerfest-1024x682.jpg\" alt=\"\" width=\"698\" height=\"465\" srcset=\"https:\/\/gemeindebuechereikastl.de\/wp-content\/uploads\/2018\/07\/B\u00fcrgerfest-1024x682.jpg 1024w, https:\/\/gemeindebuechereikastl.de\/wp-content\/uploads\/2018\/07\/B\u00fcrgerfest-300x200.jpg 300w, https:\/\/gemeindebuechereikastl.de\/wp-content\/uploads\/2018\/07\/B\u00fcrgerfest-768x511.jpg 768w\" sizes=\"auto, (max-width: 698px) 100vw, 698px\" \/><\/p>\n<p style=\"text-align: left;\">Wie alle Jahre ist das B\u00fcchereiteam\u00a0auch in diesem Jahr wieder am B\u00fcrgerfest mit einem Stand vertreten. Den Stand der Gemeindeb\u00fccherei mit den B\u00fcchern befindet sich vor der Raiffeisenbank\/Sparkasse. Die Hauptattraktion ist wieder die &#8222;Schn\u00e4ppchenjagd&#8220; nach tollen gut erhaltenen B\u00fcchern. Das Team der B\u00fccherei bietet diese B\u00fccher zu einem Schn\u00e4ppchenpreis von 1,00 Euro PRO Buch an\u00a0allen drei Tages des B\u00fcrgerfestes an.<br \/>\n<img loading=\"lazy\" decoding=\"async\" class=\"wp-image-589 alignleft\" src=\"https:\/\/gemeindebuechereikastl.de\/wp-content\/uploads\/2018\/07\/buergerfest-2018.jpg\" alt=\"\" width=\"498\" height=\"249\" srcset=\"https:\/\/gemeindebuechereikastl.de\/wp-content\/uploads\/2018\/07\/buergerfest-2018.jpg 819w, https:\/\/gemeindebuechereikastl.de\/wp-content\/uploads\/2018\/07\/buergerfest-2018-300x150.jpg 300w, https:\/\/gemeindebuechereikastl.de\/wp-content\/uploads\/2018\/07\/buergerfest-2018-768x384.jpg 768w\" sizes=\"auto, (max-width: 498px) 100vw, 498px\" \/><br \/>\nNeben den B\u00fccher Schn\u00e4ppchen verkauft das B\u00fcchereiteam w\u00e4hrend des gesamten B\u00fcrgerfestes von Freitag bis Sonntag auch wieder diverse Backwaren. Neben den Backwaren gibt es auch wieder einen selbstgemachten Obatz\u00b4n und Schnittlauchbrote zu erwerben.<\/p>\n<h4 style=\"text-align: center;\"><strong>Der Erl\u00f6s aus den beiden Aktionen (B\u00fccherflohmarkt und Essensverkauf) wird f\u00fcr<br \/>\nden Erwerb von neuen B\u00fcchern und weiteren Medien verwendet<\/strong>.<\/h4>\n","protected":false},"excerpt":{"rendered":"<p>Freitag, 20. bis Sonntag,\u00a022. Juli &#8211; B\u00fccherflohmarkt des B\u00fcchereiteams am Kastler B\u00fcrgerfest Wie alle Jahre ist das B\u00fcchereiteam\u00a0auch in diesem Jahr wieder am B\u00fcrgerfest mit einem Stand vertreten. Den Stand der Gemeindeb\u00fccherei mit den B\u00fcchern befindet sich vor der Raiffeisenbank\/Sparkasse. Die Hauptattraktion ist wieder die &#8222;Schn\u00e4ppchenjagd&#8220; nach tollen gut erhaltenen B\u00fcchern. Das Team der B\u00fccherei &hellip; <\/p>\n<p><a class=\"more-link btn\" href=\"https:\/\/gemeindebuechereikastl.de\/?p=588\">Weiterlesen<\/a><\/p>\n","protected":false},"author":1,"featured_media":590,"comment_status":"closed","ping_status":"closed","sticky":false,"template":"","format":"standard","meta":{"footnotes":""},"categories":[5],"tags":[58,63,60,61,59,62],"class_list":["post-588","post","type-post","status-publish","format-standard","has-post-thumbnail","hentry","category-news","tag-buecher","tag-buechereistand","tag-buecherflohmarkt","tag-buergerfest","tag-flohmarkt","tag-stand","item-wrap"],"_links":{"self":[{"href":"https:\/\/gemeindebuechereikastl.de\/index.php?rest_route=\/wp\/v2\/posts\/588","targetHints":{"allow":["GET"]}}],"collection":[{"href":"https:\/\/gemeindebuechereikastl.de\/index.php?rest_route=\/wp\/v2\/posts"}],"about":[{"href":"https:\/\/gemeindebuechereikastl.de\/index.php?rest_route=\/wp\/v2\/types\/post"}],"author":[{"embeddable":true,"href":"https:\/\/gemeindebuechereikastl.de\/index.php?rest_route=\/wp\/v2\/users\/1"}],"replies":[{"embeddable":true,"href":"https:\/\/gemeindebuechereikastl.de\/index.php?rest_route=%2Fwp%2Fv2%2Fcomments&post=588"}],"version-history":[{"count":7,"href":"https:\/\/gemeindebuechereikastl.de\/index.php?rest_route=\/wp\/v2\/posts\/588\/revisions"}],"predecessor-version":[{"id":600,"href":"https:\/\/gemeindebuechereikastl.de\/index.php?rest_route=\/wp\/v2\/posts\/588\/revisions\/600"}],"wp:featuredmedia":[{"embeddable":true,"href":"https:\/\/gemeindebuechereikastl.de\/index.php?rest_route=\/wp\/v2\/media\/590"}],"wp:attachment":[{"href":"https:\/\/gemeindebuechereikastl.de\/index.php?rest_route=%2Fwp%2Fv2%2Fmedia&parent=588"}],"wp:term":[{"taxonomy":"category","embeddable":true,"href":"https:\/\/gemeindebuechereikastl.de\/index.php?rest_route=%2Fwp%2Fv2%2Fcategories&post=588"},{"taxonomy":"post_tag","embeddable":true,"href":"https:\/\/gemeindebuechereikastl.de\/index.php?rest_route=%2Fwp%2Fv2%2Ftags&post=588"}],"curies":[{"name":"wp","href":"https:\/\/api.w.org\/{rel}","templated":true}]}}