{"id":5897,"date":"2025-09-23T14:30:15","date_gmt":"2025-09-23T14:30:15","guid":{"rendered":"https:\/\/gemeindebuechereikastl.de\/?p=5897"},"modified":"2025-09-23T14:46:29","modified_gmt":"2025-09-23T14:46:29","slug":"zauberhafte-entdeckungsreise-ein-termin-den-sie-nicht-verpassen-duerfen","status":"publish","type":"post","link":"https:\/\/gemeindebuechereikastl.de\/?p=5897","title":{"rendered":"Zauberhafte Entdeckungsreise \u2013 Ein Termin, den Sie nicht verpassen d\u00fcrfen!"},"content":{"rendered":"<h2 style=\"text-align: center;\"><span style=\"color: #ff6600;\"><strong data-start=\"216\" data-end=\"269\"><img loading=\"lazy\" decoding=\"async\" class=\"wp-image-4325 alignleft\" src=\"https:\/\/gemeindebuechereikastl.de\/wp-content\/uploads\/2023\/10\/tag-der-offenen-tuer-300x186.jpg\" alt=\"\" width=\"276\" height=\"171\" srcset=\"https:\/\/gemeindebuechereikastl.de\/wp-content\/uploads\/2023\/10\/tag-der-offenen-tuer-300x186.jpg 300w, https:\/\/gemeindebuechereikastl.de\/wp-content\/uploads\/2023\/10\/tag-der-offenen-tuer-1603x996.jpg 1603w, https:\/\/gemeindebuechereikastl.de\/wp-content\/uploads\/2023\/10\/tag-der-offenen-tuer-768x477.jpg 768w, https:\/\/gemeindebuechereikastl.de\/wp-content\/uploads\/2023\/10\/tag-der-offenen-tuer-1536x955.jpg 1536w, https:\/\/gemeindebuechereikastl.de\/wp-content\/uploads\/2023\/10\/tag-der-offenen-tuer-2048x1273.jpg 2048w, https:\/\/gemeindebuechereikastl.de\/wp-content\/uploads\/2023\/10\/tag-der-offenen-tuer-750x466.jpg 750w\" sizes=\"auto, (max-width: 276px) 100vw, 276px\" \/><\/strong><\/span><\/h2>\n<h2 style=\"text-align: center;\"><span style=\"color: #ff6600;\"><strong data-start=\"216\" data-end=\"269\">&#8222;Tag der offenen T\u00fcr&#8220;\u00a0<\/strong><\/span><span style=\"color: #ff6600;\"><strong data-start=\"216\" data-end=\"269\">a<\/strong><\/span><span style=\"color: #ff6600;\"><strong data-start=\"216\" data-end=\"269\">m <\/strong><strong data-start=\"272\" data-end=\"312\">Sonntag, 5. Oktober, von\u00a0<\/strong><\/span><span style=\"color: #ff6600;\"><strong data-start=\"272\" data-end=\"312\">13:00\u201317:00 Uhr <\/strong><\/span><span style=\"color: #ff6600;\"><strong data-start=\"216\" data-end=\"269\">in der Kastler B\u00fccherei\u00a0 &#8211; <\/strong><\/span><span style=\"color: #ff6600;\"><strong data-start=\"216\" data-end=\"269\">mit einem Bilderbuchkino und der\u00a0<\/strong><\/span><span style=\"color: #ff6600;\"><strong data-start=\"216\" data-end=\"269\">Hexe &#8222;Rumpumpel&#8220;<\/strong><\/span><\/h2>\n<h3 style=\"text-align: center;\"><span style=\"color: #ff6600;\">(Die regul\u00e4re Sonntags\u00f6ffnung am Vormittag entf\u00e4llt)<\/span><\/h3>\n<h4>Unter dem Motto \u201eLesen, Staunen, Entdecken!\u201c\u00a0 verwandelt sich die B\u00fccherei an diesem Sonntag in ein\u00a0Paradies f\u00fcr B\u00fccherfreunde, Familien und Neugierige.<\/h4>\n<h4><span style=\"color: #ff6600;\"><img loading=\"lazy\" decoding=\"async\" class=\"wp-image-5898 alignright\" src=\"https:\/\/gemeindebuechereikastl.de\/wp-content\/uploads\/2025\/09\/Tag-der-offenen-Tuer-2025.jpg\" alt=\"\" width=\"279\" height=\"390\" srcset=\"https:\/\/gemeindebuechereikastl.de\/wp-content\/uploads\/2025\/09\/Tag-der-offenen-Tuer-2025.jpg 497w, https:\/\/gemeindebuechereikastl.de\/wp-content\/uploads\/2025\/09\/Tag-der-offenen-Tuer-2025-214x300.jpg 214w\" sizes=\"auto, (max-width: 279px) 100vw, 279px\" \/><\/span><\/h4>\n<p>Mehr als <strong data-start=\"520\" data-end=\"555\">300 brandneue B\u00fccher und Medien<\/strong> im Wert von rund 5.000 Euro warten darauf, zum ersten Mal entdeckt zu werden \u2013 von packenden Bestsellern, spannende Romane \u2013\u00a0mitrei\u00dfende \u201eNew Adult\u201c- und \u201eYoung Adult\u201c-Titel f\u00fcr alle Junggebliebenen, liebevoll gestaltete und lesenswerte\u00a0Kinderb\u00fccher mit vielen Fortsetzungen beliebter Reihen, inspirierende Sachliteratur f\u00fcr Erwachsene und Kinder, abwechslungsreiche Spiele oder die beliebten Tonie-Figuren und die Mangas die stetig mehr werden \u2013 das Angebot ist\u00a0so bunt und vielf\u00e4ltig wie die Leserschaft selbst.<\/p>\n<h3><strong>\u00a0Highlights des Tages<\/strong><\/h3>\n<ul data-start=\"806\" data-end=\"1224\">\n<li data-start=\"806\" data-end=\"887\">\n<p data-start=\"808\" data-end=\"887\"><strong data-start=\"808\" data-end=\"831\">Exklusive Premieren<\/strong>: Schm\u00f6kern Sie als Erste*r in allen Neuerscheinungen.<\/p>\n<\/li>\n<li data-start=\"1060\" data-end=\"1224\">\n<p data-start=\"1062\" data-end=\"1224\"><strong data-start=\"1062\" data-end=\"1078\">Genuss-Pause<\/strong>: Frisch gebr\u00fchter Kaffee und hausgemachter Kuchen vom B\u00fccherei-Team \u2013 bei Sonnenschein auch drau\u00dfen in der\u00a0<img loading=\"lazy\" decoding=\"async\" class=\"wp-image-5899 alignleft\" src=\"https:\/\/gemeindebuechereikastl.de\/wp-content\/uploads\/2025\/09\/kleine-wir.jpg\" alt=\"\" width=\"186\" height=\"188\" srcset=\"https:\/\/gemeindebuechereikastl.de\/wp-content\/uploads\/2025\/09\/kleine-wir.jpg 340w, https:\/\/gemeindebuechereikastl.de\/wp-content\/uploads\/2025\/09\/kleine-wir-297x300.jpg 297w\" sizes=\"auto, (max-width: 186px) 100vw, 186px\" \/>gem\u00fctlichen Caf\u00e9-Ecke am Marktplatz.<\/p>\n<\/li>\n<li><strong data-start=\"890\" data-end=\"921\">Kinderprogramm ab 15:00 Uhr<\/strong>: Die lustige Hexe <em data-start=\"940\" data-end=\"951\">Rumpumpel<\/em> und ein Bilderbuchkino mit dem \u201e<strong>kleinen WIR<\/strong>\u201c im Obergeschoss der B\u00fccherei sorgen f\u00fcr strahlende Kinderaugen und herzerw\u00e4rmende Momente.<\/li>\n<\/ul>\n<h3 data-start=\"1226\" data-end=\"1242\">Extra-Tipp<\/h3>\n<p data-start=\"1243\" data-end=\"1420\">Wer es kaum erwarten kann und schon jetzt neugierig ist, welche neuen B\u00fccher und Medien in die Regale einziehen werden, kann vorab einen Blick in unseren\u00a0<strong data-start=\"1323\" data-end=\"1392\"><a class=\"decorated-link\" href=\"https:\/\/iopac.gemeindebuechereikastl.de\/iopac\/\" target=\"_new\" rel=\"noopener\" data-start=\"1325\" data-end=\"1390\">Online-Katalog <\/a><\/strong>unter<span style=\"color: #ff6600;\">\u00a0<strong>&#8222;Neue Titel&#8220;<\/strong><\/span> \u00a0werfen, hier\u00a0 finden Sie bereits vor dem Tag der offenen T\u00fcr alle aktuellen Neuzug\u00e4nge.<\/p>\n<p data-start=\"1243\" data-end=\"1420\"><strong data-start=\"1427\" data-end=\"1575\">Markieren Sie sich den 5. Oktober fett im Kalender \u2013 dieser Nachmittag steckt voller \u00dcberraschungen, Magie und Lesefreude f\u00fcr die ganze Familie!<\/strong><\/p>\n<p>Das B\u00fcchereiteam freut sich auf Ihr Kommen!<\/p>\n","protected":false},"excerpt":{"rendered":"<p>&#8222;Tag der offenen T\u00fcr&#8220;\u00a0am Sonntag, 5. Oktober, von\u00a013:00\u201317:00 Uhr in der Kastler B\u00fccherei\u00a0 &#8211; mit einem Bilderbuchkino und der\u00a0Hexe &#8222;Rumpumpel&#8220; (Die regul\u00e4re Sonntags\u00f6ffnung am Vormittag entf\u00e4llt) Unter dem Motto \u201eLesen, Staunen, Entdecken!\u201c\u00a0 verwandelt sich die B\u00fccherei an diesem Sonntag in ein\u00a0Paradies f\u00fcr B\u00fccherfreunde, Familien und Neugierige. Mehr als 300 brandneue B\u00fccher und Medien im Wert &hellip; <\/p>\n<p><a class=\"more-link btn\" href=\"https:\/\/gemeindebuechereikastl.de\/?p=5897\">Weiterlesen<\/a><\/p>\n","protected":false},"author":1,"featured_media":4325,"comment_status":"closed","ping_status":"closed","sticky":false,"template":"","format":"standard","meta":{"footnotes":""},"categories":[1],"tags":[85,86,703],"class_list":["post-5897","post","type-post","status-publish","format-standard","has-post-thumbnail","hentry","category-team","tag-neue-buecher","tag-neue-medien","tag-tag-der-offenen","item-wrap"],"_links":{"self":[{"href":"https:\/\/gemeindebuechereikastl.de\/index.php?rest_route=\/wp\/v2\/posts\/5897","targetHints":{"allow":["GET"]}}],"collection":[{"href":"https:\/\/gemeindebuechereikastl.de\/index.php?rest_route=\/wp\/v2\/posts"}],"about":[{"href":"https:\/\/gemeindebuechereikastl.de\/index.php?rest_route=\/wp\/v2\/types\/post"}],"author":[{"embeddable":true,"href":"https:\/\/gemeindebuechereikastl.de\/index.php?rest_route=\/wp\/v2\/users\/1"}],"replies":[{"embeddable":true,"href":"https:\/\/gemeindebuechereikastl.de\/index.php?rest_route=%2Fwp%2Fv2%2Fcomments&post=5897"}],"version-history":[{"count":6,"href":"https:\/\/gemeindebuechereikastl.de\/index.php?rest_route=\/wp\/v2\/posts\/5897\/revisions"}],"predecessor-version":[{"id":5905,"href":"https:\/\/gemeindebuechereikastl.de\/index.php?rest_route=\/wp\/v2\/posts\/5897\/revisions\/5905"}],"wp:featuredmedia":[{"embeddable":true,"href":"https:\/\/gemeindebuechereikastl.de\/index.php?rest_route=\/wp\/v2\/media\/4325"}],"wp:attachment":[{"href":"https:\/\/gemeindebuechereikastl.de\/index.php?rest_route=%2Fwp%2Fv2%2Fmedia&parent=5897"}],"wp:term":[{"taxonomy":"category","embeddable":true,"href":"https:\/\/gemeindebuechereikastl.de\/index.php?rest_route=%2Fwp%2Fv2%2Fcategories&post=5897"},{"taxonomy":"post_tag","embeddable":true,"href":"https:\/\/gemeindebuechereikastl.de\/index.php?rest_route=%2Fwp%2Fv2%2Ftags&post=5897"}],"curies":[{"name":"wp","href":"https:\/\/api.w.org\/{rel}","templated":true}]}}