{"id":5906,"date":"2025-09-24T09:52:45","date_gmt":"2025-09-24T09:52:45","guid":{"rendered":"https:\/\/gemeindebuechereikastl.de\/?p=5906"},"modified":"2025-09-24T12:30:17","modified_gmt":"2025-09-24T12:30:17","slug":"sammelbestellung-fuer-schiesslers-neues-buch-liebe-notwendiger-den-je-in-der-buecherei","status":"publish","type":"post","link":"https:\/\/gemeindebuechereikastl.de\/?p=5906","title":{"rendered":"Sammelbestellung f\u00fcr Schie\u00dflers neues Buch &#8222;Liebe &#8211; notwendiger den je!&#8220; in der B\u00fccherei"},"content":{"rendered":"<h2 style=\"text-align: center;\"><span style=\"color: #ff6600;\"><strong>\u201eLiebe \u2013 notwendiger denn je! Pulsschlag f\u00fcr alle Lebenslagen\u201c erscheint am 15. Oktober &#8211; Vorbestellung in der Gemeideb\u00fccherei m\u00f6glich<\/strong><\/span><\/h2>\n<p><img loading=\"lazy\" decoding=\"async\" class=\"wp-image-5873 alignleft\" src=\"https:\/\/gemeindebuechereikastl.de\/wp-content\/uploads\/2025\/09\/Liebe-notwendiger.jpg\" alt=\"\" width=\"412\" height=\"654\" srcset=\"https:\/\/gemeindebuechereikastl.de\/wp-content\/uploads\/2025\/09\/Liebe-notwendiger.jpg 630w, https:\/\/gemeindebuechereikastl.de\/wp-content\/uploads\/2025\/09\/Liebe-notwendiger-189x300.jpg 189w\" sizes=\"auto, (max-width: 412px) 100vw, 412px\" \/><\/p>\n<h2 data-start=\"118\" data-end=\"187\">Sammelbestellung f\u00fcr Schie\u00dflers neues Buch<\/h2>\n<p data-start=\"189\" data-end=\"429\">Nach dem begeisternden Abend mit Pfarrer und Bestsellerautor <strong data-start=\"250\" data-end=\"276\">Rainer Maria Schie\u00dfler<\/strong> in der Kastler Klosterkirche gibt es nun eine besondere Aktion:<br data-start=\"340\" data-end=\"343\" \/>Die Gemeindeb\u00fccherei Kastl organisiert eine <strong data-start=\"387\" data-end=\"407\">Sammelbestellung<\/strong> f\u00fcr sein neues Werk<\/p>\n<p data-start=\"431\" data-end=\"534\"><strong data-start=\"431\" data-end=\"497\">\u201eLiebe \u2013 notwendiger denn je! Pulsschlag f\u00fcr alle Lebenslagen\u201c<\/strong><br data-start=\"497\" data-end=\"500\" \/>(Erscheinungstermin: 15. Oktober).<\/p>\n<h3 data-start=\"536\" data-end=\"570\">So funktioniert die Bestellung<\/h3>\n<ul data-start=\"571\" data-end=\"761\">\n<li data-start=\"571\" data-end=\"646\">\n<p data-start=\"573\" data-end=\"646\"><strong data-start=\"573\" data-end=\"591\">Eintragen bis:<\/strong> <strong data-start=\"592\" data-end=\"607\">12. Oktober<\/strong> direkt in der Gemeindeb\u00fccherei Kastl<\/p>\n<\/li>\n<li data-start=\"647\" data-end=\"695\">\n<p data-start=\"649\" data-end=\"695\"><strong data-start=\"649\" data-end=\"659\">Preis:<\/strong> <strong>24 \u20ac<\/strong> (regul\u00e4rer Buchhandelspreis)<\/p>\n<\/li>\n<li data-start=\"696\" data-end=\"761\">\n<p data-start=\"698\" data-end=\"761\"><strong data-start=\"698\" data-end=\"714\">Abholung ab:<\/strong> <strong data-start=\"715\" data-end=\"730\">19. Oktober<\/strong> zu den \u00fcblichen \u00d6ffnungszeiten<\/p>\n<\/li>\n<\/ul>\n<h3 data-start=\"763\" data-end=\"788\">Worum geht\u2019s im Buch?<\/h3>\n<p data-start=\"789\" data-end=\"1125\">Schie\u00dfler widmet sich der gr\u00f6\u00dften Kraft des Lebens \u2013 der <strong data-start=\"846\" data-end=\"855\">Liebe<\/strong>. Ausgehend von den Worten des Apostels Paulus \u201eF\u00fcr jetzt bleiben Glaube, Hoffnung, Liebe, diese drei; aber am gr\u00f6\u00dften unter ihnen ist die Liebe\u201c zeigt er, warum Liebe heute wichtiger ist denn je. Mit seiner lebendigen, unkonventionellen Art beantwortet er Fragen wie:<\/p>\n<ul data-start=\"1127\" data-end=\"1270\">\n<li data-start=\"1127\" data-end=\"1179\">\n<p data-start=\"1129\" data-end=\"1179\">Warum ist Liebe gr\u00f6\u00dfer als Glaube oder Hoffnung?<\/p>\n<\/li>\n<li data-start=\"1180\" data-end=\"1236\">\n<p data-start=\"1182\" data-end=\"1236\">Was tun wir alles aus Liebe \u2013 und kennt sie Grenzen?<\/p>\n<\/li>\n<li data-start=\"1237\" data-end=\"1270\">\n<p data-start=\"1239\" data-end=\"1270\">Wie gelingt sogar Feindesliebe?<\/p>\n<\/li>\n<\/ul>\n<p data-start=\"1272\" data-end=\"1374\">Das Buch l\u00e4dt zu einer inspirierenden biblischen Spurensuche ein \u2013 ein Mutmacher f\u00fcr alle Lebenslagen.<\/p>\n<p><strong data-start=\"1381\" data-end=\"1438\">Jetzt vormerken und Teil der Sammelbestellung werden!<br \/>\n<\/strong>Das Team der Gemeindeb\u00fccherei Kastl freut sich auf viele Bestellungen und ein Wiedersehen mit allen, die Schie\u00dflers Botschaft begeistert hat.<\/p>\n","protected":false},"excerpt":{"rendered":"<p>\u201eLiebe \u2013 notwendiger denn je! Pulsschlag f\u00fcr alle Lebenslagen\u201c erscheint am 15. Oktober &#8211; Vorbestellung in der Gemeideb\u00fccherei m\u00f6glich Sammelbestellung f\u00fcr Schie\u00dflers neues Buch Nach dem begeisternden Abend mit Pfarrer und Bestsellerautor Rainer Maria Schie\u00dfler in der Kastler Klosterkirche gibt es nun eine besondere Aktion:Die Gemeindeb\u00fccherei Kastl organisiert eine Sammelbestellung f\u00fcr sein neues Werk \u201eLiebe &hellip; <\/p>\n<p><a class=\"more-link btn\" href=\"https:\/\/gemeindebuechereikastl.de\/?p=5906\">Weiterlesen<\/a><\/p>\n","protected":false},"author":1,"featured_media":5911,"comment_status":"closed","ping_status":"closed","sticky":false,"template":"","format":"standard","meta":{"footnotes":""},"categories":[1],"tags":[704,705,694,695,706],"class_list":["post-5906","post","type-post","status-publish","format-standard","has-post-thumbnail","hentry","category-team","tag-buchbestellung","tag-liebe-notwendiger-denn-je","tag-pfarrer-rainer-maria-schiessler","tag-pfarrer-schiessler","tag-sammelbstellung","item-wrap"],"_links":{"self":[{"href":"https:\/\/gemeindebuechereikastl.de\/index.php?rest_route=\/wp\/v2\/posts\/5906","targetHints":{"allow":["GET"]}}],"collection":[{"href":"https:\/\/gemeindebuechereikastl.de\/index.php?rest_route=\/wp\/v2\/posts"}],"about":[{"href":"https:\/\/gemeindebuechereikastl.de\/index.php?rest_route=\/wp\/v2\/types\/post"}],"author":[{"embeddable":true,"href":"https:\/\/gemeindebuechereikastl.de\/index.php?rest_route=\/wp\/v2\/users\/1"}],"replies":[{"embeddable":true,"href":"https:\/\/gemeindebuechereikastl.de\/index.php?rest_route=%2Fwp%2Fv2%2Fcomments&post=5906"}],"version-history":[{"count":3,"href":"https:\/\/gemeindebuechereikastl.de\/index.php?rest_route=\/wp\/v2\/posts\/5906\/revisions"}],"predecessor-version":[{"id":5909,"href":"https:\/\/gemeindebuechereikastl.de\/index.php?rest_route=\/wp\/v2\/posts\/5906\/revisions\/5909"}],"wp:featuredmedia":[{"embeddable":true,"href":"https:\/\/gemeindebuechereikastl.de\/index.php?rest_route=\/wp\/v2\/media\/5911"}],"wp:attachment":[{"href":"https:\/\/gemeindebuechereikastl.de\/index.php?rest_route=%2Fwp%2Fv2%2Fmedia&parent=5906"}],"wp:term":[{"taxonomy":"category","embeddable":true,"href":"https:\/\/gemeindebuechereikastl.de\/index.php?rest_route=%2Fwp%2Fv2%2Fcategories&post=5906"},{"taxonomy":"post_tag","embeddable":true,"href":"https:\/\/gemeindebuechereikastl.de\/index.php?rest_route=%2Fwp%2Fv2%2Ftags&post=5906"}],"curies":[{"name":"wp","href":"https:\/\/api.w.org\/{rel}","templated":true}]}}