{"id":5940,"date":"2025-10-06T14:06:35","date_gmt":"2025-10-06T14:06:35","guid":{"rendered":"https:\/\/gemeindebuechereikastl.de\/?p=5940"},"modified":"2025-10-06T14:08:49","modified_gmt":"2025-10-06T14:08:49","slug":"zauberhafte-entdeckungsreise-in-der-kastler-buecherei-mit-vielen-neuen-und-aktuellen-buechern-beim-tag-der-offenen-tuer","status":"publish","type":"post","link":"https:\/\/gemeindebuechereikastl.de\/?p=5940","title":{"rendered":"Zauberhafte Entdeckungsreise in der Kastler B\u00fccherei mit vielen neuen und aktuellen B\u00fcchern beim Tag der offenen T\u00fcr"},"content":{"rendered":"<h2 style=\"text-align: center;\"><span style=\"color: #ff6600;\"><strong>Vielen Besucher haben in den neuen und aktuellen B\u00fcchern und Medien beim Tag der offenen T\u00fcr gest\u00f6bert<\/strong><\/span><\/h2>\n<p style=\"text-align: center;\"><strong>Die Gemeindeb\u00fccherei Kastl \u00f6ffnete beim Tag der offenen T\u00fcr weit ihre T\u00fcren und lud zu einer zauberhaften Entdeckungsreise in die Welt der B\u00fccher ein. Unter dem Motto <em>\u201eLesen, Staunen, Entdecken!\u201c<\/em> folgten zahlreiche Besucherinnen und Besucher der Einladung des engagierten B\u00fcchereiteams \u2013 und wurden reichlich belohnt.<\/strong><\/p>\n<p><img loading=\"lazy\" decoding=\"async\" class=\"aligncenter wp-image-5936 size-large\" src=\"https:\/\/gemeindebuechereikastl.de\/wp-content\/uploads\/2025\/10\/Besucher-1603x902.jpg\" alt=\"\" width=\"750\" height=\"422\" srcset=\"https:\/\/gemeindebuechereikastl.de\/wp-content\/uploads\/2025\/10\/Besucher-1603x902.jpg 1603w, https:\/\/gemeindebuechereikastl.de\/wp-content\/uploads\/2025\/10\/Besucher-300x169.jpg 300w, https:\/\/gemeindebuechereikastl.de\/wp-content\/uploads\/2025\/10\/Besucher-768x432.jpg 768w, https:\/\/gemeindebuechereikastl.de\/wp-content\/uploads\/2025\/10\/Besucher-1536x865.jpg 1536w, https:\/\/gemeindebuechereikastl.de\/wp-content\/uploads\/2025\/10\/Besucher-2048x1153.jpg 2048w, https:\/\/gemeindebuechereikastl.de\/wp-content\/uploads\/2025\/10\/Besucher-750x422.jpg 750w\" sizes=\"auto, (max-width: 750px) 100vw, 750px\" \/><\/p>\n<p>\u00dcber <strong>300 brandneue B\u00fccher und Medien im Gesamtwert von rund 5.000 Euro<\/strong> standen an diesem Nachmittag zum St\u00f6bern und Entdecken bereit. Besonders viel Aufmerksamkeit erhielt die neu\u00a0<img loading=\"lazy\" decoding=\"async\" class=\"wp-image-5939 alignright\" src=\"https:\/\/gemeindebuechereikastl.de\/wp-content\/uploads\/2025\/10\/Young-u.-New-Adult-679x1206.jpg\" alt=\"\" width=\"245\" height=\"435\" srcset=\"https:\/\/gemeindebuechereikastl.de\/wp-content\/uploads\/2025\/10\/Young-u.-New-Adult-679x1206.jpg 679w, https:\/\/gemeindebuechereikastl.de\/wp-content\/uploads\/2025\/10\/Young-u.-New-Adult-169x300.jpg 169w, https:\/\/gemeindebuechereikastl.de\/wp-content\/uploads\/2025\/10\/Young-u.-New-Adult-768x1364.jpg 768w, https:\/\/gemeindebuechereikastl.de\/wp-content\/uploads\/2025\/10\/Young-u.-New-Adult-865x1536.jpg 865w, https:\/\/gemeindebuechereikastl.de\/wp-content\/uploads\/2025\/10\/Young-u.-New-Adult-1153x2048.jpg 1153w, https:\/\/gemeindebuechereikastl.de\/wp-content\/uploads\/2025\/10\/Young-u.-New-Adult-750x1332.jpg 750w, https:\/\/gemeindebuechereikastl.de\/wp-content\/uploads\/2025\/10\/Young-u.-New-Adult-scaled.jpg 1441w\" sizes=\"auto, (max-width: 245px) 100vw, 245px\" \/>eingerichtete Rubrik <strong>\u201eNew Adult\u201c<\/strong>, ein Trendgenre, das durch Plattformen wie #BookTok derzeit enorme Beliebtheit erf\u00e4hrt. Mit romantischen und tiefgr\u00fcndigen Geschichten \u00fcber Liebe, Freundschaft, Selbstfindung und pers\u00f6nliches Wachstum spricht diese Kategorie vor allem junge Erwachsene an \u2013 und begeistert zus\u00e4tzlich mit ihren auff\u00e4lligen, farbigen Buchschnitten.<\/p>\n<p>Auch die neue Rubrik <strong>\u201eYoung Adult\u201c<\/strong> f\u00fcr Jugendliche ab 14 Jahren fand gro\u00dfen Anklang. Hier stehen Themen wie das Erwachsenwerden, Diversit\u00e4t, gro\u00dfe Gef\u00fchle und die Suche nach der eigenen Identit\u00e4t im Mittelpunkt \u2013 Geschichten, die ber\u00fchren, Mut machen und zum Nachdenken anregen.<\/p>\n<p>Doch nicht nur junge Leserinnen und Leser kamen auf ihre Kosten: F\u00fcr\u00a0<img loading=\"lazy\" decoding=\"async\" class=\"alignleft wp-image-5941 \" src=\"https:\/\/gemeindebuechereikastl.de\/wp-content\/uploads\/2025\/10\/Kinderbuecher-679x1206.jpg\" alt=\"\" width=\"308\" height=\"547\" srcset=\"https:\/\/gemeindebuechereikastl.de\/wp-content\/uploads\/2025\/10\/Kinderbuecher-679x1206.jpg 679w, https:\/\/gemeindebuechereikastl.de\/wp-content\/uploads\/2025\/10\/Kinderbuecher-169x300.jpg 169w, https:\/\/gemeindebuechereikastl.de\/wp-content\/uploads\/2025\/10\/Kinderbuecher-768x1364.jpg 768w, https:\/\/gemeindebuechereikastl.de\/wp-content\/uploads\/2025\/10\/Kinderbuecher-865x1536.jpg 865w, https:\/\/gemeindebuechereikastl.de\/wp-content\/uploads\/2025\/10\/Kinderbuecher-1153x2048.jpg 1153w, https:\/\/gemeindebuechereikastl.de\/wp-content\/uploads\/2025\/10\/Kinderbuecher-750x1332.jpg 750w, https:\/\/gemeindebuechereikastl.de\/wp-content\/uploads\/2025\/10\/Kinderbuecher-scaled.jpg 1441w\" sizes=\"auto, (max-width: 308px) 100vw, 308px\" \/>die Kleinsten ab zwei Jahren gab es eine gro\u00dfe Auswahl an liebevoll illustrierten <strong>Bilderb\u00fcchern<\/strong>, erg\u00e4nzt durch <strong>Erstleseb\u00fccher<\/strong>, spannende <strong>Kinderromane<\/strong> und abwechslungsreiche <strong>Jugendb\u00fccher<\/strong>. In der <strong>Belletristik-Abteilung<\/strong> f\u00fcr Erwachsene erwarteten die Besucher zahlreiche Neuerscheinungen \u2013 von packenden Spiegel-Bestsellern \u00fcber Krimis, Thriller und Fantasy bis hin zu bewegenden Gesellschaftsromanen, mitrei\u00dfenden Liebesgeschichten und vielschichtigen Familiensagas. Auch die Fans von <strong>Mangas<\/strong> durften sich \u00fcber eine Vielzahl neuer Titel freuen. Erg\u00e4nzt wurde das Angebot durch inspirierende <strong>Sachb\u00fccher<\/strong> f\u00fcr jedes Alter.<\/p>\n<p>Neben B\u00fcchern geh\u00f6ren in der Kastler B\u00fccherei auch <strong>Nichtbuchmedien<\/strong> fest zum Angebot: neue <strong>Tonie-Figuren<\/strong>, aktuelle <strong>DVDs<\/strong> sowie zahlreiche <strong>Familien- und Kinderspiele<\/strong> luden zum Ausprobieren ein und sorgten f\u00fcr zus\u00e4tzlichen Entdeckergeist.<\/p>\n<p>Ein besonderes Highlight des Tages war der Besuch der <strong>Hexe Rumpumpel<\/strong>, die mit ihrem gro\u00dfen Koffer voller \u00dcberraschungen die Kinder in ihren Bann zog.<br \/>\n<img loading=\"lazy\" decoding=\"async\" class=\"wp-image-5942 alignnone\" src=\"https:\/\/gemeindebuechereikastl.de\/wp-content\/uploads\/2025\/10\/Bilderbuchkion-mit-WIR.jpg\" alt=\"\" width=\"714\" height=\"399\" srcset=\"https:\/\/gemeindebuechereikastl.de\/wp-content\/uploads\/2025\/10\/Bilderbuchkion-mit-WIR.jpg 1572w, https:\/\/gemeindebuechereikastl.de\/wp-content\/uploads\/2025\/10\/Bilderbuchkion-mit-WIR-300x168.jpg 300w, https:\/\/gemeindebuechereikastl.de\/wp-content\/uploads\/2025\/10\/Bilderbuchkion-mit-WIR-768x429.jpg 768w, https:\/\/gemeindebuechereikastl.de\/wp-content\/uploads\/2025\/10\/Bilderbuchkion-mit-WIR-1536x859.jpg 1536w, https:\/\/gemeindebuechereikastl.de\/wp-content\/uploads\/2025\/10\/Bilderbuchkion-mit-WIR-750x419.jpg 750w\" sizes=\"auto, (max-width: 714px) 100vw, 714px\" \/><\/p>\n<p>Begeistert verfolgten die kleinen G\u00e4ste ihr <strong>Bilderbuchkino<\/strong> zum beliebten Titel <em>\u201eDas kleine WIR in der Schule\u201c<\/em>, das eindrucksvoll von Gemeinschaft, Zusammenhalt und Freundschaft erz\u00e4hlte.<br \/>\n<img loading=\"lazy\" decoding=\"async\" class=\"aligncenter wp-image-5943 \" src=\"https:\/\/gemeindebuechereikastl.de\/wp-content\/uploads\/2025\/10\/das-kleine-WIR-1603x902.jpg\" alt=\"\" width=\"691\" height=\"389\" srcset=\"https:\/\/gemeindebuechereikastl.de\/wp-content\/uploads\/2025\/10\/das-kleine-WIR-1603x902.jpg 1603w, https:\/\/gemeindebuechereikastl.de\/wp-content\/uploads\/2025\/10\/das-kleine-WIR-300x169.jpg 300w, https:\/\/gemeindebuechereikastl.de\/wp-content\/uploads\/2025\/10\/das-kleine-WIR-768x432.jpg 768w, https:\/\/gemeindebuechereikastl.de\/wp-content\/uploads\/2025\/10\/das-kleine-WIR-1536x865.jpg 1536w, https:\/\/gemeindebuechereikastl.de\/wp-content\/uploads\/2025\/10\/das-kleine-WIR-2048x1153.jpg 2048w, https:\/\/gemeindebuechereikastl.de\/wp-content\/uploads\/2025\/10\/das-kleine-WIR-750x422.jpg 750w\" sizes=\"auto, (max-width: 691px) 100vw, 691px\" \/>\u00a0Zum Abschluss verteilte die Hexe s\u00fc\u00dfe Lebkuchen und gr\u00fcne Luftballons, auf die sie das kleine WIR malte \u2013 eine zauberhafte Erinnerung f\u00fcr die Kinder, die sie stolz nach Hause trugen.<\/p>\n<p>F\u00fcr das leibliche Wohl war nat\u00fcrlich ebenfalls gesorgt: <strong>Kaffee und selbstgebackener Kuchen<\/strong> luden zum gem\u00fctlichen Verweilen und Austausch ein. Viele Besucher nutzten die entspannte Atmosph\u00e4re, um in Ruhe durch die Neuanschaffungen zu st\u00f6bern \u2013 und nahmen ihre Lieblingsb\u00fccher gleich mit nach Hause.<\/p>\n<p><img loading=\"lazy\" decoding=\"async\" class=\"aligncenter wp-image-5944 \" src=\"https:\/\/gemeindebuechereikastl.de\/wp-content\/uploads\/2025\/10\/Besucher-OG-1603x902.jpg\" alt=\"\" width=\"729\" height=\"410\" srcset=\"https:\/\/gemeindebuechereikastl.de\/wp-content\/uploads\/2025\/10\/Besucher-OG-1603x902.jpg 1603w, https:\/\/gemeindebuechereikastl.de\/wp-content\/uploads\/2025\/10\/Besucher-OG-300x169.jpg 300w, https:\/\/gemeindebuechereikastl.de\/wp-content\/uploads\/2025\/10\/Besucher-OG-768x432.jpg 768w, https:\/\/gemeindebuechereikastl.de\/wp-content\/uploads\/2025\/10\/Besucher-OG-1536x865.jpg 1536w, https:\/\/gemeindebuechereikastl.de\/wp-content\/uploads\/2025\/10\/Besucher-OG-2048x1153.jpg 2048w, https:\/\/gemeindebuechereikastl.de\/wp-content\/uploads\/2025\/10\/Besucher-OG-750x422.jpg 750w\" sizes=\"auto, (max-width: 729px) 100vw, 729px\" \/><\/p>\n<p>Am Ende des Tages zeigte sich das B\u00fcchereiteam \u00fcberaus zufrieden: <strong>Gro\u00dfer Andrang, begeisterte G\u00e4ste und viel positives Feedback<\/strong> \u2013 ein rundum gelungenes Fest f\u00fcr B\u00fccherfreunde und Familien. Der Tag der offenen T\u00fcr machte eindrucksvoll deutlich, wie lebendig und vielf\u00e4ltig die Gemeindeb\u00fccherei Kastl ist \u2013 ein Ort, an dem Lesefreude, Begegnung und Gemeinschaft Hand in Hand gehen.<\/p>\n<h4 style=\"text-align: center;\"><span style=\"color: #800000;\"><strong>Ein Besuch in der Kastler B\u00fccherei lohnt sich also immer \u2013 ob zum St\u00f6bern, Schm\u00f6kern oder einfach zum Genie\u00dfen einer kleinen Auszeit im Reich der Geschichten.<\/strong><\/span><\/h4>\n","protected":false},"excerpt":{"rendered":"<p>Vielen Besucher haben in den neuen und aktuellen B\u00fcchern und Medien beim Tag der offenen T\u00fcr gest\u00f6bert Die Gemeindeb\u00fccherei Kastl \u00f6ffnete beim Tag der offenen T\u00fcr weit ihre T\u00fcren und lud zu einer zauberhaften Entdeckungsreise in die Welt der B\u00fccher ein. Unter dem Motto \u201eLesen, Staunen, Entdecken!\u201c folgten zahlreiche Besucherinnen und Besucher der Einladung des &hellip; <\/p>\n<p><a class=\"more-link btn\" href=\"https:\/\/gemeindebuechereikastl.de\/?p=5940\">Weiterlesen<\/a><\/p>\n","protected":false},"author":1,"featured_media":5936,"comment_status":"closed","ping_status":"closed","sticky":false,"template":"","format":"standard","meta":{"footnotes":""},"categories":[1],"tags":[716,715,714,85,521,712,88,713],"class_list":["post-5940","post","type-post","status-publish","format-standard","has-post-thumbnail","hentry","category-team","tag-bilerbuchkino","tag-das-kleine-wir","tag-hexe-rumpumpel","tag-neue-buecher","tag-neue-nichbuchmedien","tag-new-adult","tag-tag-der-offenen-tuer","tag-young-adult","item-wrap"],"_links":{"self":[{"href":"https:\/\/gemeindebuechereikastl.de\/index.php?rest_route=\/wp\/v2\/posts\/5940","targetHints":{"allow":["GET"]}}],"collection":[{"href":"https:\/\/gemeindebuechereikastl.de\/index.php?rest_route=\/wp\/v2\/posts"}],"about":[{"href":"https:\/\/gemeindebuechereikastl.de\/index.php?rest_route=\/wp\/v2\/types\/post"}],"author":[{"embeddable":true,"href":"https:\/\/gemeindebuechereikastl.de\/index.php?rest_route=\/wp\/v2\/users\/1"}],"replies":[{"embeddable":true,"href":"https:\/\/gemeindebuechereikastl.de\/index.php?rest_route=%2Fwp%2Fv2%2Fcomments&post=5940"}],"version-history":[{"count":4,"href":"https:\/\/gemeindebuechereikastl.de\/index.php?rest_route=\/wp\/v2\/posts\/5940\/revisions"}],"predecessor-version":[{"id":5948,"href":"https:\/\/gemeindebuechereikastl.de\/index.php?rest_route=\/wp\/v2\/posts\/5940\/revisions\/5948"}],"wp:featuredmedia":[{"embeddable":true,"href":"https:\/\/gemeindebuechereikastl.de\/index.php?rest_route=\/wp\/v2\/media\/5936"}],"wp:attachment":[{"href":"https:\/\/gemeindebuechereikastl.de\/index.php?rest_route=%2Fwp%2Fv2%2Fmedia&parent=5940"}],"wp:term":[{"taxonomy":"category","embeddable":true,"href":"https:\/\/gemeindebuechereikastl.de\/index.php?rest_route=%2Fwp%2Fv2%2Fcategories&post=5940"},{"taxonomy":"post_tag","embeddable":true,"href":"https:\/\/gemeindebuechereikastl.de\/index.php?rest_route=%2Fwp%2Fv2%2Ftags&post=5940"}],"curies":[{"name":"wp","href":"https:\/\/api.w.org\/{rel}","templated":true}]}}