{"id":5949,"date":"2025-10-10T09:34:14","date_gmt":"2025-10-10T09:34:14","guid":{"rendered":"https:\/\/gemeindebuechereikastl.de\/?p=5949"},"modified":"2025-10-12T15:22:24","modified_gmt":"2025-10-12T15:22:24","slug":"spende-des-kastler-buechereiteams-dank-ueberwaeltigender-resonanz-auf-schiessler-abend","status":"publish","type":"post","link":"https:\/\/gemeindebuechereikastl.de\/?p=5949","title":{"rendered":"Spende des Kastler B\u00fcchereiteams dank \u00fcberw\u00e4ltigender Resonanz auf Schie\u00dfler-Abend"},"content":{"rendered":"<h2 style=\"text-align: center;\"><span style=\"color: #ff6600;\">B\u00fcchereiteam \u00fcbergab am &#8222;Tag der offenen T\u00fcr&#8220; eine Spende von 200 Euro f\u00fcr die Klosterkirche<\/span><\/h2>\n<p style=\"text-align: center;\" data-start=\"262\" data-end=\"456\"><strong>Ein Abend voller Inspiration brachte nicht nur viele Besucherinnen und Besucher, sondern auch wertvolle Unterst\u00fctzung f\u00fcr die Pfarr- und Gemeindeb\u00fccherei Kastl \u2013 und die Kastler Klosterkirche.<\/strong><\/p>\n<p data-start=\"458\" data-end=\"898\">R<img loading=\"lazy\" decoding=\"async\" class=\"alignleft wp-image-5877 \" src=\"https:\/\/gemeindebuechereikastl.de\/wp-content\/uploads\/2025\/09\/Pfarrer-Schiessler-homepage-1603x921.jpg\" alt=\"\" width=\"426\" height=\"245\" srcset=\"https:\/\/gemeindebuechereikastl.de\/wp-content\/uploads\/2025\/09\/Pfarrer-Schiessler-homepage-1603x921.jpg 1603w, https:\/\/gemeindebuechereikastl.de\/wp-content\/uploads\/2025\/09\/Pfarrer-Schiessler-homepage-300x172.jpg 300w, https:\/\/gemeindebuechereikastl.de\/wp-content\/uploads\/2025\/09\/Pfarrer-Schiessler-homepage-768x441.jpg 768w, https:\/\/gemeindebuechereikastl.de\/wp-content\/uploads\/2025\/09\/Pfarrer-Schiessler-homepage-1536x883.jpg 1536w, https:\/\/gemeindebuechereikastl.de\/wp-content\/uploads\/2025\/09\/Pfarrer-Schiessler-homepage-2048x1177.jpg 2048w, https:\/\/gemeindebuechereikastl.de\/wp-content\/uploads\/2025\/09\/Pfarrer-Schiessler-homepage-750x431.jpg 750w\" sizes=\"auto, (max-width: 426px) 100vw, 426px\" \/>und <strong data-start=\"463\" data-end=\"476\">600 G\u00e4ste<\/strong> folgten der Einladung der B\u00fccherei zu einem Vortrag mit dem bekannten M\u00fcnchner Pfarrer <strong data-start=\"564\" data-end=\"590\">Rainer Maria Schie\u00dfler<\/strong>. Unter dem Titel <em data-start=\"608\" data-end=\"629\">\u201eKirche sein heute\u201c<\/em> sprach Schie\u00dfler mit Leidenschaft, Humor und Tiefgang \u00fcber eine offene, menschliche und lebendige Kirche im 21. Jahrhundert. Seine Worte \u2013 <em data-start=\"769\" data-end=\"857\">\u201eUnsere Zeit ist hier und jetzt. Wir selbst sind die Gestalter der Kirche von morgen.\u201c<\/em> \u2013 fanden gro\u00dfen Anklang beim Publikum.<\/p>\n<p data-start=\"900\" data-end=\"1219\">Die Resonanz war \u00fcberw\u00e4ltigend: S\u00e4mtliche Pl\u00e4tze waren belegt, zus\u00e4tzliche B\u00e4nke wurden herangeschafft, viele G\u00e4ste standen. Dank der gro\u00dfz\u00fcgigen Spendenbereitschaft der Besucherinnen und Besucher konnte das B\u00fcchereiteam nicht nur neue B\u00fccher und Medien anschaffen, sondern auch ein besonderes Dankesch\u00f6n weitergeben.<\/p>\n<p data-start=\"900\" data-end=\"1219\"><img loading=\"lazy\" decoding=\"async\" class=\"aligncenter wp-image-5951 size-large\" src=\"https:\/\/gemeindebuechereikastl.de\/wp-content\/uploads\/2025\/10\/Spende-Buechereiteam1-1603x936.jpg\" alt=\"\" width=\"750\" height=\"438\" srcset=\"https:\/\/gemeindebuechereikastl.de\/wp-content\/uploads\/2025\/10\/Spende-Buechereiteam1-1603x936.jpg 1603w, https:\/\/gemeindebuechereikastl.de\/wp-content\/uploads\/2025\/10\/Spende-Buechereiteam1-300x175.jpg 300w, https:\/\/gemeindebuechereikastl.de\/wp-content\/uploads\/2025\/10\/Spende-Buechereiteam1-768x448.jpg 768w, https:\/\/gemeindebuechereikastl.de\/wp-content\/uploads\/2025\/10\/Spende-Buechereiteam1-1536x897.jpg 1536w, https:\/\/gemeindebuechereikastl.de\/wp-content\/uploads\/2025\/10\/Spende-Buechereiteam1-2048x1195.jpg 2048w, https:\/\/gemeindebuechereikastl.de\/wp-content\/uploads\/2025\/10\/Spende-Buechereiteam1-750x438.jpg 750w\" sizes=\"auto, (max-width: 750px) 100vw, 750px\" \/><\/p>\n<p data-start=\"1221\" data-end=\"1467\">Beim <strong data-start=\"1226\" data-end=\"1249\">Tag der offenen T\u00fcr<\/strong> \u00fcbergaben B\u00fcchereileiter <strong data-start=\"1275\" data-end=\"1289\">Georg D\u00fcrr<\/strong> und das Leitungsteam eine <strong data-start=\"1316\" data-end=\"1339\">Spende von 200 Euro<\/strong> an <strong data-start=\"1343\" data-end=\"1370\">Pfarrer Johannes Arweck<\/strong> \u2013 als Zeichen der Wertsch\u00e4tzung f\u00fcr die Nutzung der Klosterkirche und die gute Zusammenarbeit.<\/p>\n<p data-start=\"1469\" data-end=\"1515\">Pfarrer Arweck zeigte sich tief beeindruckt:<\/p>\n<blockquote data-start=\"1516\" data-end=\"1706\">\n<p data-start=\"1518\" data-end=\"1706\">\u201eEs ist wunderbar zu sehen, wie viele Menschen sich f\u00fcr Glaube und Gemeinschaft begeistern lassen \u2013 und dass daraus sogar eine so sch\u00f6ne Unterst\u00fctzung f\u00fcr unsere Klosterkirche entsteht.\u201c<\/p>\n<\/blockquote>\n<hr data-start=\"1708\" data-end=\"1711\" \/>\n","protected":false},"excerpt":{"rendered":"<p>B\u00fcchereiteam \u00fcbergab am &#8222;Tag der offenen T\u00fcr&#8220; eine Spende von 200 Euro f\u00fcr die Klosterkirche Ein Abend voller Inspiration brachte nicht nur viele Besucherinnen und Besucher, sondern auch wertvolle Unterst\u00fctzung f\u00fcr die Pfarr- und Gemeindeb\u00fccherei Kastl \u2013 und die Kastler Klosterkirche. Rund 600 G\u00e4ste folgten der Einladung der B\u00fccherei zu einem Vortrag mit dem bekannten &hellip; <\/p>\n<p><a class=\"more-link btn\" href=\"https:\/\/gemeindebuechereikastl.de\/?p=5949\">Weiterlesen<\/a><\/p>\n","protected":false},"author":1,"featured_media":5950,"comment_status":"closed","ping_status":"closed","sticky":false,"template":"","format":"standard","meta":{"footnotes":""},"categories":[1],"tags":[717,718,444,88],"class_list":["post-5949","post","type-post","status-publish","format-standard","has-post-thumbnail","hentry","category-team","tag-klosterkriche","tag-pfarrer-arweck","tag-spende","tag-tag-der-offenen-tuer","item-wrap"],"_links":{"self":[{"href":"https:\/\/gemeindebuechereikastl.de\/index.php?rest_route=\/wp\/v2\/posts\/5949","targetHints":{"allow":["GET"]}}],"collection":[{"href":"https:\/\/gemeindebuechereikastl.de\/index.php?rest_route=\/wp\/v2\/posts"}],"about":[{"href":"https:\/\/gemeindebuechereikastl.de\/index.php?rest_route=\/wp\/v2\/types\/post"}],"author":[{"embeddable":true,"href":"https:\/\/gemeindebuechereikastl.de\/index.php?rest_route=\/wp\/v2\/users\/1"}],"replies":[{"embeddable":true,"href":"https:\/\/gemeindebuechereikastl.de\/index.php?rest_route=%2Fwp%2Fv2%2Fcomments&post=5949"}],"version-history":[{"count":3,"href":"https:\/\/gemeindebuechereikastl.de\/index.php?rest_route=\/wp\/v2\/posts\/5949\/revisions"}],"predecessor-version":[{"id":5954,"href":"https:\/\/gemeindebuechereikastl.de\/index.php?rest_route=\/wp\/v2\/posts\/5949\/revisions\/5954"}],"wp:featuredmedia":[{"embeddable":true,"href":"https:\/\/gemeindebuechereikastl.de\/index.php?rest_route=\/wp\/v2\/media\/5950"}],"wp:attachment":[{"href":"https:\/\/gemeindebuechereikastl.de\/index.php?rest_route=%2Fwp%2Fv2%2Fmedia&parent=5949"}],"wp:term":[{"taxonomy":"category","embeddable":true,"href":"https:\/\/gemeindebuechereikastl.de\/index.php?rest_route=%2Fwp%2Fv2%2Fcategories&post=5949"},{"taxonomy":"post_tag","embeddable":true,"href":"https:\/\/gemeindebuechereikastl.de\/index.php?rest_route=%2Fwp%2Fv2%2Ftags&post=5949"}],"curies":[{"name":"wp","href":"https:\/\/api.w.org\/{rel}","templated":true}]}}