{"id":5962,"date":"2025-10-14T15:59:56","date_gmt":"2025-10-14T15:59:56","guid":{"rendered":"https:\/\/gemeindebuechereikastl.de\/?p=5962"},"modified":"2025-10-15T14:11:08","modified_gmt":"2025-10-15T14:11:08","slug":"5962","status":"publish","type":"post","link":"https:\/\/gemeindebuechereikastl.de\/?p=5962","title":{"rendered":"Es warten viele neue B\u00fccher und Medien mitgenommen zu werden &#8211; Ab sofort zum Entleihen!"},"content":{"rendered":"<h2 style=\"text-align: center;\" data-start=\"152\" data-end=\"212\"><span style=\"color: #ff6600;\">\u00dcber 300 neue B\u00fccher und Medien warten darauf mitgenommen zu werden!\u00a0<\/span><\/h2>\n<p style=\"text-align: center;\" data-start=\"152\" data-end=\"212\">Das B\u00fcchereiteam freut sich, euch mitteilen zu k\u00f6nnen: <strong data-start=\"269\" data-end=\"328\">Alle neuen B\u00fccher und Medien sind ab sofort ausleihbar! <\/strong>Beim &#8222;Tag der offenen T\u00fcr&#8220; wurden \u00fcber <strong data-start=\"370\" data-end=\"397\">300 spannende Neuheiten<\/strong> vorgestellt \u2013 und jetzt k\u00f6nnt ihr sie alle entdecken!<\/p>\n<p style=\"text-align: center;\" data-start=\"152\" data-end=\"212\"><img loading=\"lazy\" decoding=\"async\" class=\"aligncenter wp-image-5983 size-large\" src=\"https:\/\/gemeindebuechereikastl.de\/wp-content\/uploads\/2025\/10\/Die-neuen-1603x947.jpg\" alt=\"\" width=\"750\" height=\"443\" srcset=\"https:\/\/gemeindebuechereikastl.de\/wp-content\/uploads\/2025\/10\/Die-neuen-1603x947.jpg 1603w, https:\/\/gemeindebuechereikastl.de\/wp-content\/uploads\/2025\/10\/Die-neuen-300x177.jpg 300w, https:\/\/gemeindebuechereikastl.de\/wp-content\/uploads\/2025\/10\/Die-neuen-768x454.jpg 768w, https:\/\/gemeindebuechereikastl.de\/wp-content\/uploads\/2025\/10\/Die-neuen-1536x908.jpg 1536w, https:\/\/gemeindebuechereikastl.de\/wp-content\/uploads\/2025\/10\/Die-neuen-750x443.jpg 750w, https:\/\/gemeindebuechereikastl.de\/wp-content\/uploads\/2025\/10\/Die-neuen.jpg 1670w\" sizes=\"auto, (max-width: 750px) 100vw, 750px\" \/>Ob <strong data-start=\"458\" data-end=\"492\">Bilderb\u00fccher f\u00fcr die Kleinsten<\/strong>, <strong data-start=\"494\" data-end=\"512\">Erstleseb\u00fccher<\/strong> oder <strong data-start=\"518\" data-end=\"545\">mitrei\u00dfende Geschichten<\/strong> f\u00fcr Kinder und Jugendliche \u2013 von <strong data-start=\"579\" data-end=\"592\">Abenteuer<\/strong> \u00fcber <strong data-start=\"598\" data-end=\"609\">Fantasy<\/strong> bis zu <strong data-start=\"617\" data-end=\"669\">Pferde-, Schul-, Ferien- und Detektivgeschichten<\/strong> ist f\u00fcr jeden Geschmack etwas dabei. Auch neue <strong>Mangas<\/strong> warten auf Euch.&#x2728;<br \/>\n<img loading=\"lazy\" decoding=\"async\" class=\"aligncenter wp-image-5968 \" src=\"https:\/\/gemeindebuechereikastl.de\/wp-content\/uploads\/2025\/10\/Erstlesebuecher-1603x902.jpg\" alt=\"\" width=\"688\" height=\"387\" srcset=\"https:\/\/gemeindebuechereikastl.de\/wp-content\/uploads\/2025\/10\/Erstlesebuecher-1603x902.jpg 1603w, https:\/\/gemeindebuechereikastl.de\/wp-content\/uploads\/2025\/10\/Erstlesebuecher-300x169.jpg 300w, https:\/\/gemeindebuechereikastl.de\/wp-content\/uploads\/2025\/10\/Erstlesebuecher-768x432.jpg 768w, https:\/\/gemeindebuechereikastl.de\/wp-content\/uploads\/2025\/10\/Erstlesebuecher-1536x865.jpg 1536w, https:\/\/gemeindebuechereikastl.de\/wp-content\/uploads\/2025\/10\/Erstlesebuecher-2048x1153.jpg 2048w, https:\/\/gemeindebuechereikastl.de\/wp-content\/uploads\/2025\/10\/Erstlesebuecher-750x422.jpg 750w\" sizes=\"auto, (max-width: 688px) 100vw, 688px\" \/><\/p>\n<p style=\"text-align: center;\" data-start=\"455\" data-end=\"710\">Auch im Bereich der <strong data-start=\"732\" data-end=\"752\">Kindersachb\u00fccher<\/strong> gibt es wieder jede Menge Spannendes zu erforschen.<br data-start=\"804\" data-end=\"807\" \/>Kommt vorbei, st\u00f6bert, lest \u2013 und findet euer neues Lieblingsbuch! &#x1f496;<\/p>\n<p><img loading=\"lazy\" decoding=\"async\" class=\"wp-image-5965 aligncenter\" src=\"https:\/\/gemeindebuechereikastl.de\/wp-content\/uploads\/2025\/10\/Bilderbuecher-1603x902.jpg\" alt=\"\" width=\"689\" height=\"388\" srcset=\"https:\/\/gemeindebuechereikastl.de\/wp-content\/uploads\/2025\/10\/Bilderbuecher-1603x902.jpg 1603w, https:\/\/gemeindebuechereikastl.de\/wp-content\/uploads\/2025\/10\/Bilderbuecher-300x169.jpg 300w, https:\/\/gemeindebuechereikastl.de\/wp-content\/uploads\/2025\/10\/Bilderbuecher-768x432.jpg 768w, https:\/\/gemeindebuechereikastl.de\/wp-content\/uploads\/2025\/10\/Bilderbuecher-1536x865.jpg 1536w, https:\/\/gemeindebuechereikastl.de\/wp-content\/uploads\/2025\/10\/Bilderbuecher-2048x1153.jpg 2048w, https:\/\/gemeindebuechereikastl.de\/wp-content\/uploads\/2025\/10\/Bilderbuecher-750x422.jpg 750w\" sizes=\"auto, (max-width: 689px) 100vw, 689px\" \/><\/p>\n<p style=\"text-align: center;\" data-start=\"161\" data-end=\"217\">&#x1f4d6; <strong data-start=\"164\" data-end=\"212\">Neuheiten auch f\u00fcr Erwachsene &amp; Jugendliche!<\/strong> &#x1f31f;<\/p>\n<p style=\"text-align: center;\" data-start=\"219\" data-end=\"383\">Nicht nur f\u00fcr Kinder gibt es viel zu entdecken \u2013 <strong data-start=\"268\" data-end=\"338\">auch im Obergeschoss wartet eine F\u00fclle neuer Romane und Bestseller<\/strong> darauf, von euch mitgenommen zu werden! &#x1f4ab;<\/p>\n<p data-start=\"219\" data-end=\"383\"><img loading=\"lazy\" decoding=\"async\" class=\"aligncenter wp-image-5985 \" src=\"https:\/\/gemeindebuechereikastl.de\/wp-content\/uploads\/2025\/10\/neue-Romane.jpg\" alt=\"\" width=\"735\" height=\"642\" srcset=\"https:\/\/gemeindebuechereikastl.de\/wp-content\/uploads\/2025\/10\/neue-Romane.jpg 1202w, https:\/\/gemeindebuechereikastl.de\/wp-content\/uploads\/2025\/10\/neue-Romane-300x262.jpg 300w, https:\/\/gemeindebuechereikastl.de\/wp-content\/uploads\/2025\/10\/neue-Romane-768x671.jpg 768w, https:\/\/gemeindebuechereikastl.de\/wp-content\/uploads\/2025\/10\/neue-Romane-750x655.jpg 750w\" sizes=\"auto, (max-width: 735px) 100vw, 735px\" \/><\/p>\n<p style=\"text-align: center;\">Besonders spannend: In der <strong data-start=\"412\" data-end=\"450\">Jugend- und Belletristik-Abteilung<\/strong> stellen wir erstmals die neuen Rubriken <strong data-start=\"491\" data-end=\"524\">\u201eNew Adult\u201c und \u201eYoung Adult\u201c<\/strong> vor \u2013 mit mitrei\u00dfenden Geschichten voller Gef\u00fchl, Spannung und Lebensfreude. &#x2764;&#xfe0f;&#x1f4da;<\/p>\n<p><img loading=\"lazy\" decoding=\"async\" class=\"aligncenter wp-image-5987 \" src=\"https:\/\/gemeindebuechereikastl.de\/wp-content\/uploads\/2025\/10\/Young-u.-New-Adult-1-821x1206.jpg\" alt=\"\" width=\"680\" height=\"999\" srcset=\"https:\/\/gemeindebuechereikastl.de\/wp-content\/uploads\/2025\/10\/Young-u.-New-Adult-1-821x1206.jpg 821w, https:\/\/gemeindebuechereikastl.de\/wp-content\/uploads\/2025\/10\/Young-u.-New-Adult-1-204x300.jpg 204w, https:\/\/gemeindebuechereikastl.de\/wp-content\/uploads\/2025\/10\/Young-u.-New-Adult-1-768x1128.jpg 768w, https:\/\/gemeindebuechereikastl.de\/wp-content\/uploads\/2025\/10\/Young-u.-New-Adult-1-1046x1536.jpg 1046w, https:\/\/gemeindebuechereikastl.de\/wp-content\/uploads\/2025\/10\/Young-u.-New-Adult-1-1394x2048.jpg 1394w, https:\/\/gemeindebuechereikastl.de\/wp-content\/uploads\/2025\/10\/Young-u.-New-Adult-1-750x1101.jpg 750w, https:\/\/gemeindebuechereikastl.de\/wp-content\/uploads\/2025\/10\/Young-u.-New-Adult-1-scaled.jpg 1743w\" sizes=\"auto, (max-width: 680px) 100vw, 680px\" \/><\/p>\n<h4 style=\"text-align: center;\" data-start=\"181\" data-end=\"266\">Jetzt entdecken \u2013 \u00fcber 300 neue B\u00fccher und Medien in der Gemeindeb\u00fccherei!<\/h4>\n<h4 style=\"text-align: center;\" data-start=\"268\" data-end=\"573\">Alle Buchliebhaber aufgepasst: Ab sofort warten in der Gemeindeb\u00fccherei zahlreiche neue B\u00fccher und Medien darauf, von Ihnen entdeckt und ausgeliehen zu werden!<br data-start=\"435\" data-end=\"438\" \/>Ob spannende Romane, faszinierende Sachb\u00fccher oder unterhaltsame Kinder- und Jugendgeschichten \u2013 die Vielfalt ist gr\u00f6\u00dfer denn je!<\/h4>\n<h4 style=\"text-align: center;\" data-start=\"575\" data-end=\"679\">\u00a0Kommen Sie vorbei, st\u00f6bern Sie nach Herzenslust und finden Sie Ihre neuen Lieblingsgeschichten!<\/h4>\n<h4 style=\"text-align: center;\" data-start=\"681\" data-end=\"849\">Weitere Informationen zu allen Neuerscheinungen und dem gesamten Angebot finden Sie in unserem\u00a0<a href=\"https:\/\/iopac.gemeindebuechereikastl.de\/iopac\/\">Online &#8211; Katalog<\/a> \u2013 einfach reinschauen und inspirieren lassen!<\/h4>\n","protected":false},"excerpt":{"rendered":"<p>\u00dcber 300 neue B\u00fccher und Medien warten darauf mitgenommen zu werden!\u00a0 Das B\u00fcchereiteam freut sich, euch mitteilen zu k\u00f6nnen: Alle neuen B\u00fccher und Medien sind ab sofort ausleihbar! Beim &#8222;Tag der offenen T\u00fcr&#8220; wurden \u00fcber 300 spannende Neuheiten vorgestellt \u2013 und jetzt k\u00f6nnt ihr sie alle entdecken! Ob Bilderb\u00fccher f\u00fcr die Kleinsten, Erstleseb\u00fccher oder mitrei\u00dfende &hellip; <\/p>\n<p><a class=\"more-link btn\" href=\"https:\/\/gemeindebuechereikastl.de\/?p=5962\">Weiterlesen<\/a><\/p>\n","protected":false},"author":1,"featured_media":5969,"comment_status":"closed","ping_status":"closed","sticky":false,"template":"","format":"standard","meta":{"footnotes":""},"categories":[1],"tags":[85,86],"class_list":["post-5962","post","type-post","status-publish","format-standard","has-post-thumbnail","hentry","category-team","tag-neue-buecher","tag-neue-medien","item-wrap"],"_links":{"self":[{"href":"https:\/\/gemeindebuechereikastl.de\/index.php?rest_route=\/wp\/v2\/posts\/5962","targetHints":{"allow":["GET"]}}],"collection":[{"href":"https:\/\/gemeindebuechereikastl.de\/index.php?rest_route=\/wp\/v2\/posts"}],"about":[{"href":"https:\/\/gemeindebuechereikastl.de\/index.php?rest_route=\/wp\/v2\/types\/post"}],"author":[{"embeddable":true,"href":"https:\/\/gemeindebuechereikastl.de\/index.php?rest_route=\/wp\/v2\/users\/1"}],"replies":[{"embeddable":true,"href":"https:\/\/gemeindebuechereikastl.de\/index.php?rest_route=%2Fwp%2Fv2%2Fcomments&post=5962"}],"version-history":[{"count":12,"href":"https:\/\/gemeindebuechereikastl.de\/index.php?rest_route=\/wp\/v2\/posts\/5962\/revisions"}],"predecessor-version":[{"id":5988,"href":"https:\/\/gemeindebuechereikastl.de\/index.php?rest_route=\/wp\/v2\/posts\/5962\/revisions\/5988"}],"wp:featuredmedia":[{"embeddable":true,"href":"https:\/\/gemeindebuechereikastl.de\/index.php?rest_route=\/wp\/v2\/media\/5969"}],"wp:attachment":[{"href":"https:\/\/gemeindebuechereikastl.de\/index.php?rest_route=%2Fwp%2Fv2%2Fmedia&parent=5962"}],"wp:term":[{"taxonomy":"category","embeddable":true,"href":"https:\/\/gemeindebuechereikastl.de\/index.php?rest_route=%2Fwp%2Fv2%2Fcategories&post=5962"},{"taxonomy":"post_tag","embeddable":true,"href":"https:\/\/gemeindebuechereikastl.de\/index.php?rest_route=%2Fwp%2Fv2%2Ftags&post=5962"}],"curies":[{"name":"wp","href":"https:\/\/api.w.org\/{rel}","templated":true}]}}