{"id":5989,"date":"2025-10-17T10:03:29","date_gmt":"2025-10-17T10:03:29","guid":{"rendered":"https:\/\/gemeindebuechereikastl.de\/?p=5989"},"modified":"2025-10-22T07:20:43","modified_gmt":"2025-10-22T07:20:43","slug":"dunkelausleihe-in-der-gemeindebuecherei-kastl-mit-verschieden-highlights","status":"publish","type":"post","link":"https:\/\/gemeindebuechereikastl.de\/?p=5989","title":{"rendered":"Dunkelausleihe in der Gemeindeb\u00fccherei Kastl mit verschieden Highlights"},"content":{"rendered":"<h2 style=\"text-align: center;\" data-start=\"194\" data-end=\"247\"><span style=\"color: #ff6600;\"><strong data-start=\"197\" data-end=\"245\"><img loading=\"lazy\" decoding=\"async\" class=\"wp-image-5251 alignright\" src=\"https:\/\/gemeindebuechereikastl.de\/wp-content\/uploads\/2024\/11\/Tuergeist-679x1206.jpg\" alt=\"\" width=\"195\" height=\"346\" srcset=\"https:\/\/gemeindebuechereikastl.de\/wp-content\/uploads\/2024\/11\/Tuergeist-679x1206.jpg 679w, https:\/\/gemeindebuechereikastl.de\/wp-content\/uploads\/2024\/11\/Tuergeist-169x300.jpg 169w, https:\/\/gemeindebuechereikastl.de\/wp-content\/uploads\/2024\/11\/Tuergeist-768x1364.jpg 768w, https:\/\/gemeindebuechereikastl.de\/wp-content\/uploads\/2024\/11\/Tuergeist-865x1536.jpg 865w, https:\/\/gemeindebuechereikastl.de\/wp-content\/uploads\/2024\/11\/Tuergeist-1153x2048.jpg 1153w, https:\/\/gemeindebuechereikastl.de\/wp-content\/uploads\/2024\/11\/Tuergeist-750x1332.jpg 750w, https:\/\/gemeindebuechereikastl.de\/wp-content\/uploads\/2024\/11\/Tuergeist-scaled.jpg 1441w\" sizes=\"auto, (max-width: 195px) 100vw, 195px\" \/>Donnerstag, 30. Oktober von<br \/>\n17.00 &#8211; 20.00 Uhr -Dunkelausleihe in der Gemeindeb\u00fccherei Kastl<\/strong><\/span><\/h2>\n<h3 data-start=\"294\" data-end=\"679\"><strong data-start=\"294\" data-end=\"337\">Dunkelheit und Lesen \u2013 ein Widerspruch?<\/strong><\/h3>\n<p data-start=\"294\" data-end=\"679\">Nicht in der <strong data-start=\"353\" data-end=\"380\">Gemeindeb\u00fccherei Kastl!<\/strong> An diesem besonderen Abend\u00a0<img loading=\"lazy\" decoding=\"async\" class=\"wp-image-5996 alignleft\" src=\"https:\/\/gemeindebuechereikastl.de\/wp-content\/uploads\/2025\/10\/Dunlelausleihe-web.jpg\" alt=\"\" width=\"353\" height=\"353\" srcset=\"https:\/\/gemeindebuechereikastl.de\/wp-content\/uploads\/2025\/10\/Dunlelausleihe-web.jpg 1024w, https:\/\/gemeindebuechereikastl.de\/wp-content\/uploads\/2025\/10\/Dunlelausleihe-web-300x300.jpg 300w, https:\/\/gemeindebuechereikastl.de\/wp-content\/uploads\/2025\/10\/Dunlelausleihe-web-150x150.jpg 150w, https:\/\/gemeindebuechereikastl.de\/wp-content\/uploads\/2025\/10\/Dunlelausleihe-web-768x768.jpg 768w, https:\/\/gemeindebuechereikastl.de\/wp-content\/uploads\/2025\/10\/Dunlelausleihe-web-750x750.jpg 750w\" sizes=\"auto, (max-width: 353px) 100vw, 353px\" \/>k\u00f6nnen kleine und gro\u00dfe B\u00fccherfreunde die B\u00fccherei einmal\u00a0ganz anders erleben: Bei der <strong data-start=\"495\" data-end=\"515\">\u201eDunkelausleihe\u201c<\/strong> wird das Licht ausgeschaltet, und\u00a0die Besucherinnen und Besucher d\u00fcrfen mit <strong data-start=\"592\" data-end=\"621\">Taschen- oder Stirnlampen<\/strong> selbst durch die Regale leuchten \u2013 ganz ohne Anmeldung.<\/p>\n<p data-start=\"681\" data-end=\"938\">Passend zum <strong data-start=\"693\" data-end=\"714\">Tag vor Halloween<\/strong> sind verkleidete Kinder herzlich willkommen \u2013 und nat\u00fcrlich wartet auch eine <strong data-start=\"792\" data-end=\"813\">s\u00fc\u00dfe \u00dcberraschung<\/strong> auf sie! Bitte bringt eine eigene Taschen- oder Stirnlampe mit, sonst bleibt der Weg durch die B\u00fccherwelt wirklich dunkel.<img loading=\"lazy\" decoding=\"async\" class=\"alignright wp-image-5991 \" src=\"https:\/\/gemeindebuechereikastl.de\/wp-content\/uploads\/2025\/10\/Grusel-Geschichten.jpg\" alt=\"\" width=\"253\" height=\"273\" srcset=\"https:\/\/gemeindebuechereikastl.de\/wp-content\/uploads\/2025\/10\/Grusel-Geschichten.jpg 704w, https:\/\/gemeindebuechereikastl.de\/wp-content\/uploads\/2025\/10\/Grusel-Geschichten-279x300.jpg 279w\" sizes=\"auto, (max-width: 253px) 100vw, 253px\" \/><\/p>\n<h3 data-start=\"945\" data-end=\"990\"><strong data-start=\"949\" data-end=\"990\">Grusel-Lesung f\u00fcr Kinder um 18:00 Uhr<\/strong><\/h3>\n<p data-start=\"991\" data-end=\"1275\">Ein besonderes Highlight erwartet alle mutigen Kinder:<br data-start=\"1045\" data-end=\"1048\" \/>Um <strong data-start=\"1051\" data-end=\"1061\">18 Uhr<\/strong> beginnt eine <strong data-start=\"1075\" data-end=\"1101\">gruselig-sch\u00f6ne Lesung<\/strong>, bei der ein oder zwei spannende Geschichten vorgelesen werden. G\u00e4nsehautmomente und Nervenkitzel sind garantiert \u2013 am besten nat\u00fcrlich im passenden <strong data-start=\"1251\" data-end=\"1272\">gruseligen Kost\u00fcm<\/strong>!<\/p>\n<h3 data-start=\"1282\" data-end=\"1335\"><strong data-start=\"1286\" data-end=\"1335\">Buchausstellung: Gespenster, Hexen &amp;\u00a0<\/strong><strong data-start=\"1286\" data-end=\"1335\">Zauberer<\/strong><\/h3>\n<p data-start=\"1336\" data-end=\"1665\">Begleitend zur Dunkelausleihe pr\u00e4sentiert das<strong data-start=\"1286\" data-end=\"1335\"><img loading=\"lazy\" decoding=\"async\" class=\"wp-image-5267 alignleft\" src=\"https:\/\/gemeindebuechereikastl.de\/wp-content\/uploads\/2024\/11\/Geisterbuecher-818x1206.jpg\" alt=\"\" width=\"311\" height=\"459\" srcset=\"https:\/\/gemeindebuechereikastl.de\/wp-content\/uploads\/2024\/11\/Geisterbuecher-818x1206.jpg 818w, https:\/\/gemeindebuechereikastl.de\/wp-content\/uploads\/2024\/11\/Geisterbuecher-204x300.jpg 204w, https:\/\/gemeindebuechereikastl.de\/wp-content\/uploads\/2024\/11\/Geisterbuecher-768x1132.jpg 768w, https:\/\/gemeindebuechereikastl.de\/wp-content\/uploads\/2024\/11\/Geisterbuecher-1042x1536.jpg 1042w, https:\/\/gemeindebuechereikastl.de\/wp-content\/uploads\/2024\/11\/Geisterbuecher-1390x2048.jpg 1390w, https:\/\/gemeindebuechereikastl.de\/wp-content\/uploads\/2024\/11\/Geisterbuecher-750x1105.jpg 750w, https:\/\/gemeindebuechereikastl.de\/wp-content\/uploads\/2024\/11\/Geisterbuecher-scaled.jpg 1737w\" sizes=\"auto, (max-width: 311px) 100vw, 311px\" \/><\/strong> B\u00fcchereiteam eine <strong data-start=\"1400\" data-end=\"1439\">kleine Ausstellung mit Kindermedien<\/strong> rund um das Thema <em data-start=\"1458\" data-end=\"1492\">\u201eGespenster, He<\/em><em data-start=\"1458\" data-end=\"1492\">xen und Zauberer\u201c<\/em>.<br data-start=\"1493\" data-end=\"1496\" \/>Die B\u00fccher laden ein in geheimnisvolle, magische und manchmal auch unheimliche Welten \u2013 perfekt f\u00fcr alle, die das Schaudern lieben und ihre Fantasie befl\u00fcgeln m\u00f6chten.<\/p>\n<p data-start=\"1667\" data-end=\"1796\">Die Ausstellung bleibt auch <strong data-start=\"1695\" data-end=\"1722\">nach der Dunkelausleihe<\/strong> bestehen, und alle B\u00fccher k\u00f6nnen selbstverst\u00e4ndlich ausgeliehen werden.<\/p>\n<hr data-start=\"1798\" data-end=\"1801\" \/>\n<h3 data-start=\"1803\" data-end=\"1845\"><strong data-start=\"1807\" data-end=\"1845\">Ein Erlebnis f\u00fcr die ganze Familie<\/strong><\/h3>\n<p data-start=\"1846\" data-end=\"2060\">Wenn die Lichter ausgehen, verwandelt sich die B\u00fccherei in ein aufregendes Abenteuer. Mit jeder Taschenlampe wird ein neues Kapitel entdeckt \u2013 ein unvergessliches Erlebnis f\u00fcr Kinder und Erwachsene gleicherma\u00dfen.<\/p>\n<p data-start=\"2062\" data-end=\"2185\"><span style=\"color: #800000;\"><strong>Kommt vorbei, leuchtet euch euren eigenen Weg durch die B\u00fccherwelt und erlebt das Lesen im Dunkeln auf ganz neue Art!<\/strong><\/span><\/p>\n","protected":false},"excerpt":{"rendered":"<p>Donnerstag, 30. Oktober von 17.00 &#8211; 20.00 Uhr -Dunkelausleihe in der Gemeindeb\u00fccherei Kastl Dunkelheit und Lesen \u2013 ein Widerspruch? Nicht in der Gemeindeb\u00fccherei Kastl! An diesem besonderen Abend\u00a0k\u00f6nnen kleine und gro\u00dfe B\u00fccherfreunde die B\u00fccherei einmal\u00a0ganz anders erleben: Bei der \u201eDunkelausleihe\u201c wird das Licht ausgeschaltet, und\u00a0die Besucherinnen und Besucher d\u00fcrfen mit Taschen- oder Stirnlampen selbst durch &hellip; <\/p>\n<p><a class=\"more-link btn\" href=\"https:\/\/gemeindebuechereikastl.de\/?p=5989\">Weiterlesen<\/a><\/p>\n","protected":false},"author":1,"featured_media":5996,"comment_status":"closed","ping_status":"closed","sticky":false,"template":"","format":"standard","meta":{"footnotes":""},"categories":[1],"tags":[194,722,620,720,721],"class_list":["post-5989","post","type-post","status-publish","format-standard","has-post-thumbnail","hentry","category-team","tag-buchausstellung","tag-dunkel","tag-dunkelausleihe","tag-grusel","tag-grusel-lesung","item-wrap"],"_links":{"self":[{"href":"https:\/\/gemeindebuechereikastl.de\/index.php?rest_route=\/wp\/v2\/posts\/5989","targetHints":{"allow":["GET"]}}],"collection":[{"href":"https:\/\/gemeindebuechereikastl.de\/index.php?rest_route=\/wp\/v2\/posts"}],"about":[{"href":"https:\/\/gemeindebuechereikastl.de\/index.php?rest_route=\/wp\/v2\/types\/post"}],"author":[{"embeddable":true,"href":"https:\/\/gemeindebuechereikastl.de\/index.php?rest_route=\/wp\/v2\/users\/1"}],"replies":[{"embeddable":true,"href":"https:\/\/gemeindebuechereikastl.de\/index.php?rest_route=%2Fwp%2Fv2%2Fcomments&post=5989"}],"version-history":[{"count":12,"href":"https:\/\/gemeindebuechereikastl.de\/index.php?rest_route=\/wp\/v2\/posts\/5989\/revisions"}],"predecessor-version":[{"id":6019,"href":"https:\/\/gemeindebuechereikastl.de\/index.php?rest_route=\/wp\/v2\/posts\/5989\/revisions\/6019"}],"wp:featuredmedia":[{"embeddable":true,"href":"https:\/\/gemeindebuechereikastl.de\/index.php?rest_route=\/wp\/v2\/media\/5996"}],"wp:attachment":[{"href":"https:\/\/gemeindebuechereikastl.de\/index.php?rest_route=%2Fwp%2Fv2%2Fmedia&parent=5989"}],"wp:term":[{"taxonomy":"category","embeddable":true,"href":"https:\/\/gemeindebuechereikastl.de\/index.php?rest_route=%2Fwp%2Fv2%2Fcategories&post=5989"},{"taxonomy":"post_tag","embeddable":true,"href":"https:\/\/gemeindebuechereikastl.de\/index.php?rest_route=%2Fwp%2Fv2%2Ftags&post=5989"}],"curies":[{"name":"wp","href":"https:\/\/api.w.org\/{rel}","templated":true}]}}