{"id":6005,"date":"2025-10-21T15:59:50","date_gmt":"2025-10-21T15:59:50","guid":{"rendered":"https:\/\/gemeindebuechereikastl.de\/?p=6005"},"modified":"2025-10-21T16:13:48","modified_gmt":"2025-10-21T16:13:48","slug":"mit-geschichten-wachsen-kastler-vorlesefeste-2025-2026-fuer-kinder-in-der-buecherei","status":"publish","type":"post","link":"https:\/\/gemeindebuechereikastl.de\/?p=6005","title":{"rendered":"Mit Geschichten wachsen \u2013 Kastler Vorlesefeste 2025\/2026 f\u00fcr Kinder in der B\u00fccherei"},"content":{"rendered":"<h2 style=\"text-align: center;\"><span style=\"color: #ff6600;\">\u00a0KASTLER VORLESEZEIT 2025\/2026 \u2013 Zauberhafte Geschichten zum Lauschen, Tr\u00e4umen und Mitmachen<\/span><\/h2>\n<p style=\"text-align: center;\"><strong>Von Oktober 2025 bis Mai 2026 l\u00e4dt das B\u00fcchereiteam alle Kinder herzlich wieder zu den beliebten \u201eKastler Vorlesefesten\u201c ein \u2013 lebendige, fantasievolle und liebevoll gestaltete Vorlesestunden, bei denen\u00a0<\/strong><img loading=\"lazy\" decoding=\"async\" class=\"wp-image-5899 alignright\" src=\"https:\/\/gemeindebuechereikastl.de\/wp-content\/uploads\/2025\/09\/kleine-wir-297x300.jpg\" alt=\"\" width=\"125\" height=\"126\" srcset=\"https:\/\/gemeindebuechereikastl.de\/wp-content\/uploads\/2025\/09\/kleine-wir-297x300.jpg 297w, https:\/\/gemeindebuechereikastl.de\/wp-content\/uploads\/2025\/09\/kleine-wir-150x150.jpg 150w, https:\/\/gemeindebuechereikastl.de\/wp-content\/uploads\/2025\/09\/kleine-wir.jpg 340w\" sizes=\"auto, (max-width: 125px) 100vw, 125px\" \/><strong>nicht nur zugeh\u00f6rt, sondern auch mitgemacht werden darf.<\/strong><\/p>\n<p>Gestartet wurde die neue Vorlesesaison am <strong>Sonntag, 5. Oktober<\/strong>, beim <strong>Tag der offenen T\u00fcr<\/strong> und einem stimmungsvollen <strong>Bilderbuchkino<\/strong> mit der Hexe Rumpumpel rund um das \u201e<strong>kleine WIR<\/strong>\u201c im Obergeschoss der B\u00fccherei. <img loading=\"lazy\" decoding=\"async\" class=\"wp-image-6007 alignleft\" src=\"https:\/\/gemeindebuechereikastl.de\/wp-content\/uploads\/2025\/10\/Lesegeist-295x300.jpg\" alt=\"\" width=\"188\" height=\"191\" srcset=\"https:\/\/gemeindebuechereikastl.de\/wp-content\/uploads\/2025\/10\/Lesegeist-295x300.jpg 295w, https:\/\/gemeindebuechereikastl.de\/wp-content\/uploads\/2025\/10\/Lesegeist-1186x1206.jpg 1186w, https:\/\/gemeindebuechereikastl.de\/wp-content\/uploads\/2025\/10\/Lesegeist-768x781.jpg 768w, https:\/\/gemeindebuechereikastl.de\/wp-content\/uploads\/2025\/10\/Lesegeist-750x763.jpg 750w, https:\/\/gemeindebuechereikastl.de\/wp-content\/uploads\/2025\/10\/Lesegeist.jpg 1259w\" sizes=\"auto, (max-width: 188px) 100vw, 188px\" \/><\/p>\n<p><strong>Am 30. Oktober folgt schon das n\u00e4chste Higlight eine Grusel- Lesung im Rahmen der Dunkelausleihe (17.00 &#8211; 20:00 Uhr)<\/strong><\/p>\n<h4><span style=\"color: #800000;\"><b>Um 18.00 Uhr <\/b><\/span><b><span style=\"color: #800000;\">wird es spannend!<\/span><\/b><\/h4>\n<p><b> F\u00fcr alle mutigen Kinder, die sich nicht so leicht f\u00fcrchten, werden in der dunklen B\u00fccherei eine oder mehrere schaurig-sch\u00f6ne Grusel Geschichten von Nicola Wei\u00df vorgelesen. <\/b><\/p>\n<h4><b><span style=\"color: #800000;\">G\u00e4nsehaut und Nervenkitzel sind garantiert!<\/span><\/b><\/h4>\n<p><strong>Monatliche Vorleseabenteuer &#8211; <\/strong>Von <strong>November bis Mai<\/strong> hei\u00dft es dann wieder jeden <strong>dritten Samstag im Monat um 10 Uhr in den R\u00e4umen der Kastler B\u00fccherei<\/strong>:<br \/>\n&#x1f4d6; <strong>\u201eKASTLER VORLESEZEIT\u201c! <\/strong>Die Kinder tauchen ein in bunte Welten voller spannender Geschichten, kreativer Mitmachaktionen und fr\u00f6hlicher Begegnungen \u2013 ein Erlebnis f\u00fcr alle Sinne!<\/p>\n<p><strong>Vorlesen s<\/strong><strong>pricht Deine Sprache \u2013 Der Bundesweite Vorlesetag am 22. November<\/strong><br \/>\n<img loading=\"lazy\" decoding=\"async\" class=\"wp-image-1105 alignright\" src=\"https:\/\/gemeindebuechereikastl.de\/wp-content\/uploads\/2019\/11\/Logo_Vorlesetag_041-300x161.jpg\" alt=\"\" width=\"323\" height=\"173\" srcset=\"https:\/\/gemeindebuechereikastl.de\/wp-content\/uploads\/2019\/11\/Logo_Vorlesetag_041-300x161.jpg 300w, https:\/\/gemeindebuechereikastl.de\/wp-content\/uploads\/2019\/11\/Logo_Vorlesetag_041-768x413.jpg 768w, https:\/\/gemeindebuechereikastl.de\/wp-content\/uploads\/2019\/11\/Logo_Vorlesetag_041-750x400.jpg 750w, https:\/\/gemeindebuechereikastl.de\/wp-content\/uploads\/2019\/11\/Logo_Vorlesetag_041.jpg 985w\" sizes=\"auto, (max-width: 323px) 100vw, 323px\" \/><\/p>\n<p data-start=\"104\" data-end=\"419\">Am <strong data-start=\"107\" data-end=\"123\">22. November<\/strong> feiert die B\u00fccherei gemeinsam mit B\u00fcchereien, Buchhandlungen und vielen anderen in ganz Deutschland den <strong data-start=\"228\" data-end=\"255\">bundesweiten Vorlesetag<\/strong>!<br data-start=\"256\" data-end=\"259\" \/>Unter dem Motto <em data-start=\"275\" data-end=\"309\">\u201eVorlesen spricht Deine Sprache\u201c<\/em> steht das gemeinsame Lesen im Mittelpunkt \u2013 ein Erlebnis, das verbindet, inspiriert und Kinder stark macht.<\/p>\n<p data-start=\"421\" data-end=\"850\">Mit liebevoll ausgew\u00e4hlten Geschichten wird gezeigt, wie Worte Br\u00fccken bauen und Gemeinschaft entstehen lassen. In diesem Jahr d\u00fcrfen sich kleine und gro\u00dfe Zuh\u00f6rerinnen und Zuh\u00f6rer auf <strong data-start=\"606\" data-end=\"672\">\u201eTilda Apfelkern \u2013 Das Zauberpicknick im verwunschenen Garten\u201c<\/strong> freuen \u2013 die bezaubernde Kirchenmaus mit gro\u00dfem Herz, die beweist, dass Freundschaft, Mut und Zusammenhalt in jeder Sprache verstanden werden. Vorgelesen von <strong data-start=\"831\" data-end=\"847\">Myriam Klatt<\/strong>.<\/p>\n<p><strong>Bilderbuchkino mit den Tieren des Waldes <img loading=\"lazy\" decoding=\"async\" class=\"alignleft wp-image-6008 \" src=\"https:\/\/gemeindebuechereikastl.de\/wp-content\/uploads\/2025\/10\/Wiesel-Weihnchten-Bilderbuchkino.jpg\" alt=\"\" width=\"565\" height=\"335\" srcset=\"https:\/\/gemeindebuechereikastl.de\/wp-content\/uploads\/2025\/10\/Wiesel-Weihnchten-Bilderbuchkino.jpg 963w, https:\/\/gemeindebuechereikastl.de\/wp-content\/uploads\/2025\/10\/Wiesel-Weihnchten-Bilderbuchkino-300x178.jpg 300w, https:\/\/gemeindebuechereikastl.de\/wp-content\/uploads\/2025\/10\/Wiesel-Weihnchten-Bilderbuchkino-768x455.jpg 768w, https:\/\/gemeindebuechereikastl.de\/wp-content\/uploads\/2025\/10\/Wiesel-Weihnchten-Bilderbuchkino-750x445.jpg 750w\" sizes=\"auto, (max-width: 565px) 100vw, 565px\" \/><\/strong><br \/>\nIm Dezember d\u00fcrfen sich die Kinder auf ein sch\u00f6nes Bilderbuchino freuen !<br \/>\nAm <strong>Samstag, 20. Dezember<\/strong> l\u00e4dt das winterlich, weihnachtliche Abenteuer <strong>\u201eWie feiern Wiesel Weihnachten?\u201c<\/strong> als <strong>Bilderbuchkino<\/strong> zu einer gem\u00fctlichen Vorlesestunde ein. <strong>Es hat t\u00fcchtig geschneit und Vincent Wiesel w\u00fcrde gerne mit seinen Freunden ein Schneeschwein bauen. Aber niemand hat Zeit und alle seine Freunde sind total mit Weihnachtsvorbereitungen besch\u00e4ftigt<\/strong>.\u00a0 \u2013 liebevoll illustriert und gro\u00df auf die Leinwand projiziert, sodass alle das fr\u00f6hliche Wiesel-,Weihnachtsfest hautnah miterleben k\u00f6nnen.<\/p>\n<p data-start=\"273\" data-end=\"546\"><img loading=\"lazy\" decoding=\"async\" class=\"wp-image-6006 alignright\" src=\"https:\/\/gemeindebuechereikastl.de\/wp-content\/uploads\/2025\/10\/Kastler-Vorlesezeit-25-26.jpg\" alt=\"\" width=\"487\" height=\"685\" srcset=\"https:\/\/gemeindebuechereikastl.de\/wp-content\/uploads\/2025\/10\/Kastler-Vorlesezeit-25-26.jpg 634w, https:\/\/gemeindebuechereikastl.de\/wp-content\/uploads\/2025\/10\/Kastler-Vorlesezeit-25-26-213x300.jpg 213w\" sizes=\"auto, (max-width: 487px) 100vw, 487px\" \/>Weiter geht es im neuen Jahr am <strong data-start=\"305\" data-end=\"324\">17. Januar 2026<\/strong> mit <em data-start=\"329\" data-end=\"363\">\u201eDie Schnecke und der Buckelwal\u201c<\/em> \u2013 einer zauberhaften Geschichte \u00fcber Mut, Freundschaft und die Sehnsucht nach gro\u00dfen Abenteuern.<br \/>\n<br data-start=\"460\" data-end=\"463\" \/>Ein besonderes Highlight folgt am <strong data-start=\"582\" data-end=\"597\">21. Februar<\/strong>: die <strong data-start=\"603\" data-end=\"630\">Kuscheltier-Vorlesezeit<\/strong> zu <em data-start=\"634\" data-end=\"648\">\u201ePu der B\u00e4r\u201c<\/em>. Hier d\u00fcrfen Kinder gemeinsam mit ihren liebsten Pl\u00fcschtieren lauschen, wie der gutm\u00fctige B\u00e4r aus dem Hundertmorgenwald seine charmant-chaotischen Abenteuer erlebt.<br \/>\n<br data-start=\"813\" data-end=\"816\" \/>Am <strong data-start=\"849\" data-end=\"861\">21. M\u00e4rz<\/strong> hei\u00dft es dann <em data-start=\"876\" data-end=\"897\">\u201eFr\u00fchlingserwachen\u201c<\/em> \u2013 eine musikalisch begleitete Vorlesezeit nach dem gleichnamigen Gedicht von Josef Guggenmos. Dabei tauchen die Kinder spielerisch in die Welt der Poesie ein.<\/p>\n<p data-start=\"1060\" data-end=\"1270\">Der <strong data-start=\"1064\" data-end=\"1077\">18. April<\/strong> steht ganz im Zeichen der beliebten Apfelbaumhexe <strong data-start=\"1128\" data-end=\"1151\">Petronella Apfelmus &#8211; Verhext und festgeklebt<\/strong> von Sabine St\u00e4ding, die mit Witz, Magie und einem Hauch Apfelduft die Herzen aller kleinen Zuh\u00f6rer im Sturm erobert.<\/p>\n<p data-start=\"1272\" data-end=\"1602\"><strong data-start=\"1272\" data-end=\"1296\">Ein rasantes Finale:<\/strong><br data-start=\"1296\" data-end=\"1299\" \/>Zum Abschluss der <strong data-start=\"1317\" data-end=\"1350\">KASTLER VORLESEZEIT 2025\/2026<\/strong> l\u00e4dt die B\u00fccherei am <strong data-start=\"1372\" data-end=\"1383\">16. Mai<\/strong> zu einer ganz besonderen Geschichte ein: <em data-start=\"1425\" data-end=\"1449\">\u201eHey, hey, hey, Taxi!\u201c<\/em> \u2013 ein wildes, fantasievolles Kinderbuch voller \u00dcberraschungen, das seine jungen Zuh\u00f6rer auf eine rasante Fahrt durch fantastische Erz\u00e4hlwelten mitnimmt.<\/p>\n","protected":false},"excerpt":{"rendered":"<p>\u00a0KASTLER VORLESEZEIT 2025\/2026 \u2013 Zauberhafte Geschichten zum Lauschen, Tr\u00e4umen und Mitmachen Von Oktober 2025 bis Mai 2026 l\u00e4dt das B\u00fcchereiteam alle Kinder herzlich wieder zu den beliebten \u201eKastler Vorlesefesten\u201c ein \u2013 lebendige, fantasievolle und liebevoll gestaltete Vorlesestunden, bei denen\u00a0nicht nur zugeh\u00f6rt, sondern auch mitgemacht werden darf. Gestartet wurde die neue Vorlesesaison am Sonntag, 5. Oktober, &hellip; <\/p>\n<p><a class=\"more-link btn\" href=\"https:\/\/gemeindebuechereikastl.de\/?p=6005\">Weiterlesen<\/a><\/p>\n","protected":false},"author":1,"featured_media":6016,"comment_status":"closed","ping_status":"closed","sticky":false,"template":"","format":"standard","meta":{"footnotes":""},"categories":[1],"tags":[540,660,723],"class_list":["post-6005","post","type-post","status-publish","format-standard","has-post-thumbnail","hentry","category-team","tag-bilderbuchkino","tag-kastler-vorlesezeit","tag-vorlesefeste","item-wrap"],"_links":{"self":[{"href":"https:\/\/gemeindebuechereikastl.de\/index.php?rest_route=\/wp\/v2\/posts\/6005","targetHints":{"allow":["GET"]}}],"collection":[{"href":"https:\/\/gemeindebuechereikastl.de\/index.php?rest_route=\/wp\/v2\/posts"}],"about":[{"href":"https:\/\/gemeindebuechereikastl.de\/index.php?rest_route=\/wp\/v2\/types\/post"}],"author":[{"embeddable":true,"href":"https:\/\/gemeindebuechereikastl.de\/index.php?rest_route=\/wp\/v2\/users\/1"}],"replies":[{"embeddable":true,"href":"https:\/\/gemeindebuechereikastl.de\/index.php?rest_route=%2Fwp%2Fv2%2Fcomments&post=6005"}],"version-history":[{"count":6,"href":"https:\/\/gemeindebuechereikastl.de\/index.php?rest_route=\/wp\/v2\/posts\/6005\/revisions"}],"predecessor-version":[{"id":6014,"href":"https:\/\/gemeindebuechereikastl.de\/index.php?rest_route=\/wp\/v2\/posts\/6005\/revisions\/6014"}],"wp:featuredmedia":[{"embeddable":true,"href":"https:\/\/gemeindebuechereikastl.de\/index.php?rest_route=\/wp\/v2\/media\/6016"}],"wp:attachment":[{"href":"https:\/\/gemeindebuechereikastl.de\/index.php?rest_route=%2Fwp%2Fv2%2Fmedia&parent=6005"}],"wp:term":[{"taxonomy":"category","embeddable":true,"href":"https:\/\/gemeindebuechereikastl.de\/index.php?rest_route=%2Fwp%2Fv2%2Fcategories&post=6005"},{"taxonomy":"post_tag","embeddable":true,"href":"https:\/\/gemeindebuechereikastl.de\/index.php?rest_route=%2Fwp%2Fv2%2Ftags&post=6005"}],"curies":[{"name":"wp","href":"https:\/\/api.w.org\/{rel}","templated":true}]}}