{"id":6021,"date":"2025-10-24T09:20:30","date_gmt":"2025-10-24T09:20:30","guid":{"rendered":"https:\/\/gemeindebuechereikastl.de\/?p=6021"},"modified":"2025-10-24T10:14:16","modified_gmt":"2025-10-24T10:14:16","slug":"gemeindebuecherei-kastl-jetzt-auch-auf-instagram-digital-nah-mitten-im-leben","status":"publish","type":"post","link":"https:\/\/gemeindebuechereikastl.de\/?p=6021","title":{"rendered":"Gemeindeb\u00fccherei Kastl jetzt auch auf Instagram \u2013 digital, nah, mitten im Leben"},"content":{"rendered":"<h2 style=\"text-align: center;\"><span style=\"color: #ff6600;\">B\u00fcchereitesam jetzt digital, nah, mitten im Leben mit\u00a0<\/span><\/h2>\n<h2 style=\"text-align: center;\"><span style=\"color: #ff6600;\"><img loading=\"lazy\" decoding=\"async\" class=\"size-medium wp-image-6022 alignleft\" src=\"https:\/\/gemeindebuechereikastl.de\/wp-content\/uploads\/2025\/10\/Insta-Logo-300x300.jpg\" alt=\"\" width=\"300\" height=\"300\" srcset=\"https:\/\/gemeindebuechereikastl.de\/wp-content\/uploads\/2025\/10\/Insta-Logo-300x300.jpg 300w, https:\/\/gemeindebuechereikastl.de\/wp-content\/uploads\/2025\/10\/Insta-Logo-1206x1206.jpg 1206w, https:\/\/gemeindebuechereikastl.de\/wp-content\/uploads\/2025\/10\/Insta-Logo-150x150.jpg 150w, https:\/\/gemeindebuechereikastl.de\/wp-content\/uploads\/2025\/10\/Insta-Logo-768x768.jpg 768w, https:\/\/gemeindebuechereikastl.de\/wp-content\/uploads\/2025\/10\/Insta-Logo-1536x1536.jpg 1536w, https:\/\/gemeindebuechereikastl.de\/wp-content\/uploads\/2025\/10\/Insta-Logo-750x750.jpg 750w, https:\/\/gemeindebuechereikastl.de\/wp-content\/uploads\/2025\/10\/Insta-Logo.jpg 1920w\" sizes=\"auto, (max-width: 300px) 100vw, 300px\" \/><\/span><\/h2>\n<h2 style=\"text-align: center;\"><span style=\"color: #ff6600;\">Instagram<\/span><\/h2>\n<p>Die <strong data-start=\"271\" data-end=\"297\">Gemeindeb\u00fccherei Kastl<\/strong> ist jetzt auch auf Instagram! Unter <a class=\"decorated-link\" href=\"https:\/\/www.instagram.com\/gemeindebuecherei_kastl\" target=\"_new\" rel=\"noopener\" data-start=\"336\" data-end=\"417\"><strong data-start=\"337\" data-end=\"365\">@gemeindebuecherei_kastl<\/strong><\/a>\u00a0finden Interessierte ab sofort <strong data-start=\"449\" data-end=\"497\">aktuelle Neuigkeiten, Veranstaltungshinweise<\/strong> und <strong data-start=\"502\" data-end=\"549\">kreative Einblicke in den Bibliotheksalltag<\/strong>.<\/p>\n<blockquote data-start=\"554\" data-end=\"711\">\n<h4 data-start=\"556\" data-end=\"711\"><span style=\"color: #3366ff;\"><em><strong>\u201eWir m\u00f6chten Informationen teilen, mit Menschen ins Gespr\u00e4ch kommen und als B\u00fccherei noch sichtbarer werden\u201c,<\/strong><\/em><\/span><br data-start=\"665\" data-end=\"668\" \/><span style=\"color: #3366ff;\"><em><strong>sagt das Team der Gemeindeb\u00fccherei Kastl.<\/strong><\/em><\/span><\/h4>\n<\/blockquote>\n<p data-start=\"713\" data-end=\"873\">Ob neue Buchtipps, spannende Veranstaltungen oder charmante Alltagsmomente \u2013 die Beitr\u00e4ge zeigen, wie lebendig und vielseitig Bibliotheksarbeit heute sein kann.<\/p>\n<h3 data-start=\"880\" data-end=\"935\"><strong data-start=\"884\" data-end=\"935\">Social Media als Chance f\u00fcr kleine Bibliotheken<\/strong><\/h3>\n<p data-start=\"937\" data-end=\"1173\">\u00dcber 80 % der Deutschen nutzen soziale Netzwerke \u2013 und auch kleine Bibliotheken entdecken diese\u00a0<img loading=\"lazy\" decoding=\"async\" class=\"alignright wp-image-6024 \" src=\"https:\/\/gemeindebuechereikastl.de\/wp-content\/uploads\/2025\/10\/Instagram-Buecherei.jpg\" alt=\"\" width=\"414\" height=\"405\" srcset=\"https:\/\/gemeindebuechereikastl.de\/wp-content\/uploads\/2025\/10\/Instagram-Buecherei.jpg 1140w, https:\/\/gemeindebuechereikastl.de\/wp-content\/uploads\/2025\/10\/Instagram-Buecherei-300x294.jpg 300w, https:\/\/gemeindebuechereikastl.de\/wp-content\/uploads\/2025\/10\/Instagram-Buecherei-768x752.jpg 768w, https:\/\/gemeindebuechereikastl.de\/wp-content\/uploads\/2025\/10\/Instagram-Buecherei-750x734.jpg 750w\" sizes=\"auto, (max-width: 414px) 100vw, 414px\" \/>Plattformen f\u00fcr sich. Oft sind die personellen und technischen M\u00f6glichkeiten begrenzt, umso beeindruckender ist das Engagement in Kastl:\u00a0Eine junge, kreative Mitarbeiterin betreut den neuen Instagram-Auftritt mit frischen Ideen und viel Herzblut. Ihr Ziel:<\/p>\n<blockquote data-start=\"1299\" data-end=\"1401\">\n<h4 data-start=\"1301\" data-end=\"1401\"><span style=\"color: #3366ff;\"><strong><em>\u201eUnsere B\u00fccherei ist mehr als ein Ort zum Ausleihen \u2013 sie ist ein Treffpunkt f\u00fcr alle Generationen.\u201c<\/em><\/strong><\/span><\/h4>\n<\/blockquote>\n<h3 data-start=\"1408\" data-end=\"1454\"><strong data-start=\"1412\" data-end=\"1454\">Moderne \u00d6ffentlichkeitsarbeit mit Herz<\/strong><\/h3>\n<p data-start=\"1456\" data-end=\"1771\">Bibliotheken sind l\u00e4ngst mehr als B\u00fccherregale \u2013 sie sind Orte des Austauschs, der Inspiration und Begegnung.<br data-start=\"1565\" data-end=\"1568\" \/>Mit dem neuen Instagram-Kanal zeigt die Gemeindeb\u00fccherei Kastl, wie <strong data-start=\"1636\" data-end=\"1674\">authentische \u00d6ffentlichkeitsarbeit<\/strong> auch in kleinen Gemeinden funktionieren kann: sympathisch, nahbar und mit einem Augenzwinkern.\n<\/p>\n<blockquote data-start=\"1773\" data-end=\"1944\">\n<h4 data-start=\"1775\" data-end=\"1944\"><span style=\"color: #3366ff;\">\u201e<em><strong>Wir sind keine Gro\u00dfstadtbibliothek mitiesiger Reichweite\u201c,<\/strong><\/em><\/span><br data-start=\"1836\" data-end=\"1839\" \/><span style=\"color: #3366ff;\"><em><strong>so das Team,<\/strong><\/em><\/span><br data-start=\"1853\" data-end=\"1856\" \/><span style=\"color: #3366ff;\"><em><strong>\u201eaber wir begeistern unsere Community mit Kreativit\u00e4t und Herz \u2013 jeden Tag aufs Neue.\u201c<\/strong><\/em><\/span><\/h4>\n<\/blockquote>\n<hr data-start=\"1946\" data-end=\"1949\" \/>\n<h4 data-start=\"1951\" data-end=\"2194\">&#x1f4f8; <strong data-start=\"1954\" data-end=\"1977\">Neugierig geworden?<\/strong><br data-start=\"1977\" data-end=\"1980\" \/>Dann folge uns auf <a class=\"decorated-link\" href=\"https:\/\/www.instagram.com\/gemeindebuecherei_kastl\" target=\"_new\" rel=\"noopener\" data-start=\"1999\" data-end=\"2065\"><strong data-start=\"2000\" data-end=\"2013\">Instagram<\/strong><\/a><\/h4>\n<p>&nbsp;<\/p>\n","protected":false},"excerpt":{"rendered":"<p>B\u00fcchereitesam jetzt digital, nah, mitten im Leben mit\u00a0 Instagram Die Gemeindeb\u00fccherei Kastl ist jetzt auch auf Instagram! Unter @gemeindebuecherei_kastl\u00a0finden Interessierte ab sofort aktuelle Neuigkeiten, Veranstaltungshinweise und kreative Einblicke in den Bibliotheksalltag. \u201eWir m\u00f6chten Informationen teilen, mit Menschen ins Gespr\u00e4ch kommen und als B\u00fccherei noch sichtbarer werden\u201c,sagt das Team der Gemeindeb\u00fccherei Kastl. Ob neue Buchtipps, spannende &hellip; <\/p>\n<p><a class=\"more-link btn\" href=\"https:\/\/gemeindebuechereikastl.de\/?p=6021\">Weiterlesen<\/a><\/p>\n","protected":false},"author":1,"featured_media":6022,"comment_status":"closed","ping_status":"closed","sticky":false,"template":"","format":"standard","meta":{"footnotes":""},"categories":[1],"tags":[203],"class_list":["post-6021","post","type-post","status-publish","format-standard","has-post-thumbnail","hentry","category-team","tag-instagram","item-wrap"],"_links":{"self":[{"href":"https:\/\/gemeindebuechereikastl.de\/index.php?rest_route=\/wp\/v2\/posts\/6021","targetHints":{"allow":["GET"]}}],"collection":[{"href":"https:\/\/gemeindebuechereikastl.de\/index.php?rest_route=\/wp\/v2\/posts"}],"about":[{"href":"https:\/\/gemeindebuechereikastl.de\/index.php?rest_route=\/wp\/v2\/types\/post"}],"author":[{"embeddable":true,"href":"https:\/\/gemeindebuechereikastl.de\/index.php?rest_route=\/wp\/v2\/users\/1"}],"replies":[{"embeddable":true,"href":"https:\/\/gemeindebuechereikastl.de\/index.php?rest_route=%2Fwp%2Fv2%2Fcomments&post=6021"}],"version-history":[{"count":4,"href":"https:\/\/gemeindebuechereikastl.de\/index.php?rest_route=\/wp\/v2\/posts\/6021\/revisions"}],"predecessor-version":[{"id":6029,"href":"https:\/\/gemeindebuechereikastl.de\/index.php?rest_route=\/wp\/v2\/posts\/6021\/revisions\/6029"}],"wp:featuredmedia":[{"embeddable":true,"href":"https:\/\/gemeindebuechereikastl.de\/index.php?rest_route=\/wp\/v2\/media\/6022"}],"wp:attachment":[{"href":"https:\/\/gemeindebuechereikastl.de\/index.php?rest_route=%2Fwp%2Fv2%2Fmedia&parent=6021"}],"wp:term":[{"taxonomy":"category","embeddable":true,"href":"https:\/\/gemeindebuechereikastl.de\/index.php?rest_route=%2Fwp%2Fv2%2Fcategories&post=6021"},{"taxonomy":"post_tag","embeddable":true,"href":"https:\/\/gemeindebuechereikastl.de\/index.php?rest_route=%2Fwp%2Fv2%2Ftags&post=6021"}],"curies":[{"name":"wp","href":"https:\/\/api.w.org\/{rel}","templated":true}]}}