{"id":604,"date":"2018-08-01T15:30:26","date_gmt":"2018-08-01T15:30:26","guid":{"rendered":"http:\/\/gemeindebuechereikastl.de\/?p=604"},"modified":"2018-08-01T15:32:29","modified_gmt":"2018-08-01T15:32:29","slug":"brezen-und-buecherstand-wieder-toller-erfolg","status":"publish","type":"post","link":"https:\/\/gemeindebuechereikastl.de\/?p=604","title":{"rendered":"Brezen und B\u00fccherstand wieder toller Erfolg"},"content":{"rendered":"<h2 style=\"text-align: center;\"><span style=\"color: #ff9900;\">20. bis 22. Juli 2018\u00a0~ Toller Erfolg des Teams <\/span><span style=\"color: #ff9900;\">mit Brezen- und B\u00fccherstand am Kastler B\u00fcrgerfest<\/span><\/h2>\n<h2><strong><img loading=\"lazy\" decoding=\"async\" class=\"size-large wp-image-605 aligncenter\" src=\"https:\/\/gemeindebuechereikastl.de\/wp-content\/uploads\/2018\/08\/B\u00fcrgerfest-1-1024x643.jpg\" alt=\"\" width=\"750\" height=\"471\" srcset=\"https:\/\/gemeindebuechereikastl.de\/wp-content\/uploads\/2018\/08\/B\u00fcrgerfest-1-1024x643.jpg 1024w, https:\/\/gemeindebuechereikastl.de\/wp-content\/uploads\/2018\/08\/B\u00fcrgerfest-1-300x188.jpg 300w, https:\/\/gemeindebuechereikastl.de\/wp-content\/uploads\/2018\/08\/B\u00fcrgerfest-1-768x482.jpg 768w\" sizes=\"auto, (max-width: 750px) 100vw, 750px\" \/><\/strong><\/h2>\n<p style=\"text-align: left;\">Wie alle Jahre war das B\u00fcchereiteam auch in diesem\u00a0Jahr wieder vom 20. bis 22. Juli am B\u00fcrgerfest mit einem Stand am Marktplatz vertreten. Mit \u00fcber 200 ehrenamtlichen Stunden bot das B\u00fcchereiteam den Besuchern an unserem Stand am B\u00fcrgerfest wieder gut erhaltene B\u00fccher und diverse Backwaren mit Obazd\u00b4n zum Verkauf an.<br \/>\n<img loading=\"lazy\" decoding=\"async\" class=\"wp-image-606 alignleft\" src=\"https:\/\/gemeindebuechereikastl.de\/wp-content\/uploads\/2018\/08\/B\u00fcrgerfest-2-1024x658.jpg\" alt=\"\" width=\"565\" height=\"363\" srcset=\"https:\/\/gemeindebuechereikastl.de\/wp-content\/uploads\/2018\/08\/B\u00fcrgerfest-2-1024x658.jpg 1024w, https:\/\/gemeindebuechereikastl.de\/wp-content\/uploads\/2018\/08\/B\u00fcrgerfest-2-300x193.jpg 300w, https:\/\/gemeindebuechereikastl.de\/wp-content\/uploads\/2018\/08\/B\u00fcrgerfest-2-768x494.jpg 768w\" sizes=\"auto, (max-width: 565px) 100vw, 565px\" \/>Nach dem herrlichen Sommerwetter am Freitag, bangten wir mit den anderen Vereinen am Samstag und Sonntag wie das Wetter wird und ob es regnet oder nicht. Aber der Wettergott hatte ein Einsehen mit den Kastlern, so dass nur am Sonntagvormittag ein bisschen Regen fiel. Deshalb waren die B\u00fccherfreunde an allen drei Tagen am Flohmarktstand, w\u00e4hrend des gesamten B\u00fcrgerfestes bis in die Nacht hinein aktiv. Auch der Verkauf von diversen Backwaren wie Schinkenstangen, Brezen und Brotzeitstangen kam gut an. Super eingeschlagen hat auch wieder das Angebot von selbstgemachten Obatz\u2019n aus dem Hause D\u00fcrr und von Schnittlauchbroten.<br \/>\n<em><strong><img loading=\"lazy\" decoding=\"async\" class=\" wp-image-608 aligncenter\" src=\"https:\/\/gemeindebuechereikastl.de\/wp-content\/uploads\/2018\/08\/b\u00fcrgerfest-2018-1024x553.jpg\" alt=\"\" width=\"639\" height=\"345\" srcset=\"https:\/\/gemeindebuechereikastl.de\/wp-content\/uploads\/2018\/08\/b\u00fcrgerfest-2018-1024x553.jpg 1024w, https:\/\/gemeindebuechereikastl.de\/wp-content\/uploads\/2018\/08\/b\u00fcrgerfest-2018-300x162.jpg 300w, https:\/\/gemeindebuechereikastl.de\/wp-content\/uploads\/2018\/08\/b\u00fcrgerfest-2018-768x415.jpg 768w\" sizes=\"auto, (max-width: 639px) 100vw, 639px\" \/>Der Erl\u00f6s aus beiden Aktionen wird f\u00fcr den Erwerb von neuen B\u00fcchern und anderen Medien verwendet. Diese werden dann am 13. und 14. Oktober beim \u201eTAG der OFFENEN T\u00dcR&#8220; allen Interessierten Leserinnen und Lesern zum ersten Mal pr\u00e4sentiert und vorgestellt und k\u00f6nnen hernach auch gleich entleihen zu werden.<br \/>\nF\u00fcr alle die nicht bis zum \u201eTag der offenen T\u00fcr\u201c warten k\u00f6nnen, gibt es bereits ab Ende September hier auf der Homepage einen \u00dcberblick \u00fcber alle neuen B\u00fccher. Sie sind im \u201eOnline-Katalog\u201c unter \u201eNeue Titel\u201c zu finden!<\/strong><\/em><\/p>\n","protected":false},"excerpt":{"rendered":"<p>20. bis 22. Juli 2018\u00a0~ Toller Erfolg des Teams mit Brezen- und B\u00fccherstand am Kastler B\u00fcrgerfest Wie alle Jahre war das B\u00fcchereiteam auch in diesem\u00a0Jahr wieder vom 20. bis 22. Juli am B\u00fcrgerfest mit einem Stand am Marktplatz vertreten. Mit \u00fcber 200 ehrenamtlichen Stunden bot das B\u00fcchereiteam den Besuchern an unserem Stand am B\u00fcrgerfest wieder &hellip; <\/p>\n<p><a class=\"more-link btn\" href=\"https:\/\/gemeindebuechereikastl.de\/?p=604\">Weiterlesen<\/a><\/p>\n","protected":false},"author":1,"featured_media":0,"comment_status":"closed","ping_status":"closed","sticky":false,"template":"","format":"standard","meta":{"footnotes":""},"categories":[1],"tags":[65,58,64,60,59,67,66],"class_list":["post-604","post","type-post","status-publish","format-standard","hentry","category-team","tag-brezen","tag-buecher","tag-buechereiteam","tag-buecherflohmarkt","tag-flohmarkt","tag-obatzn","tag-schinkenstangen","item-wrap"],"_links":{"self":[{"href":"https:\/\/gemeindebuechereikastl.de\/index.php?rest_route=\/wp\/v2\/posts\/604","targetHints":{"allow":["GET"]}}],"collection":[{"href":"https:\/\/gemeindebuechereikastl.de\/index.php?rest_route=\/wp\/v2\/posts"}],"about":[{"href":"https:\/\/gemeindebuechereikastl.de\/index.php?rest_route=\/wp\/v2\/types\/post"}],"author":[{"embeddable":true,"href":"https:\/\/gemeindebuechereikastl.de\/index.php?rest_route=\/wp\/v2\/users\/1"}],"replies":[{"embeddable":true,"href":"https:\/\/gemeindebuechereikastl.de\/index.php?rest_route=%2Fwp%2Fv2%2Fcomments&post=604"}],"version-history":[{"count":1,"href":"https:\/\/gemeindebuechereikastl.de\/index.php?rest_route=\/wp\/v2\/posts\/604\/revisions"}],"predecessor-version":[{"id":609,"href":"https:\/\/gemeindebuechereikastl.de\/index.php?rest_route=\/wp\/v2\/posts\/604\/revisions\/609"}],"wp:attachment":[{"href":"https:\/\/gemeindebuechereikastl.de\/index.php?rest_route=%2Fwp%2Fv2%2Fmedia&parent=604"}],"wp:term":[{"taxonomy":"category","embeddable":true,"href":"https:\/\/gemeindebuechereikastl.de\/index.php?rest_route=%2Fwp%2Fv2%2Fcategories&post=604"},{"taxonomy":"post_tag","embeddable":true,"href":"https:\/\/gemeindebuechereikastl.de\/index.php?rest_route=%2Fwp%2Fv2%2Ftags&post=604"}],"curies":[{"name":"wp","href":"https:\/\/api.w.org\/{rel}","templated":true}]}}