{"id":6071,"date":"2025-11-09T10:53:09","date_gmt":"2025-11-09T10:53:09","guid":{"rendered":"https:\/\/gemeindebuechereikastl.de\/?p=6071"},"modified":"2025-11-12T17:47:56","modified_gmt":"2025-11-12T17:47:56","slug":"online-katalog-wieder-verfuegbar-2","status":"publish","type":"post","link":"https:\/\/gemeindebuechereikastl.de\/?p=6071","title":{"rendered":"ONLINE &#8211; KATALOG wieder verf\u00fcgbar!"},"content":{"rendered":"<h2 data-start=\"198\" data-end=\"256\"><span style=\"color: #008000;\"><strong data-start=\"198\" data-end=\"256\">Liebe Leserinnen und Leser der Gemeindeb\u00fccherei Kastl<\/strong><\/span><\/h2>\n<p data-start=\"258\" data-end=\"501\">unser<a href=\"https:\/\/iopac.gemeindebuechereikastl.de\/iopac\/index.htm\"> <span style=\"color: #008000;\"><strong>ONLINE &#8211; KATALOG ist wieder verf\u00fcgbar!<\/strong><\/span><\/a> und kann nun wie gewohnt ben\u00fctzt werden.<br \/>\nWir bitten nochmals um <strong>E<\/strong>ntschuldigung\u00a0f\u00fcr die Unannehmlichkeiten in den vergangenen Wochen.<\/p>\n<p data-start=\"258\" data-end=\"501\"><a href=\"https:\/\/iopac.gemeindebuechereikastl.de\/iopac\/index.htm\"><img loading=\"lazy\" decoding=\"async\" class=\"alignleft wp-image-1970 \" src=\"https:\/\/gemeindebuechereikastl.de\/wp-content\/uploads\/2021\/03\/Online-Katalog.jpg\" alt=\"\" width=\"360\" height=\"354\" srcset=\"https:\/\/gemeindebuechereikastl.de\/wp-content\/uploads\/2021\/03\/Online-Katalog.jpg 818w, https:\/\/gemeindebuechereikastl.de\/wp-content\/uploads\/2021\/03\/Online-Katalog-300x295.jpg 300w, https:\/\/gemeindebuechereikastl.de\/wp-content\/uploads\/2021\/03\/Online-Katalog-768x756.jpg 768w, https:\/\/gemeindebuechereikastl.de\/wp-content\/uploads\/2021\/03\/Online-Katalog-750x738.jpg 750w\" sizes=\"auto, (max-width: 360px) 100vw, 360px\" \/><\/a><\/p>\n<p>Es gibt zwar noch ein paar kleine Fehler die wir hoffentlich in den n\u00e4chsten Tagen noch beheben k\u00f6nnen<\/p>\n<p data-start=\"875\" data-end=\"998\">Die\u00a0<strong data-start=\"888\" data-end=\"922\">telefonische <\/strong><strong data-start=\"888\" data-end=\"922\">Verl\u00e4ngerungen <\/strong>\u00a0ist weiterhin m\u00f6glich unter<br data-start=\"928\" data-end=\"931\" \/>&#x1f4de; <strong data-start=\"934\" data-end=\"953\">09625 \u2013 9091188<\/strong><br data-start=\"953\" data-end=\"956\" \/><strong>aber nur zu den \u00d6ffnungszeiten.<\/strong><\/p>\n<p data-start=\"1000\" data-end=\"1050\"><strong><span style=\"color: #008000;\">Vielen Dank f\u00fcr Ihr Verst\u00e4ndnis und Ihre Geduld!<\/span><\/strong><\/p>\n","protected":false},"excerpt":{"rendered":"<p>Liebe Leserinnen und Leser der Gemeindeb\u00fccherei Kastl unser ONLINE &#8211; KATALOG ist wieder verf\u00fcgbar! und kann nun wie gewohnt ben\u00fctzt werden. Wir bitten nochmals um Entschuldigung\u00a0f\u00fcr die Unannehmlichkeiten in den vergangenen Wochen. Es gibt zwar noch ein paar kleine Fehler die wir hoffentlich in den n\u00e4chsten Tagen noch beheben k\u00f6nnen Die\u00a0telefonische Verl\u00e4ngerungen \u00a0ist weiterhin m\u00f6glich &hellip; <\/p>\n<p><a class=\"more-link btn\" href=\"https:\/\/gemeindebuechereikastl.de\/?p=6071\">Weiterlesen<\/a><\/p>\n","protected":false},"author":1,"featured_media":5628,"comment_status":"closed","ping_status":"closed","sticky":false,"template":"","format":"standard","meta":{"footnotes":""},"categories":[1],"tags":[719],"class_list":["post-6071","post","type-post","status-publish","format-standard","has-post-thumbnail","hentry","category-team","tag-online-katalog-2","item-wrap"],"_links":{"self":[{"href":"https:\/\/gemeindebuechereikastl.de\/index.php?rest_route=\/wp\/v2\/posts\/6071","targetHints":{"allow":["GET"]}}],"collection":[{"href":"https:\/\/gemeindebuechereikastl.de\/index.php?rest_route=\/wp\/v2\/posts"}],"about":[{"href":"https:\/\/gemeindebuechereikastl.de\/index.php?rest_route=\/wp\/v2\/types\/post"}],"author":[{"embeddable":true,"href":"https:\/\/gemeindebuechereikastl.de\/index.php?rest_route=\/wp\/v2\/users\/1"}],"replies":[{"embeddable":true,"href":"https:\/\/gemeindebuechereikastl.de\/index.php?rest_route=%2Fwp%2Fv2%2Fcomments&post=6071"}],"version-history":[{"count":6,"href":"https:\/\/gemeindebuechereikastl.de\/index.php?rest_route=\/wp\/v2\/posts\/6071\/revisions"}],"predecessor-version":[{"id":6078,"href":"https:\/\/gemeindebuechereikastl.de\/index.php?rest_route=\/wp\/v2\/posts\/6071\/revisions\/6078"}],"wp:featuredmedia":[{"embeddable":true,"href":"https:\/\/gemeindebuechereikastl.de\/index.php?rest_route=\/wp\/v2\/media\/5628"}],"wp:attachment":[{"href":"https:\/\/gemeindebuechereikastl.de\/index.php?rest_route=%2Fwp%2Fv2%2Fmedia&parent=6071"}],"wp:term":[{"taxonomy":"category","embeddable":true,"href":"https:\/\/gemeindebuechereikastl.de\/index.php?rest_route=%2Fwp%2Fv2%2Fcategories&post=6071"},{"taxonomy":"post_tag","embeddable":true,"href":"https:\/\/gemeindebuechereikastl.de\/index.php?rest_route=%2Fwp%2Fv2%2Ftags&post=6071"}],"curies":[{"name":"wp","href":"https:\/\/api.w.org\/{rel}","templated":true}]}}