{"id":6108,"date":"2025-11-24T15:22:03","date_gmt":"2025-11-24T15:22:03","guid":{"rendered":"https:\/\/gemeindebuechereikastl.de\/?p=6108"},"modified":"2025-11-24T15:22:32","modified_gmt":"2025-11-24T15:22:32","slug":"vorlesetag-in-der-gemeindebuecherei-kastl-begeistert-junge-zuhoerer","status":"publish","type":"post","link":"https:\/\/gemeindebuechereikastl.de\/?p=6108","title":{"rendered":"Vorlesetag in der Gemeindeb\u00fccherei Kastl begeistert junge Zuh\u00f6rer"},"content":{"rendered":"<h2 style=\"text-align: center;\" data-start=\"77\" data-end=\"531\"><span style=\"color: #ff6600;\"><strong>Der Bundesweite Vorlesetag\u00a0 lockte mit Tilda Apfelkern viele Kinder in die B\u00fccherei<\/strong><\/span><\/h2>\n<p data-start=\"533\" data-end=\"917\">Mit liebevoll ausgew\u00e4hlten Geschichten m\u00f6chte der Vorlesetag zeigen, wie Worte Br\u00fccken bauen und Gemeinschaft entstehen lassen. In Kastl durften sich kleine und gro\u00dfe Zuh\u00f6rerinnen und Zuh\u00f6rer diesmal auf die beliebte Kirchenmaus <strong data-start=\"762\" data-end=\"781\">Tilda Apfelkern<\/strong> freuen \u2013 eine kleine Heldin mit gro\u00dfem Herzen, die beweist, dass Freundschaft, Mut und Zusammenhalt in jeder Sprache verstanden werden.<\/p>\n<p data-start=\"533\" data-end=\"917\"><img loading=\"lazy\" decoding=\"async\" class=\"aligncenter wp-image-6110 size-large\" src=\"https:\/\/gemeindebuechereikastl.de\/wp-content\/uploads\/2025\/11\/Volresesn-Tilda-Apfelkern-1603x1202.jpg\" alt=\"\" width=\"750\" height=\"562\" srcset=\"https:\/\/gemeindebuechereikastl.de\/wp-content\/uploads\/2025\/11\/Volresesn-Tilda-Apfelkern-1603x1202.jpg 1603w, https:\/\/gemeindebuechereikastl.de\/wp-content\/uploads\/2025\/11\/Volresesn-Tilda-Apfelkern-300x225.jpg 300w, https:\/\/gemeindebuechereikastl.de\/wp-content\/uploads\/2025\/11\/Volresesn-Tilda-Apfelkern-768x576.jpg 768w, https:\/\/gemeindebuechereikastl.de\/wp-content\/uploads\/2025\/11\/Volresesn-Tilda-Apfelkern-1536x1152.jpg 1536w, https:\/\/gemeindebuechereikastl.de\/wp-content\/uploads\/2025\/11\/Volresesn-Tilda-Apfelkern-750x563.jpg 750w, https:\/\/gemeindebuechereikastl.de\/wp-content\/uploads\/2025\/11\/Volresesn-Tilda-Apfelkern.jpg 2000w\" sizes=\"auto, (max-width: 750px) 100vw, 750px\" \/><\/p>\n<p data-start=\"919\" data-end=\"1673\">Lesepatin <strong data-start=\"929\" data-end=\"945\">Myriam Klatt<\/strong> entf\u00fchrte die Kinder in Tildas zauberhafte Welt und las aus dem Buch <em data-start=\"1015\" data-end=\"1078\">\u201eTilda Apfelkern. Das Zauberpicknick im verwunschenen Garten\u201c<\/em>. Begleitende Bilder halfen dabei, die Geschichte noch lebendiger zu erleben. In der Erz\u00e4hlung erforscht Igel Rupert die Vergangenheit des kleinen Dorfes zwischen den H\u00fcgeln \u2013 und ausgerechnet ein Vorfahre von Tilda, <strong data-start=\"1295\" data-end=\"1317\">Anselmus Apfelkern<\/strong>, soll ein r\u00fcpelhafter Ritter gewesen sein. Gemeinsam mit Pos<img loading=\"lazy\" decoding=\"async\" class=\"wp-image-6090 alignright\" src=\"https:\/\/gemeindebuechereikastl.de\/wp-content\/uploads\/2025\/11\/Tilda-Apfelkern-925x1206.jpg\" alt=\"\" width=\"182\" height=\"238\" srcset=\"https:\/\/gemeindebuechereikastl.de\/wp-content\/uploads\/2025\/11\/Tilda-Apfelkern-925x1206.jpg 925w, https:\/\/gemeindebuechereikastl.de\/wp-content\/uploads\/2025\/11\/Tilda-Apfelkern-230x300.jpg 230w, https:\/\/gemeindebuechereikastl.de\/wp-content\/uploads\/2025\/11\/Tilda-Apfelkern-768x1002.jpg 768w, https:\/\/gemeindebuechereikastl.de\/wp-content\/uploads\/2025\/11\/Tilda-Apfelkern-750x978.jpg 750w, https:\/\/gemeindebuechereikastl.de\/wp-content\/uploads\/2025\/11\/Tilda-Apfelkern.jpg 1150w\" sizes=\"auto, (max-width: 182px) 100vw, 182px\" \/>tmaus Molly begibt sich Tilda auf Spurensuche und landet in einem verwunschenen Burggarten voller Ritter und Burgfr\u00e4ulein. Ob sie dort mehr \u00fcber ihren geheimnisvollen Vorfahren erf\u00e4hrt?<br data-start=\"1563\" data-end=\"1566\" \/>Das Buch sowie viele weitere Geschichten rund um Tilda Apfelkern k\u00f6nnen in der B\u00fccherei ausgeliehen werden.<img loading=\"lazy\" decoding=\"async\" class=\"alignleft wp-image-6109 \" src=\"https:\/\/gemeindebuechereikastl.de\/wp-content\/uploads\/2025\/11\/Basteln-1-1603x1202.jpg\" alt=\"\" width=\"372\" height=\"279\" srcset=\"https:\/\/gemeindebuechereikastl.de\/wp-content\/uploads\/2025\/11\/Basteln-1-1603x1202.jpg 1603w, https:\/\/gemeindebuechereikastl.de\/wp-content\/uploads\/2025\/11\/Basteln-1-300x225.jpg 300w, https:\/\/gemeindebuechereikastl.de\/wp-content\/uploads\/2025\/11\/Basteln-1-768x576.jpg 768w, https:\/\/gemeindebuechereikastl.de\/wp-content\/uploads\/2025\/11\/Basteln-1-1536x1152.jpg 1536w, https:\/\/gemeindebuechereikastl.de\/wp-content\/uploads\/2025\/11\/Basteln-1-750x563.jpg 750w, https:\/\/gemeindebuechereikastl.de\/wp-content\/uploads\/2025\/11\/Basteln-1.jpg 2000w\" sizes=\"auto, (max-width: 372px) 100vw, 372px\" \/><\/p>\n<p data-start=\"1675\" data-end=\"1904\">Nach dem Vorlesen gab es f\u00fcr die Kinder Tee zur St\u00e4rkung, bevor eine kreative Bastelaktion folgte: Aus W\u00e4scheklammern entstanden mit viel Begeisterung bunte M\u00e4use und Drachen. Die kunstvollen Ergebnisse konnten sich sehen lassen.<\/p>\n<p data-start=\"1906\" data-end=\"2172\">Zum Abschluss fragten die Kinder bereits nach der n\u00e4chsten Vorlesezeit. Diese findet am <strong data-start=\"1994\" data-end=\"2019\">Samstag, 20. Dezember<\/strong>, statt \u2013 dann wird es weihnachtlich. Zu h\u00f6ren und zu sehen gibt es ein stimmungsvolles Bilderbuchkino mit dem Titel <strong data-start=\"2136\" data-end=\"2171\">\u201eWie feiern Wiesel Weihnachten\u201c<\/strong>.<\/p>\n","protected":false},"excerpt":{"rendered":"<p>Der Bundesweite Vorlesetag\u00a0 lockte mit Tilda Apfelkern viele Kinder in die B\u00fccherei Mit liebevoll ausgew\u00e4hlten Geschichten m\u00f6chte der Vorlesetag zeigen, wie Worte Br\u00fccken bauen und Gemeinschaft entstehen lassen. In Kastl durften sich kleine und gro\u00dfe Zuh\u00f6rerinnen und Zuh\u00f6rer diesmal auf die beliebte Kirchenmaus Tilda Apfelkern freuen \u2013 eine kleine Heldin mit gro\u00dfem Herzen, die beweist, &hellip; <\/p>\n<p><a class=\"more-link btn\" href=\"https:\/\/gemeindebuechereikastl.de\/?p=6108\">Weiterlesen<\/a><\/p>\n","protected":false},"author":1,"featured_media":6110,"comment_status":"closed","ping_status":"closed","sticky":false,"template":"","format":"standard","meta":{"footnotes":""},"categories":[1],"tags":[239,535,660,727,406],"class_list":["post-6108","post","type-post","status-publish","format-standard","has-post-thumbnail","hentry","category-team","tag-basteln","tag-bundesweiter-vorlesetag","tag-kastler-vorlesezeit","tag-tilda-apfelkern","tag-vorlesetag","item-wrap"],"_links":{"self":[{"href":"https:\/\/gemeindebuechereikastl.de\/index.php?rest_route=\/wp\/v2\/posts\/6108","targetHints":{"allow":["GET"]}}],"collection":[{"href":"https:\/\/gemeindebuechereikastl.de\/index.php?rest_route=\/wp\/v2\/posts"}],"about":[{"href":"https:\/\/gemeindebuechereikastl.de\/index.php?rest_route=\/wp\/v2\/types\/post"}],"author":[{"embeddable":true,"href":"https:\/\/gemeindebuechereikastl.de\/index.php?rest_route=\/wp\/v2\/users\/1"}],"replies":[{"embeddable":true,"href":"https:\/\/gemeindebuechereikastl.de\/index.php?rest_route=%2Fwp%2Fv2%2Fcomments&post=6108"}],"version-history":[{"count":1,"href":"https:\/\/gemeindebuechereikastl.de\/index.php?rest_route=\/wp\/v2\/posts\/6108\/revisions"}],"predecessor-version":[{"id":6111,"href":"https:\/\/gemeindebuechereikastl.de\/index.php?rest_route=\/wp\/v2\/posts\/6108\/revisions\/6111"}],"wp:featuredmedia":[{"embeddable":true,"href":"https:\/\/gemeindebuechereikastl.de\/index.php?rest_route=\/wp\/v2\/media\/6110"}],"wp:attachment":[{"href":"https:\/\/gemeindebuechereikastl.de\/index.php?rest_route=%2Fwp%2Fv2%2Fmedia&parent=6108"}],"wp:term":[{"taxonomy":"category","embeddable":true,"href":"https:\/\/gemeindebuechereikastl.de\/index.php?rest_route=%2Fwp%2Fv2%2Fcategories&post=6108"},{"taxonomy":"post_tag","embeddable":true,"href":"https:\/\/gemeindebuechereikastl.de\/index.php?rest_route=%2Fwp%2Fv2%2Ftags&post=6108"}],"curies":[{"name":"wp","href":"https:\/\/api.w.org\/{rel}","templated":true}]}}