{"id":6122,"date":"2025-12-02T14:21:32","date_gmt":"2025-12-02T14:21:32","guid":{"rendered":"https:\/\/gemeindebuechereikastl.de\/?p=6122"},"modified":"2025-12-02T14:21:32","modified_gmt":"2025-12-02T14:21:32","slug":"kleine-buecherfuechse-ganz-gross-die-vorschulkinder-des-kastler-kindergartens-machten-den-buechereifuehrerschein","status":"publish","type":"post","link":"https:\/\/gemeindebuechereikastl.de\/?p=6122","title":{"rendered":"Kleine B\u00fccherf\u00fcchse ganz gro\u00df, die Vorschulkinder des Kastler Kindergartens machten den B\u00fcchereif\u00fchrerschein"},"content":{"rendered":"<h2 style=\"text-align: center;\" data-start=\"187\" data-end=\"455\"><span style=\"color: #ff6600;\"><strong>Lesefreude wecken: Vorschulkinder erwerben ihren B\u00fcchereif\u00fchrerschein<\/strong><\/span><\/h2>\n<p data-start=\"187\" data-end=\"455\">In der vergangenen Woche herrschte emsiges Treiben in der Gemeindeb\u00fccherei Kastl. Die \u201eRiesen\u201c, die 27 Vorschulkinder des Kindergartens Marienheim, waren zu Gast, um im Rahmen der Lesef\u00f6rderaktion <strong data-start=\"384\" data-end=\"415\">\u201eIch bin ein B\u00fcchereifuchs\u201c<\/strong> ihren B\u00fcchereif\u00fchrerschein zu erwerben.<\/p>\n<p data-start=\"457\" data-end=\"673\"><img loading=\"lazy\" decoding=\"async\" class=\"aligncenter wp-image-6123 size-large\" src=\"https:\/\/gemeindebuechereikastl.de\/wp-content\/uploads\/2025\/12\/Buechereifuechse-1603x1056.jpg\" alt=\"\" width=\"750\" height=\"494\" srcset=\"https:\/\/gemeindebuechereikastl.de\/wp-content\/uploads\/2025\/12\/Buechereifuechse-1603x1056.jpg 1603w, https:\/\/gemeindebuechereikastl.de\/wp-content\/uploads\/2025\/12\/Buechereifuechse-300x198.jpg 300w, https:\/\/gemeindebuechereikastl.de\/wp-content\/uploads\/2025\/12\/Buechereifuechse-768x506.jpg 768w, https:\/\/gemeindebuechereikastl.de\/wp-content\/uploads\/2025\/12\/Buechereifuechse-1536x1012.jpg 1536w, https:\/\/gemeindebuechereikastl.de\/wp-content\/uploads\/2025\/12\/Buechereifuechse-750x494.jpg 750w, https:\/\/gemeindebuechereikastl.de\/wp-content\/uploads\/2025\/12\/Buechereifuechse.jpg 1850w\" sizes=\"auto, (max-width: 750px) 100vw, 750px\" \/><\/p>\n<p data-start=\"457\" data-end=\"673\">An drei aufeinanderfolgenden Tagen tauchten die Kinder spielerisch in die Welt der B\u00fccher ein. Ziel der Aktion war es, Freude am Lesen zu vermitteln und zu zeigen, welche Sch\u00e4tze eine \u00f6ffentliche B\u00fccherei bereith\u00e4lt.<\/p>\n<p data-start=\"675\" data-end=\"1206\"><strong data-start=\"675\" data-end=\"729\">Tag 1: Ein hungriger Fuchs entdeckt die Bibliothek<\/strong><br data-start=\"729\" data-end=\"732\" \/>Zum Auftakt wurde das Bilderbuch <em data-start=\"765\" data-end=\"814\">\u201ePippilothek??? \u2013 Eine Bibliothek wirkt Wunder\u201c<\/em> als Kamishibai-Theater pr\u00e4sentiert. Die Geschichte vom hungrigen Fuchs, der durch seinen Aufenthalt in der Bibliothek zum begeisterten B\u00fccherfreund wird, zog die Kinder sofort in ihren Bann. Anschlie\u00dfend suchten sie mithilfe gezogener Bildkarten passende B\u00fccher und Medien aus verschiedenen Rubriken wie Kinderb\u00fcchern, Zeitschriften, DVDs und Tonies heraus \u2013 voller Neugier und Begeisterung.<\/p>\n<p data-start=\"675\" data-end=\"1206\"><img loading=\"lazy\" decoding=\"async\" class=\"aligncenter wp-image-6124 size-large\" src=\"https:\/\/gemeindebuechereikastl.de\/wp-content\/uploads\/2025\/12\/Buechervorstellung-OG-1603x1078.jpg\" alt=\"\" width=\"750\" height=\"504\" srcset=\"https:\/\/gemeindebuechereikastl.de\/wp-content\/uploads\/2025\/12\/Buechervorstellung-OG-1603x1078.jpg 1603w, https:\/\/gemeindebuechereikastl.de\/wp-content\/uploads\/2025\/12\/Buechervorstellung-OG-300x202.jpg 300w, https:\/\/gemeindebuechereikastl.de\/wp-content\/uploads\/2025\/12\/Buechervorstellung-OG-768x516.jpg 768w, https:\/\/gemeindebuechereikastl.de\/wp-content\/uploads\/2025\/12\/Buechervorstellung-OG-1536x1033.jpg 1536w, https:\/\/gemeindebuechereikastl.de\/wp-content\/uploads\/2025\/12\/Buechervorstellung-OG-2048x1377.jpg 2048w, https:\/\/gemeindebuechereikastl.de\/wp-content\/uploads\/2025\/12\/Buechervorstellung-OG-750x504.jpg 750w\" sizes=\"auto, (max-width: 750px) 100vw, 750px\" \/><\/p>\n<p data-start=\"1208\" data-end=\"1697\"><strong data-start=\"1208\" data-end=\"1259\">Tag 2: Der B\u00fcchereifuchs und der \u201eWaldbuchclub\u201c<\/strong><br data-start=\"1259\" data-end=\"1262\" \/>Auch<img loading=\"lazy\" decoding=\"async\" class=\"wp-image-4101  alignright\" src=\"https:\/\/gemeindebuechereikastl.de\/wp-content\/uploads\/2023\/07\/Buechereifuchs-791x1206.jpg\" alt=\"\" width=\"186\" height=\"283\" srcset=\"https:\/\/gemeindebuechereikastl.de\/wp-content\/uploads\/2023\/07\/Buechereifuchs-791x1206.jpg 791w, https:\/\/gemeindebuechereikastl.de\/wp-content\/uploads\/2023\/07\/Buechereifuchs-197x300.jpg 197w, https:\/\/gemeindebuechereikastl.de\/wp-content\/uploads\/2023\/07\/Buechereifuchs-768x1171.jpg 768w, https:\/\/gemeindebuechereikastl.de\/wp-content\/uploads\/2023\/07\/Buechereifuchs-1007x1536.jpg 1007w, https:\/\/gemeindebuechereikastl.de\/wp-content\/uploads\/2023\/07\/Buechereifuchs-1343x2048.jpg 1343w, https:\/\/gemeindebuechereikastl.de\/wp-content\/uploads\/2023\/07\/Buechereifuchs-750x1144.jpg 750w, https:\/\/gemeindebuechereikastl.de\/wp-content\/uploads\/2023\/07\/Buechereifuchs-scaled.jpg 1678w\" sizes=\"auto, (max-width: 186px) 100vw, 186px\" \/>\u00a0am zweiten Tag begr\u00fc\u00dfte der \u201eB\u00fcchereifuchs\u201c die jungen Besucher und stellte das Buch <em data-start=\"1352\" data-end=\"1372\">\u201eDer Waldbuchclub\u201c<\/em> vor. Die Geschichte um Hasen Hoppel, der B\u00fccher liebt und sich fragt, ob Tiere in Bibliotheken erlaubt sind, sorgte f\u00fcr gespannte Aufmerksamkeit. Danach lernten die Kinder wichtige Regeln zum Umgang mit B\u00fcchern und Medien. Zum Abschluss durfte sich jedes Kind ein eigenes Buch aussuchen und ausleihen \u2013 ein echtes Highlight.<\/p>\n<p data-start=\"1699\" data-end=\"2171\"><strong data-start=\"1699\" data-end=\"1737\">Tag 3: Otto der B\u00fccherb\u00e4r l\u00e4dt ein<\/strong><br data-start=\"1737\" data-end=\"1740\" \/>Der dritte Aktionstag brachte mit dem Vorlesen von <em data-start=\"1791\" data-end=\"1813\">\u201eOtto der B\u00fccherb\u00e4r\u201c<\/em> ein weiteres besonderes Erlebnis. Otto ist am gl\u00fccklichsten, wenn Kinder in seinem Buch lesen \u2013 und wenn niemand hinsieht, geht er selbst auf Entdeckungsreise. Nach der Vorlesestunde pr\u00e4sentierten die Kinder stolz ihre ausgeliehenen B\u00fccher und gaben sie anschlie\u00dfend gemeinsam wieder zur\u00fcck \u2013 ein wichtiger Schritt hin zu selbstst\u00e4ndiger Bibliotheksnutzung.<\/p>\n<p data-start=\"1699\" data-end=\"2171\"><img loading=\"lazy\" decoding=\"async\" class=\"aligncenter wp-image-6126 size-large\" src=\"https:\/\/gemeindebuechereikastl.de\/wp-content\/uploads\/2025\/12\/Rueckgabe-1603x943.jpg\" alt=\"\" width=\"750\" height=\"441\" srcset=\"https:\/\/gemeindebuechereikastl.de\/wp-content\/uploads\/2025\/12\/Rueckgabe-1603x943.jpg 1603w, https:\/\/gemeindebuechereikastl.de\/wp-content\/uploads\/2025\/12\/Rueckgabe-300x176.jpg 300w, https:\/\/gemeindebuechereikastl.de\/wp-content\/uploads\/2025\/12\/Rueckgabe-768x452.jpg 768w, https:\/\/gemeindebuechereikastl.de\/wp-content\/uploads\/2025\/12\/Rueckgabe-1536x903.jpg 1536w, https:\/\/gemeindebuechereikastl.de\/wp-content\/uploads\/2025\/12\/Rueckgabe-2048x1205.jpg 2048w, https:\/\/gemeindebuechereikastl.de\/wp-content\/uploads\/2025\/12\/Rueckgabe-750x441.jpg 750w\" sizes=\"auto, (max-width: 750px) 100vw, 750px\" \/><\/p>\n<p data-start=\"2173\" data-end=\"2493\"><strong data-start=\"2173\" data-end=\"2227\">Feierlicher Abschluss: Urkunden und \u00dcberraschungen<\/strong><br data-start=\"2227\" data-end=\"2230\" \/>Zum Abschluss \u00fcberreichte 3. B\u00fcrgermeisterin Monika Breunig jedem Kind feierlich eine Urkunde mit dem Titel:<br data-start=\"2338\" data-end=\"2341\" \/><strong data-start=\"2341\" data-end=\"2422\"><img loading=\"lazy\" decoding=\"async\" class=\"alignleft wp-image-6127 \" src=\"https:\/\/gemeindebuechereikastl.de\/wp-content\/uploads\/2025\/12\/Buechereifuchs.jpg\" alt=\"\" width=\"218\" height=\"260\" srcset=\"https:\/\/gemeindebuechereikastl.de\/wp-content\/uploads\/2025\/12\/Buechereifuchs.jpg 334w, https:\/\/gemeindebuechereikastl.de\/wp-content\/uploads\/2025\/12\/Buechereifuchs-251x300.jpg 251w\" sizes=\"auto, (max-width: 218px) 100vw, 218px\" \/>\u201eIch bin ein B\u00fcchereifuchs und kenne mich in der Gemeindeb\u00fccherei Kastl aus.\u201c<\/strong><br data-start=\"2422\" data-end=\"2425\" \/>Damit sind die Vorschulkinder nun offiziell gepr\u00fcfte B\u00fcchereif\u00fcchse.<\/p>\n<p data-start=\"2495\" data-end=\"2739\">Als \u00dcberraschung erhielten alle von B\u00fcchereileiter Georg D\u00fcrr und Christa Kastner vom Leitungsteam ein T\u00fcrschild mit der Aufschrift <strong><em data-start=\"2560\" data-end=\"2605\">\u201eBitte nicht st\u00f6ren \u2013 Lesefuchs beim Lesen\u201c<\/em><\/strong> sowie einen praktischen Lesefuchs-Rucksack f\u00fcr zuk\u00fcnftige B\u00fcchereibesuche. Au\u00dferdem durfte sich jedes Kind ein Lesezeichen aussuchen.<\/p>\n<p data-start=\"2741\" data-end=\"2917\">Die Aktion endete mit strahlenden Augen, viel Applaus und einer gro\u00dfen Portion neu geweckter Leselust \u2013 ein gelungener Abschluss einer liebevoll gestalteten Lesef\u00f6rderma\u00dfnahme.<\/p>\n","protected":false},"excerpt":{"rendered":"<p>Lesefreude wecken: Vorschulkinder erwerben ihren B\u00fcchereif\u00fchrerschein In der vergangenen Woche herrschte emsiges Treiben in der Gemeindeb\u00fccherei Kastl. Die \u201eRiesen\u201c, die 27 Vorschulkinder des Kindergartens Marienheim, waren zu Gast, um im Rahmen der Lesef\u00f6rderaktion \u201eIch bin ein B\u00fcchereifuchs\u201c ihren B\u00fcchereif\u00fchrerschein zu erwerben. An drei aufeinanderfolgenden Tagen tauchten die Kinder spielerisch in die Welt der B\u00fccher ein. &hellip; <\/p>\n<p><a class=\"more-link btn\" href=\"https:\/\/gemeindebuechereikastl.de\/?p=6122\">Weiterlesen<\/a><\/p>\n","protected":false},"author":1,"featured_media":6123,"comment_status":"closed","ping_status":"closed","sticky":false,"template":"","format":"standard","meta":{"footnotes":""},"categories":[1],"tags":[179,180,181,602],"class_list":["post-6122","post","type-post","status-publish","format-standard","has-post-thumbnail","hentry","category-team","tag-buechereifuchs","tag-buechereifuehrerschein","tag-kindergarten","tag-lesefoerderung","item-wrap"],"_links":{"self":[{"href":"https:\/\/gemeindebuechereikastl.de\/index.php?rest_route=\/wp\/v2\/posts\/6122","targetHints":{"allow":["GET"]}}],"collection":[{"href":"https:\/\/gemeindebuechereikastl.de\/index.php?rest_route=\/wp\/v2\/posts"}],"about":[{"href":"https:\/\/gemeindebuechereikastl.de\/index.php?rest_route=\/wp\/v2\/types\/post"}],"author":[{"embeddable":true,"href":"https:\/\/gemeindebuechereikastl.de\/index.php?rest_route=\/wp\/v2\/users\/1"}],"replies":[{"embeddable":true,"href":"https:\/\/gemeindebuechereikastl.de\/index.php?rest_route=%2Fwp%2Fv2%2Fcomments&post=6122"}],"version-history":[{"count":1,"href":"https:\/\/gemeindebuechereikastl.de\/index.php?rest_route=\/wp\/v2\/posts\/6122\/revisions"}],"predecessor-version":[{"id":6128,"href":"https:\/\/gemeindebuechereikastl.de\/index.php?rest_route=\/wp\/v2\/posts\/6122\/revisions\/6128"}],"wp:featuredmedia":[{"embeddable":true,"href":"https:\/\/gemeindebuechereikastl.de\/index.php?rest_route=\/wp\/v2\/media\/6123"}],"wp:attachment":[{"href":"https:\/\/gemeindebuechereikastl.de\/index.php?rest_route=%2Fwp%2Fv2%2Fmedia&parent=6122"}],"wp:term":[{"taxonomy":"category","embeddable":true,"href":"https:\/\/gemeindebuechereikastl.de\/index.php?rest_route=%2Fwp%2Fv2%2Fcategories&post=6122"},{"taxonomy":"post_tag","embeddable":true,"href":"https:\/\/gemeindebuechereikastl.de\/index.php?rest_route=%2Fwp%2Fv2%2Ftags&post=6122"}],"curies":[{"name":"wp","href":"https:\/\/api.w.org\/{rel}","templated":true}]}}