{"id":6129,"date":"2025-12-08T09:25:49","date_gmt":"2025-12-08T09:25:49","guid":{"rendered":"https:\/\/gemeindebuechereikastl.de\/?p=6129"},"modified":"2025-12-08T09:59:57","modified_gmt":"2025-12-08T09:59:57","slug":"nikolaus-brachte-frischen-lesestoff-fuer-die-leserinen-und-leser-der-gemeindebuecherei","status":"publish","type":"post","link":"https:\/\/gemeindebuechereikastl.de\/?p=6129","title":{"rendered":"Nikolaus brachte frischen Lesestoff f\u00fcr die Leserinen und Leser der Gemeindeb\u00fccherei"},"content":{"rendered":"<h2 style=\"text-align: center;\" data-start=\"153\" data-end=\"227\"><span style=\"color: #ff6600;\"><strong>Der Nikolaus besuchte auch die B\u00fccherei und brachte f<\/strong><\/span><span style=\"color: #ff6600;\"><strong>rischen Lesestoff\u00a0 f\u00fcr die Leserinnen und Leser der Kastler B\u00fccherei\u00a0<\/strong><\/span><\/h2>\n<p style=\"text-align: center;\" data-start=\"229\" data-end=\"708\"><strong>Nicht nur die Kinder in Kastl freuten sich \u00fcber den Besuch des Nikolaus \u2013 auch die Gemeindeb\u00fccherei durfte eine besondere Bescherung entgegennehmen. Mit einem prall gef\u00fcllten Sack voller neuer B\u00fccher f\u00fcr Jung und Alt sorgte der Nikolaus p\u00fcnktlich zur Adventszeit f\u00fcr reichlich frischen Lesestoff. Die langen Winterabende laden zum Schm\u00f6kern ein, und die neuen Titel bieten beste Gelegenheiten, in spannende Geschichten, ber\u00fchrende Biografien und heitere Erz\u00e4hlungen einzutauchen.<\/strong><\/p>\n<p data-start=\"229\" data-end=\"708\"><img loading=\"lazy\" decoding=\"async\" class=\"aligncenter wp-image-6130 size-large\" src=\"https:\/\/gemeindebuechereikastl.de\/wp-content\/uploads\/2025\/12\/Nikolaus-in-der-Bcherei-1603x968.jpg\" alt=\"\" width=\"750\" height=\"453\" srcset=\"https:\/\/gemeindebuechereikastl.de\/wp-content\/uploads\/2025\/12\/Nikolaus-in-der-Bcherei-1603x968.jpg 1603w, https:\/\/gemeindebuechereikastl.de\/wp-content\/uploads\/2025\/12\/Nikolaus-in-der-Bcherei-300x181.jpg 300w, https:\/\/gemeindebuechereikastl.de\/wp-content\/uploads\/2025\/12\/Nikolaus-in-der-Bcherei-768x464.jpg 768w, https:\/\/gemeindebuechereikastl.de\/wp-content\/uploads\/2025\/12\/Nikolaus-in-der-Bcherei-1536x928.jpg 1536w, https:\/\/gemeindebuechereikastl.de\/wp-content\/uploads\/2025\/12\/Nikolaus-in-der-Bcherei-2048x1237.jpg 2048w, https:\/\/gemeindebuechereikastl.de\/wp-content\/uploads\/2025\/12\/Nikolaus-in-der-Bcherei-750x453.jpg 750w\" sizes=\"auto, (max-width: 750px) 100vw, 750px\" \/><\/p>\n<p data-start=\"710\" data-end=\"1128\">Die Auswahl reicht von warmherzigen Wohlf\u00fchlromanen \u00fcber magische Kinderb\u00fccher bis hin zu kreativen Ideenb\u00fcchern und stimmungsvollen Adventsgeschichten. Sie alle machen die Vorweihnachtszeit zu etwas ganz Besonderem und begleiten Gro\u00df und Klein durch die sch\u00f6nste Zeit des Jahres. Die B\u00fccherei m\u00f6chte ihren Leserinnen und Lesern damit unvergessliche Lesemomente und eine wundervoll besinnliche Weihnachtszeit schenken.<\/p>\n<p data-start=\"710\" data-end=\"1128\"><img loading=\"lazy\" decoding=\"async\" class=\"aligncenter wp-image-6131 size-large\" src=\"https:\/\/gemeindebuechereikastl.de\/wp-content\/uploads\/2025\/12\/20251202_110503-1603x902.jpg\" alt=\"\" width=\"750\" height=\"422\" srcset=\"https:\/\/gemeindebuechereikastl.de\/wp-content\/uploads\/2025\/12\/20251202_110503-1603x902.jpg 1603w, https:\/\/gemeindebuechereikastl.de\/wp-content\/uploads\/2025\/12\/20251202_110503-300x169.jpg 300w, https:\/\/gemeindebuechereikastl.de\/wp-content\/uploads\/2025\/12\/20251202_110503-768x432.jpg 768w, https:\/\/gemeindebuechereikastl.de\/wp-content\/uploads\/2025\/12\/20251202_110503-1536x865.jpg 1536w, https:\/\/gemeindebuechereikastl.de\/wp-content\/uploads\/2025\/12\/20251202_110503-2048x1153.jpg 2048w, https:\/\/gemeindebuechereikastl.de\/wp-content\/uploads\/2025\/12\/20251202_110503-750x422.jpg 750w\" sizes=\"auto, (max-width: 750px) 100vw, 750px\" \/><\/p>\n<p data-start=\"1130\" data-end=\"1455\">F\u00fcr erwachsene Leserinnen und Leser brachte der Nikolaus unter anderem den neuen Eberhofer-Krimi <em data-start=\"1227\" data-end=\"1245\">Apfelstrudelmord<\/em>, den neunten Miss-Merkel-Band <em data-start=\"1276\" data-end=\"1304\">Mord unterm Weihnachtsbaum<\/em> sowie <em data-start=\"1311\" data-end=\"1322\">Raun\u00e4chte<\/em>, den aktuellen Roman von Ellen Sandberg. Auch Hera Linds <em data-start=\"1380\" data-end=\"1399\">Die stille Heldin<\/em> ist nun im Bestand \u2013 um nur einige Beispiele zu nennen.<\/p>\n<p data-start=\"1457\" data-end=\"1541\">Neue Titel sind au\u00dferdem in den Rubriken \u201eYoung Adult\u201c und \u201eNew Adult\u201c eingetroffen.<\/p>\n<p data-start=\"1543\" data-end=\"1718\">Im Sachbuchbereich finden sich unter anderem eine neue Biografie \u00fcber Laura Dahlmeier sowie <em data-start=\"1635\" data-end=\"1717\">Ich wei\u00df es doch auch nicht \u2013 101 entlastende Antworten auf existenzielle Fragen<\/em>.<\/p>\n<p data-start=\"1720\" data-end=\"2136\">Auch f\u00fcr kleine Leseratten gibt es viel Neues zu entdecken: das Buch zum Film <em data-start=\"1798\" data-end=\"1837\">Pumuckl und das gro\u00dfe Missverst\u00e4ndnis<\/em>, neue Abenteuer vom Ponyhof Apfelbl\u00fcte, ein neuer Band aus der Reihe <em data-start=\"1901\" data-end=\"1922\">Petronella Apfelmus<\/em> (<em data-start=\"1924\" data-end=\"1952\">Hexenschuss und Zaubernuss<\/em>) sowie <em data-start=\"1960\" data-end=\"1995\">Karlchen hilft dem Weihnachtsmann<\/em>. F\u00fcr die J\u00fcngsten stehen au\u00dferdem das Bilderbuch <em data-start=\"2045\" data-end=\"2087\">Otto f\u00e4hrt los \u2013 Weihnachten in Finnland<\/em> und das neue Wimmelbuch <em data-start=\"2112\" data-end=\"2128\">Amberg wimmelt<\/em> bereit.<\/p>\n<p data-start=\"2138\" data-end=\"2386\">Die Liste der Neuanschaffungen ist umfangreich und h\u00e4lt f\u00fcr jeden Geschmack etwas Passendes bereit. Wer neugierig geworden ist, kann alle neuen Titel nicht nur vor Ort, sondern auch in unserem<strong><a href=\"https:\/\/iopac.gemeindebuechereikastl.de\/iopac\/index.htm\"> Online-Katalog<\/a><\/strong> unter der Rubrik \u201eNeue Titel\u201c entdecken.<\/p>\n<h4 style=\"text-align: center;\" data-start=\"2388\" data-end=\"2652\"><span style=\"color: #800000;\">Das B\u00fcchereiteam l\u00e4dt alle Leserinnen und Leser herzlich ein, w\u00e4hrend der \u00d6ffnungszeiten vorbeizukommen und die neuen B\u00fccher auszuleihen. Machen Sie es sich an den kalten Wintertagen mit einem guten Buch gem\u00fctlich \u2013 der perfekte Begleiter f\u00fcr die festliche Jahreszeit!<\/span><\/h4>\n","protected":false},"excerpt":{"rendered":"<p>Der Nikolaus besuchte auch die B\u00fccherei und brachte frischen Lesestoff\u00a0 f\u00fcr die Leserinnen und Leser der Kastler B\u00fccherei\u00a0 Nicht nur die Kinder in Kastl freuten sich \u00fcber den Besuch des Nikolaus \u2013 auch die Gemeindeb\u00fccherei durfte eine besondere Bescherung entgegennehmen. Mit einem prall gef\u00fcllten Sack voller neuer B\u00fccher f\u00fcr Jung und Alt sorgte der Nikolaus &hellip; <\/p>\n<p><a class=\"more-link btn\" href=\"https:\/\/gemeindebuechereikastl.de\/?p=6129\">Weiterlesen<\/a><\/p>\n","protected":false},"author":1,"featured_media":6130,"comment_status":"closed","ping_status":"closed","sticky":false,"template":"","format":"standard","meta":{"footnotes":""},"categories":[1],"tags":[190,85,411],"class_list":["post-6129","post","type-post","status-publish","format-standard","has-post-thumbnail","hentry","category-team","tag-kinderbuecher","tag-neue-buecher","tag-weihnachtsbuecher","item-wrap"],"_links":{"self":[{"href":"https:\/\/gemeindebuechereikastl.de\/index.php?rest_route=\/wp\/v2\/posts\/6129","targetHints":{"allow":["GET"]}}],"collection":[{"href":"https:\/\/gemeindebuechereikastl.de\/index.php?rest_route=\/wp\/v2\/posts"}],"about":[{"href":"https:\/\/gemeindebuechereikastl.de\/index.php?rest_route=\/wp\/v2\/types\/post"}],"author":[{"embeddable":true,"href":"https:\/\/gemeindebuechereikastl.de\/index.php?rest_route=\/wp\/v2\/users\/1"}],"replies":[{"embeddable":true,"href":"https:\/\/gemeindebuechereikastl.de\/index.php?rest_route=%2Fwp%2Fv2%2Fcomments&post=6129"}],"version-history":[{"count":4,"href":"https:\/\/gemeindebuechereikastl.de\/index.php?rest_route=\/wp\/v2\/posts\/6129\/revisions"}],"predecessor-version":[{"id":6133,"href":"https:\/\/gemeindebuechereikastl.de\/index.php?rest_route=\/wp\/v2\/posts\/6129\/revisions\/6133"}],"wp:featuredmedia":[{"embeddable":true,"href":"https:\/\/gemeindebuechereikastl.de\/index.php?rest_route=\/wp\/v2\/media\/6130"}],"wp:attachment":[{"href":"https:\/\/gemeindebuechereikastl.de\/index.php?rest_route=%2Fwp%2Fv2%2Fmedia&parent=6129"}],"wp:term":[{"taxonomy":"category","embeddable":true,"href":"https:\/\/gemeindebuechereikastl.de\/index.php?rest_route=%2Fwp%2Fv2%2Fcategories&post=6129"},{"taxonomy":"post_tag","embeddable":true,"href":"https:\/\/gemeindebuechereikastl.de\/index.php?rest_route=%2Fwp%2Fv2%2Ftags&post=6129"}],"curies":[{"name":"wp","href":"https:\/\/api.w.org\/{rel}","templated":true}]}}