{"id":6135,"date":"2025-12-08T09:50:55","date_gmt":"2025-12-08T09:50:55","guid":{"rendered":"https:\/\/gemeindebuechereikastl.de\/?p=6135"},"modified":"2025-12-08T09:57:01","modified_gmt":"2025-12-08T09:57:01","slug":"weihnachts-buch-ausstellungen-fuer-jung-und-alt-mit-vielen-besinnlichen-nachdenklichen-interessanten-und-lustigen-weihnachtsbuechern","status":"publish","type":"post","link":"https:\/\/gemeindebuechereikastl.de\/?p=6135","title":{"rendered":"Weihnachts\u2013Buch\u2013Ausstellungen f\u00fcr Jung und alt mit vielen besinnlichen, nachdenklichen, interessanten und lustigen Weihnachtsb\u00fcchern"},"content":{"rendered":"<h2 style=\"text-align: center;\"><span style=\"color: #ff6600;\">Weihnachts\u2013Buch\u2013Ausstellungen f\u00fcr Jung und Alt: besinnlich, nachdenklich, interessant und lustig<\/span><\/h2>\n<p style=\"text-align: center;\" data-start=\"253\" data-end=\"553\"><strong>In unseren beiden Weihnachts\u2013Buch\u2013Ausstellungen \u2013 im Erdgeschoss f\u00fcr Kinder und im Obergeschoss f\u00fcr Erwachsene \u2013 erwartet Sie eine gro\u00dfe Auswahl an weihnachtlichen B\u00fcchern. Viele besinnliche, nachdenkliche, humorvolle und spannende Titel warten darauf, entdeckt und mit nach Hause genommen zu werden.<\/strong><img loading=\"lazy\" decoding=\"async\" class=\"aligncenter wp-image-6140 size-large\" src=\"https:\/\/gemeindebuechereikastl.de\/wp-content\/uploads\/2025\/12\/Weihnachten-EG-1603x902.jpg\" alt=\"\" width=\"750\" height=\"422\" srcset=\"https:\/\/gemeindebuechereikastl.de\/wp-content\/uploads\/2025\/12\/Weihnachten-EG-1603x902.jpg 1603w, https:\/\/gemeindebuechereikastl.de\/wp-content\/uploads\/2025\/12\/Weihnachten-EG-300x169.jpg 300w, https:\/\/gemeindebuechereikastl.de\/wp-content\/uploads\/2025\/12\/Weihnachten-EG-768x432.jpg 768w, https:\/\/gemeindebuechereikastl.de\/wp-content\/uploads\/2025\/12\/Weihnachten-EG-1536x865.jpg 1536w, https:\/\/gemeindebuechereikastl.de\/wp-content\/uploads\/2025\/12\/Weihnachten-EG-2048x1153.jpg 2048w, https:\/\/gemeindebuechereikastl.de\/wp-content\/uploads\/2025\/12\/Weihnachten-EG-750x422.jpg 750w\" sizes=\"auto, (max-width: 750px) 100vw, 750px\" \/><\/p>\n<p data-start=\"555\" data-end=\"789\">Auf den ersten Blick mag das Thema unseres Thementisches im Dezember naheliegen: Weihnachten, das Fest der Liebe. Doch gerade die Vielfalt an B\u00fcchern, die wir unter diesem Motto zusammengestellt haben, \u00fcberrascht jedes Jahr\u00a0aufs Neue.<\/p>\n<p data-start=\"791\" data-end=\"1135\">Wenn die Tage k\u00fcrzer werden und der Winter an die T\u00fcr klopft, steigt die Vorfreude auf Weihnachten. \u00dcberall wird gebastelt, geplant und nach Geschenken gesucht. Zur passenden Einstimmung auf den Advent hat das Team der Gemeindeb\u00fccherei Kastl den gesamten Bestand durchforstet und f\u00fcr jedes Alter die sch\u00f6nsten Weihnachtsb\u00fccher zusammengestellt.<\/p>\n<p data-start=\"1137\" data-end=\"1260\">Im Erdgeschoss finden Kinder eine gro\u00dfe Auswahl an stimmungsvollen, lustigen und liebevoll gestalteten Weihnachtsb\u00fcchern vom Bilerbuch bis hin zu Weihanchstsgeschichten f\u00fcr Kinder.<\/p>\n<p data-start=\"1262\" data-end=\"1632\"><img loading=\"lazy\" decoding=\"async\" class=\"aligncenter wp-image-6143 size-full\" src=\"https:\/\/gemeindebuechereikastl.de\/wp-content\/uploads\/2025\/12\/Weihnachtsbuecher.jpg\" alt=\"\" width=\"1258\" height=\"1097\" srcset=\"https:\/\/gemeindebuechereikastl.de\/wp-content\/uploads\/2025\/12\/Weihnachtsbuecher.jpg 1258w, https:\/\/gemeindebuechereikastl.de\/wp-content\/uploads\/2025\/12\/Weihnachtsbuecher-300x262.jpg 300w, https:\/\/gemeindebuechereikastl.de\/wp-content\/uploads\/2025\/12\/Weihnachtsbuecher-768x670.jpg 768w, https:\/\/gemeindebuechereikastl.de\/wp-content\/uploads\/2025\/12\/Weihnachtsbuecher-750x654.jpg 750w\" sizes=\"auto, (max-width: 1258px) 100vw, 1258px\" \/>F\u00fcr Erwachsene stehen im Obergeschoss zahlreiche Romane bereit, die an langen Winterabenden das Herz erw\u00e4rmen. Erg\u00e4nzt wird das Angebot durch Sachb\u00fccher, die das unersch\u00f6pfliche Thema Weihnachten aus verschiedenen Blickwinkeln beleuchten. Auch der Aspekt der Einsamkeit findet Raum \u2013 denn gerade zur Weihnachtszeit trifft das Alleinsein manche Menschen besonders schwer.<\/p>\n<p data-start=\"1634\" data-end=\"1836\">Unsere Buchempfehlungen m\u00f6chten Sie durch die Advents- und Weihnachtszeit begleiten: mit ber\u00fchrender Lekt\u00fcre, die die Weihnachtsbotschaft n\u00e4herbringt, und mit kreativen Ideen f\u00fcr ein festliches Zuhause.<\/p>\n<p data-start=\"1838\" data-end=\"1987\">Weiteren interessanten Lesestoff rund um \u201eAdvent\u201c und \u201eWeihnachten\u201c finden Sie in unserem <a href=\"https:\/\/iopac.gemeindebuechereikastl.de\/iopac\/\"><strong data-start=\"1928\" data-end=\"1946\">Online-Katalog<\/strong><\/a> oder bei einem Besuch in der B\u00fccherei.<\/p>\n<p data-start=\"1989\" data-end=\"2265\"><img loading=\"lazy\" decoding=\"async\" class=\"wp-image-6139 size-full alignnone\" src=\"https:\/\/gemeindebuechereikastl.de\/wp-content\/uploads\/2025\/12\/Leo-Nord.jpg\" alt=\"\" width=\"1074\" height=\"773\" srcset=\"https:\/\/gemeindebuechereikastl.de\/wp-content\/uploads\/2025\/12\/Leo-Nord.jpg 1074w, https:\/\/gemeindebuechereikastl.de\/wp-content\/uploads\/2025\/12\/Leo-Nord-300x216.jpg 300w, https:\/\/gemeindebuechereikastl.de\/wp-content\/uploads\/2025\/12\/Leo-Nord-768x553.jpg 768w, https:\/\/gemeindebuechereikastl.de\/wp-content\/uploads\/2025\/12\/Leo-Nord-750x540.jpg 750w\" sizes=\"auto, (max-width: 1074px) 100vw, 1074px\" \/><\/p>\n<p data-start=\"1989\" data-end=\"2265\">Zahlreiche weihnachtliche Titel stehen Ihnen zudem in unseren <strong data-start=\"2051\" data-end=\"2062\">E-Books<\/strong> zur Verf\u00fcgung \u2013 etwa unter den Rubriken \u201eAn die Pl\u00e4tzchen \u2026 fertig, los!\u201c oder \u201eDer erste Schnee ist da \u2013 Zeit f\u00fcr unsere Winterromane\u201c. All dies und vieles mehr entdecken Sie unter <strong data-start=\"2245\" data-end=\"2264\"><a class=\"decorated-link\" href=\"https:\/\/leo-nord.onleihe.de\/\" target=\"_new\" rel=\"noopener\" data-start=\"2247\" data-end=\"2262\">www.leo-nord.de<\/a><\/strong><\/p>\n","protected":false},"excerpt":{"rendered":"<p>Weihnachts\u2013Buch\u2013Ausstellungen f\u00fcr Jung und Alt: besinnlich, nachdenklich, interessant und lustig In unseren beiden Weihnachts\u2013Buch\u2013Ausstellungen \u2013 im Erdgeschoss f\u00fcr Kinder und im Obergeschoss f\u00fcr Erwachsene \u2013 erwartet Sie eine gro\u00dfe Auswahl an weihnachtlichen B\u00fcchern. Viele besinnliche, nachdenkliche, humorvolle und spannende Titel warten darauf, entdeckt und mit nach Hause genommen zu werden. Auf den ersten Blick mag &hellip; <\/p>\n<p><a class=\"more-link btn\" href=\"https:\/\/gemeindebuechereikastl.de\/?p=6135\">Weiterlesen<\/a><\/p>\n","protected":false},"author":1,"featured_media":6140,"comment_status":"closed","ping_status":"closed","sticky":false,"template":"","format":"standard","meta":{"footnotes":""},"categories":[1],"tags":[194,144,411],"class_list":["post-6135","post","type-post","status-publish","format-standard","has-post-thumbnail","hentry","category-team","tag-buchausstellung","tag-leo-nord","tag-weihnachtsbuecher","item-wrap"],"_links":{"self":[{"href":"https:\/\/gemeindebuechereikastl.de\/index.php?rest_route=\/wp\/v2\/posts\/6135","targetHints":{"allow":["GET"]}}],"collection":[{"href":"https:\/\/gemeindebuechereikastl.de\/index.php?rest_route=\/wp\/v2\/posts"}],"about":[{"href":"https:\/\/gemeindebuechereikastl.de\/index.php?rest_route=\/wp\/v2\/types\/post"}],"author":[{"embeddable":true,"href":"https:\/\/gemeindebuechereikastl.de\/index.php?rest_route=\/wp\/v2\/users\/1"}],"replies":[{"embeddable":true,"href":"https:\/\/gemeindebuechereikastl.de\/index.php?rest_route=%2Fwp%2Fv2%2Fcomments&post=6135"}],"version-history":[{"count":4,"href":"https:\/\/gemeindebuechereikastl.de\/index.php?rest_route=\/wp\/v2\/posts\/6135\/revisions"}],"predecessor-version":[{"id":6145,"href":"https:\/\/gemeindebuechereikastl.de\/index.php?rest_route=\/wp\/v2\/posts\/6135\/revisions\/6145"}],"wp:featuredmedia":[{"embeddable":true,"href":"https:\/\/gemeindebuechereikastl.de\/index.php?rest_route=\/wp\/v2\/media\/6140"}],"wp:attachment":[{"href":"https:\/\/gemeindebuechereikastl.de\/index.php?rest_route=%2Fwp%2Fv2%2Fmedia&parent=6135"}],"wp:term":[{"taxonomy":"category","embeddable":true,"href":"https:\/\/gemeindebuechereikastl.de\/index.php?rest_route=%2Fwp%2Fv2%2Fcategories&post=6135"},{"taxonomy":"post_tag","embeddable":true,"href":"https:\/\/gemeindebuechereikastl.de\/index.php?rest_route=%2Fwp%2Fv2%2Ftags&post=6135"}],"curies":[{"name":"wp","href":"https:\/\/api.w.org\/{rel}","templated":true}]}}