{"id":6148,"date":"2025-12-09T14:23:08","date_gmt":"2025-12-09T14:23:08","guid":{"rendered":"https:\/\/gemeindebuechereikastl.de\/?p=6148"},"modified":"2025-12-10T15:27:11","modified_gmt":"2025-12-10T15:27:11","slug":"ein-minibuch-adventskalender-wartet-waehrend-der-gesamten-adventzeit-fuer-alle-kinder-in-der-buecherei","status":"publish","type":"post","link":"https:\/\/gemeindebuechereikastl.de\/?p=6148","title":{"rendered":"Ein Minibuch \u2013 Adventskalender wartet w\u00e4hrend der gesamten Adventzeit f\u00fcr alle Kinder in der B\u00fccherei"},"content":{"rendered":"<h2 style=\"text-align: center;\"><span style=\"color: #ff6600;\">\u00a0Adventskalender mit Mini B\u00fcchlein wartet f\u00fcr alle Kinder in der B\u00fccherei zum \u00d6ffnen<\/span><\/h2>\n<p data-start=\"134\" data-end=\"316\"><img loading=\"lazy\" decoding=\"async\" class=\"alignleft wp-image-6149 \" src=\"https:\/\/gemeindebuechereikastl.de\/wp-content\/uploads\/2025\/12\/Asventskalender-679x1206.jpg\" alt=\"\" width=\"335\" height=\"595\" srcset=\"https:\/\/gemeindebuechereikastl.de\/wp-content\/uploads\/2025\/12\/Asventskalender-679x1206.jpg 679w, https:\/\/gemeindebuechereikastl.de\/wp-content\/uploads\/2025\/12\/Asventskalender-169x300.jpg 169w, https:\/\/gemeindebuechereikastl.de\/wp-content\/uploads\/2025\/12\/Asventskalender-768x1364.jpg 768w, https:\/\/gemeindebuechereikastl.de\/wp-content\/uploads\/2025\/12\/Asventskalender-865x1536.jpg 865w, https:\/\/gemeindebuechereikastl.de\/wp-content\/uploads\/2025\/12\/Asventskalender-1153x2048.jpg 1153w, https:\/\/gemeindebuechereikastl.de\/wp-content\/uploads\/2025\/12\/Asventskalender-750x1332.jpg 750w, https:\/\/gemeindebuechereikastl.de\/wp-content\/uploads\/2025\/12\/Asventskalender-scaled.jpg 1441w\" sizes=\"auto, (max-width: 335px) 100vw, 335px\" \/><br \/>\nW\u00e4hrend der gesamten Adventszeit wartet in der Gemeindeb\u00fccherei wieder eine besondere \u00dcberraschung auf alle Kinder: Ein Pixi-Adventskalender mit 24 liebevoll gestalteten Minib\u00fcchern!<\/p>\n<p data-start=\"318\" data-end=\"820\">Jedes T\u00fcrchen verbirgt ein kleines Pixi-B\u00fcchlein mit kurzen, stimmungsvollen Weihnachtsgeschichten \u2013 perfekt zum Vorlesen f\u00fcr Kinder ab 3 Jahren. Die speziell f\u00fcr diesen Kalender gestalteten Minib\u00fccher passen ideal in kleine Kinderh\u00e4nde und begleiten die Kleinsten mit abwechslungsreichen Geschichten durch die\u00a0\u00a0Adventszeit:<img loading=\"lazy\" decoding=\"async\" class=\"wp-image-6150 alignright\" src=\"https:\/\/gemeindebuechereikastl.de\/wp-content\/uploads\/2025\/12\/erste-Kinder-679x1206.jpg\" alt=\"\" width=\"356\" height=\"632\" srcset=\"https:\/\/gemeindebuechereikastl.de\/wp-content\/uploads\/2025\/12\/erste-Kinder-679x1206.jpg 679w, https:\/\/gemeindebuechereikastl.de\/wp-content\/uploads\/2025\/12\/erste-Kinder-169x300.jpg 169w, https:\/\/gemeindebuechereikastl.de\/wp-content\/uploads\/2025\/12\/erste-Kinder-768x1364.jpg 768w, https:\/\/gemeindebuechereikastl.de\/wp-content\/uploads\/2025\/12\/erste-Kinder-865x1536.jpg 865w, https:\/\/gemeindebuechereikastl.de\/wp-content\/uploads\/2025\/12\/erste-Kinder-1153x2048.jpg 1153w, https:\/\/gemeindebuechereikastl.de\/wp-content\/uploads\/2025\/12\/erste-Kinder-750x1332.jpg 750w, https:\/\/gemeindebuechereikastl.de\/wp-content\/uploads\/2025\/12\/erste-Kinder-scaled.jpg 1441w\" sizes=\"auto, (max-width: 356px) 100vw, 356px\" \/><\/p>\n<p>&nbsp;<\/p>\n<p>&nbsp;<\/p>\n<p>&nbsp;<\/p>\n<p>&nbsp;<\/p>\n<p>Von der Geschichte des Adventskranzes \u00fcber gem\u00fctliche Gute-Nacht-Erz\u00e4hlungen bis hin zu winterlichen Abenteuern mit dem kleinen Wichtel Heimlich ist f\u00fcr jedes Kind etwas dabei.<\/p>\n<p data-start=\"822\" data-end=\"1007\"><strong data-start=\"822\" data-end=\"844\">S<\/strong><strong data-start=\"822\" data-end=\"844\">o fu<\/strong><strong data-start=\"822\" data-end=\"844\">nktioniert\u2019s:<\/strong><br data-start=\"844\" data-end=\"847\" \/>Die <em data-start=\"851\" data-end=\"866\">ersten Kinder<\/em>, die w\u00e4hrend der \u00d6ffnungszeiten in die B\u00fccherei kommen, d\u00fcrfen ein T\u00fcrchen \u00f6ffnen und das dahinterliegende Minibuch mit nach Hause nehmen.<\/p>\n<ul data-start=\"1008\" data-end=\"1181\">\n<li data-start=\"1008\" data-end=\"1100\">\n<p data-start=\"1010\" data-end=\"1100\"><strong data-start=\"1010\" data-end=\"1036\">D<\/strong><strong data-start=\"1010\" data-end=\"1036\">ienstag &amp; Donnerstag:<\/strong> Die <strong data-start=\"1041\" data-end=\"1063\">ersten zwei Kinder<\/strong> d\u00fcrfen jeweils ein T\u00fcrchen \u00f6ffnen.<\/p>\n<\/li>\n<li data-start=\"1101\" data-end=\"1181\">\n<p data-start=\"1103\" data-end=\"1181\"><strong data-start=\"1103\" data-end=\"1115\">Sonntag:<\/strong> Die <strong data-start=\"1120\" data-end=\"1142\">ersten drei Kinder<\/strong> d\u00fcrfen sich \u00fcber ein Pixi-Buch freuen.<\/p>\n<\/li>\n<\/ul>\n<p data-start=\"1183\" data-end=\"1318\"><strong>Wir w\u00fcnschen allen kleinen Besucherinnen und Besuchern eine wundervolle Adventszeit und ganz viel Spa\u00df beim Entdecken und Vorlesen! &#x2764;&#xfe0f;&#x1f4d6;&#x2728;<\/strong><\/p>\n<h2><\/h2>\n","protected":false},"excerpt":{"rendered":"<p>\u00a0Adventskalender mit Mini B\u00fcchlein wartet f\u00fcr alle Kinder in der B\u00fccherei zum \u00d6ffnen W\u00e4hrend der gesamten Adventszeit wartet in der Gemeindeb\u00fccherei wieder eine besondere \u00dcberraschung auf alle Kinder: Ein Pixi-Adventskalender mit 24 liebevoll gestalteten Minib\u00fcchern! Jedes T\u00fcrchen verbirgt ein kleines Pixi-B\u00fcchlein mit kurzen, stimmungsvollen Weihnachtsgeschichten \u2013 perfekt zum Vorlesen f\u00fcr Kinder ab 3 Jahren. Die &hellip; <\/p>\n<p><a class=\"more-link btn\" href=\"https:\/\/gemeindebuechereikastl.de\/?p=6148\">Weiterlesen<\/a><\/p>\n","protected":false},"author":1,"featured_media":6150,"comment_status":"closed","ping_status":"closed","sticky":false,"template":"","format":"standard","meta":{"footnotes":""},"categories":[1],"tags":[91,287],"class_list":["post-6148","post","type-post","status-publish","format-standard","has-post-thumbnail","hentry","category-team","tag-adventskalender","tag-minibuecher","item-wrap"],"_links":{"self":[{"href":"https:\/\/gemeindebuechereikastl.de\/index.php?rest_route=\/wp\/v2\/posts\/6148","targetHints":{"allow":["GET"]}}],"collection":[{"href":"https:\/\/gemeindebuechereikastl.de\/index.php?rest_route=\/wp\/v2\/posts"}],"about":[{"href":"https:\/\/gemeindebuechereikastl.de\/index.php?rest_route=\/wp\/v2\/types\/post"}],"author":[{"embeddable":true,"href":"https:\/\/gemeindebuechereikastl.de\/index.php?rest_route=\/wp\/v2\/users\/1"}],"replies":[{"embeddable":true,"href":"https:\/\/gemeindebuechereikastl.de\/index.php?rest_route=%2Fwp%2Fv2%2Fcomments&post=6148"}],"version-history":[{"count":11,"href":"https:\/\/gemeindebuechereikastl.de\/index.php?rest_route=\/wp\/v2\/posts\/6148\/revisions"}],"predecessor-version":[{"id":6170,"href":"https:\/\/gemeindebuechereikastl.de\/index.php?rest_route=\/wp\/v2\/posts\/6148\/revisions\/6170"}],"wp:featuredmedia":[{"embeddable":true,"href":"https:\/\/gemeindebuechereikastl.de\/index.php?rest_route=\/wp\/v2\/media\/6150"}],"wp:attachment":[{"href":"https:\/\/gemeindebuechereikastl.de\/index.php?rest_route=%2Fwp%2Fv2%2Fmedia&parent=6148"}],"wp:term":[{"taxonomy":"category","embeddable":true,"href":"https:\/\/gemeindebuechereikastl.de\/index.php?rest_route=%2Fwp%2Fv2%2Fcategories&post=6148"},{"taxonomy":"post_tag","embeddable":true,"href":"https:\/\/gemeindebuechereikastl.de\/index.php?rest_route=%2Fwp%2Fv2%2Ftags&post=6148"}],"curies":[{"name":"wp","href":"https:\/\/api.w.org\/{rel}","templated":true}]}}