{"id":6172,"date":"2025-12-15T08:57:18","date_gmt":"2025-12-15T08:57:18","guid":{"rendered":"https:\/\/gemeindebuechereikastl.de\/?p=6172"},"modified":"2025-12-15T08:57:18","modified_gmt":"2025-12-15T08:57:18","slug":"wenn-licht-hoffnung-bringt-lucia-adventsfenster-in-kastl-eroeffnet","status":"publish","type":"post","link":"https:\/\/gemeindebuechereikastl.de\/?p=6172","title":{"rendered":"\u201eWenn Licht Hoffnung bringt\u201c \u2013 Lucia-Adventsfenster in Kastl er\u00f6ffnet"},"content":{"rendered":"<h2 style=\"text-align: center;\"><span style=\"color: #ff6600;\"><strong>\u00a0Viele Kinder er\u00f6ffneten das Lucia-Adventsfenster an der Gemeindeb\u00fccherei Kastl mit!<\/strong><\/span><\/h2>\n<p data-start=\"75\" data-end=\"363\">Zahlreiche Kinder kamen gemeinsam mit ihren Eltern zur Er\u00f6ffnung des Lucia-Adventsfensters an der Gemeindeb\u00fccherei Kastl. Unter dem Motto <strong data-start=\"213\" data-end=\"245\">\u201eWenn Licht Hoffnung bringt\u201c<\/strong> erlebten die Besucher einen stimmungsvollen Abend, der besonders f\u00fcr die jungen G\u00e4ste zu etwas ganz Besonderem wurde.<\/p>\n<p data-start=\"75\" data-end=\"363\"><img loading=\"lazy\" decoding=\"async\" class=\"aligncenter wp-image-6174 size-large\" src=\"https:\/\/gemeindebuechereikastl.de\/wp-content\/uploads\/2025\/12\/Adventsfenster-2-1603x902.jpg\" alt=\"\" width=\"750\" height=\"422\" srcset=\"https:\/\/gemeindebuechereikastl.de\/wp-content\/uploads\/2025\/12\/Adventsfenster-2-1603x902.jpg 1603w, https:\/\/gemeindebuechereikastl.de\/wp-content\/uploads\/2025\/12\/Adventsfenster-2-300x169.jpg 300w, https:\/\/gemeindebuechereikastl.de\/wp-content\/uploads\/2025\/12\/Adventsfenster-2-768x432.jpg 768w, https:\/\/gemeindebuechereikastl.de\/wp-content\/uploads\/2025\/12\/Adventsfenster-2-1536x865.jpg 1536w, https:\/\/gemeindebuechereikastl.de\/wp-content\/uploads\/2025\/12\/Adventsfenster-2-2048x1153.jpg 2048w, https:\/\/gemeindebuechereikastl.de\/wp-content\/uploads\/2025\/12\/Adventsfenster-2-750x422.jpg 750w\" sizes=\"auto, (max-width: 750px) 100vw, 750px\" \/><\/p>\n<p data-start=\"365\" data-end=\"793\">Die Feier begann vor der B\u00fccherei mit dem Lied <em data-start=\"412\" data-end=\"451\">\u201eWir sagen Euch an den lieben Advent\u201c<\/em> und der Begr\u00fc\u00dfung durch B\u00fcchereileiter Georg D\u00fcrr. Im Mittelpunkt stand die heilige Lucia, deren Geschichte auf die M\u00e4rtyrerin aus Syrakus zur\u00fcckgeht. Der \u00dcberlieferung nach brachte sie verfolgten Christen Lebensmittel und trug einen Lichterkranz, um im Dunkeln den Weg zu finden. Besonders in Schweden wird dieser Brauch bis heute gepflegt.<\/p>\n<p data-start=\"365\" data-end=\"793\"><img loading=\"lazy\" decoding=\"async\" class=\"aligncenter wp-image-6173 size-large\" src=\"https:\/\/gemeindebuechereikastl.de\/wp-content\/uploads\/2025\/12\/Adventsfenster-1-1603x902.jpg\" alt=\"\" width=\"750\" height=\"422\" srcset=\"https:\/\/gemeindebuechereikastl.de\/wp-content\/uploads\/2025\/12\/Adventsfenster-1-1603x902.jpg 1603w, https:\/\/gemeindebuechereikastl.de\/wp-content\/uploads\/2025\/12\/Adventsfenster-1-300x169.jpg 300w, https:\/\/gemeindebuechereikastl.de\/wp-content\/uploads\/2025\/12\/Adventsfenster-1-768x432.jpg 768w, https:\/\/gemeindebuechereikastl.de\/wp-content\/uploads\/2025\/12\/Adventsfenster-1-1536x865.jpg 1536w, https:\/\/gemeindebuechereikastl.de\/wp-content\/uploads\/2025\/12\/Adventsfenster-1-2048x1153.jpg 2048w, https:\/\/gemeindebuechereikastl.de\/wp-content\/uploads\/2025\/12\/Adventsfenster-1-750x422.jpg 750w\" sizes=\"auto, (max-width: 750px) 100vw, 750px\" \/><\/p>\n<p data-start=\"795\" data-end=\"1062\">Nach einer kurzen Betrachtung und dem Lied <em data-start=\"838\" data-end=\"859\">\u201eZ\u00fcnd ein Licht an\u201c<\/em> traten Maria von Klenk als Lucia sowie ihre Begleiterinnen Madlen und Pauline hervor. Mit den Worten <em data-start=\"961\" data-end=\"1018\">\u201eMache dich auf und werde Licht, denn dein Licht kommt\u201c<\/em> zogen sie die Kinder sp\u00fcrbar in ihren Bann.<img loading=\"lazy\" decoding=\"async\" class=\"wp-image-6175  alignleft\" src=\"https:\/\/gemeindebuechereikastl.de\/wp-content\/uploads\/2025\/12\/Adventsfenster-Lucia-Schiffchen-1-785x1206.jpg\" alt=\"\" width=\"234\" height=\"360\" srcset=\"https:\/\/gemeindebuechereikastl.de\/wp-content\/uploads\/2025\/12\/Adventsfenster-Lucia-Schiffchen-1-785x1206.jpg 785w, https:\/\/gemeindebuechereikastl.de\/wp-content\/uploads\/2025\/12\/Adventsfenster-Lucia-Schiffchen-1-195x300.jpg 195w, https:\/\/gemeindebuechereikastl.de\/wp-content\/uploads\/2025\/12\/Adventsfenster-Lucia-Schiffchen-1-768x1180.jpg 768w, https:\/\/gemeindebuechereikastl.de\/wp-content\/uploads\/2025\/12\/Adventsfenster-Lucia-Schiffchen-1-999x1536.jpg 999w, https:\/\/gemeindebuechereikastl.de\/wp-content\/uploads\/2025\/12\/Adventsfenster-Lucia-Schiffchen-1-750x1153.jpg 750w, https:\/\/gemeindebuechereikastl.de\/wp-content\/uploads\/2025\/12\/Adventsfenster-Lucia-Schiffchen-1.jpg 1138w\" sizes=\"auto, (max-width: 234px) 100vw, 234px\" \/><\/p>\n<p data-start=\"1064\" data-end=\"1401\">Ein H\u00f6hepunkt des Abends waren die Lucia-Schiffchen. Viele Kinder hatten die kleinen Boote zuvor in der B\u00fccherei oder im Kindergarten gebastelt. In Erinnerung an einen historischen Brauch \u2013 entstanden nach einem Hochwasser an der Amper im Jahr 1785 \u2013 wurden sie als Zeichen der Hoffnung und des Schutzes vor weiterem Hochwasser gedeutet.<img loading=\"lazy\" decoding=\"async\" class=\"alignright wp-image-6176 \" src=\"https:\/\/gemeindebuechereikastl.de\/wp-content\/uploads\/2025\/12\/Adventsfenster-Lucia-Schiffchen-2-901x1206.jpg\" alt=\"\" width=\"271\" height=\"363\" srcset=\"https:\/\/gemeindebuechereikastl.de\/wp-content\/uploads\/2025\/12\/Adventsfenster-Lucia-Schiffchen-2-901x1206.jpg 901w, https:\/\/gemeindebuechereikastl.de\/wp-content\/uploads\/2025\/12\/Adventsfenster-Lucia-Schiffchen-2-224x300.jpg 224w, https:\/\/gemeindebuechereikastl.de\/wp-content\/uploads\/2025\/12\/Adventsfenster-Lucia-Schiffchen-2-768x1027.jpg 768w, https:\/\/gemeindebuechereikastl.de\/wp-content\/uploads\/2025\/12\/Adventsfenster-Lucia-Schiffchen-2-750x1003.jpg 750w, https:\/\/gemeindebuechereikastl.de\/wp-content\/uploads\/2025\/12\/Adventsfenster-Lucia-Schiffchen-2.jpg 962w\" sizes=\"auto, (max-width: 271px) 100vw, 271px\" \/><\/p>\n<p data-start=\"1403\" data-end=\"1631\">Nach dem Segensgebet zog die Gemeinschaft singend zur Lauterach. Dort setzten die Kinder ihre beleuchteten Schiffchen ins Wasser und verfolgten begeistert, wie die Lichter davonschwammen und \u201eein St\u00fcck Licht in die Welt\u201c trugen.<\/p>\n<p data-start=\"1633\" data-end=\"1851\" data-is-last-node=\"\" data-is-only-node=\"\">Bei Gl\u00fchwein, alkoholfreiem Punsch und Pl\u00e4tzchen klang der Abend in gem\u00fctlicher Atmosph\u00e4re aus. Pfarrgemeinderat, Kindergarten und B\u00fcchereiteam zeigten sich sehr erfreut \u00fcber die gro\u00dfe Resonanz und die vielen Besucher.<\/p>\n","protected":false},"excerpt":{"rendered":"<p>\u00a0Viele Kinder er\u00f6ffneten das Lucia-Adventsfenster an der Gemeindeb\u00fccherei Kastl mit! Zahlreiche Kinder kamen gemeinsam mit ihren Eltern zur Er\u00f6ffnung des Lucia-Adventsfensters an der Gemeindeb\u00fccherei Kastl. Unter dem Motto \u201eWenn Licht Hoffnung bringt\u201c erlebten die Besucher einen stimmungsvollen Abend, der besonders f\u00fcr die jungen G\u00e4ste zu etwas ganz Besonderem wurde. Die Feier begann vor der B\u00fccherei &hellip; <\/p>\n<p><a class=\"more-link btn\" href=\"https:\/\/gemeindebuechereikastl.de\/?p=6172\">Weiterlesen<\/a><\/p>\n","protected":false},"author":1,"featured_media":6173,"comment_status":"closed","ping_status":"closed","sticky":false,"template":"","format":"standard","meta":{"footnotes":""},"categories":[1],"tags":[288,239,648,90,732,731],"class_list":["post-6172","post","type-post","status-publish","format-standard","has-post-thumbnail","hentry","category-team","tag-adventsfenster","tag-basteln","tag-heilige-lucia","tag-kinder","tag-lauterrach","tag-lucia-schiffchen","item-wrap"],"_links":{"self":[{"href":"https:\/\/gemeindebuechereikastl.de\/index.php?rest_route=\/wp\/v2\/posts\/6172","targetHints":{"allow":["GET"]}}],"collection":[{"href":"https:\/\/gemeindebuechereikastl.de\/index.php?rest_route=\/wp\/v2\/posts"}],"about":[{"href":"https:\/\/gemeindebuechereikastl.de\/index.php?rest_route=\/wp\/v2\/types\/post"}],"author":[{"embeddable":true,"href":"https:\/\/gemeindebuechereikastl.de\/index.php?rest_route=\/wp\/v2\/users\/1"}],"replies":[{"embeddable":true,"href":"https:\/\/gemeindebuechereikastl.de\/index.php?rest_route=%2Fwp%2Fv2%2Fcomments&post=6172"}],"version-history":[{"count":1,"href":"https:\/\/gemeindebuechereikastl.de\/index.php?rest_route=\/wp\/v2\/posts\/6172\/revisions"}],"predecessor-version":[{"id":6177,"href":"https:\/\/gemeindebuechereikastl.de\/index.php?rest_route=\/wp\/v2\/posts\/6172\/revisions\/6177"}],"wp:featuredmedia":[{"embeddable":true,"href":"https:\/\/gemeindebuechereikastl.de\/index.php?rest_route=\/wp\/v2\/media\/6173"}],"wp:attachment":[{"href":"https:\/\/gemeindebuechereikastl.de\/index.php?rest_route=%2Fwp%2Fv2%2Fmedia&parent=6172"}],"wp:term":[{"taxonomy":"category","embeddable":true,"href":"https:\/\/gemeindebuechereikastl.de\/index.php?rest_route=%2Fwp%2Fv2%2Fcategories&post=6172"},{"taxonomy":"post_tag","embeddable":true,"href":"https:\/\/gemeindebuechereikastl.de\/index.php?rest_route=%2Fwp%2Fv2%2Ftags&post=6172"}],"curies":[{"name":"wp","href":"https:\/\/api.w.org\/{rel}","templated":true}]}}