{"id":6197,"date":"2025-12-19T07:56:29","date_gmt":"2025-12-19T07:56:29","guid":{"rendered":"https:\/\/gemeindebuechereikastl.de\/?p=6197"},"modified":"2025-12-20T16:45:17","modified_gmt":"2025-12-20T16:45:17","slug":"gemeindebuecherei-kastl-als-lernort-der-demokratie-ausgezeichnet","status":"publish","type":"post","link":"https:\/\/gemeindebuechereikastl.de\/?p=6197","title":{"rendered":"Gemeindeb\u00fccherei Kastl als \u201eLernort der Demokratie\u201c ausgezeichnet"},"content":{"rendered":"<h2 style=\"text-align: center;\" data-start=\"71\" data-end=\"368\"><span style=\"color: #ff6600;\"><strong>Gro\u00dfe Anerkennung f\u00fcr die Gemeindeb\u00fccherei Kastl &#8211; als &#8222;Lernort der Demokratie&#8220; ausgezeichnet<\/strong><\/span><\/h2>\n<h2 style=\"text-align: center;\" data-start=\"71\" data-end=\"368\"><span style=\"color: #ff6600;\"><strong><img loading=\"lazy\" decoding=\"async\" class=\"aligncenter wp-image-6202 size-large\" src=\"https:\/\/gemeindebuechereikastl.de\/wp-content\/uploads\/2025\/12\/Buechereien-Lernorte-der-Demokratie-1603x1046.jpg\" alt=\"\" width=\"750\" height=\"489\" srcset=\"https:\/\/gemeindebuechereikastl.de\/wp-content\/uploads\/2025\/12\/Buechereien-Lernorte-der-Demokratie-1603x1046.jpg 1603w, https:\/\/gemeindebuechereikastl.de\/wp-content\/uploads\/2025\/12\/Buechereien-Lernorte-der-Demokratie-300x196.jpg 300w, https:\/\/gemeindebuechereikastl.de\/wp-content\/uploads\/2025\/12\/Buechereien-Lernorte-der-Demokratie-768x501.jpg 768w, https:\/\/gemeindebuechereikastl.de\/wp-content\/uploads\/2025\/12\/Buechereien-Lernorte-der-Demokratie-1536x1002.jpg 1536w, https:\/\/gemeindebuechereikastl.de\/wp-content\/uploads\/2025\/12\/Buechereien-Lernorte-der-Demokratie-2048x1336.jpg 2048w, https:\/\/gemeindebuechereikastl.de\/wp-content\/uploads\/2025\/12\/Buechereien-Lernorte-der-Demokratie-750x489.jpg 750w\" sizes=\"auto, (max-width: 750px) 100vw, 750px\" \/><\/strong><\/span><\/h2>\n<p data-start=\"71\" data-end=\"368\">Gro\u00dfe Freude in der Gemeindeb\u00fccherei Kastl: Die B\u00fccherei wurde offiziell als <strong data-start=\"148\" data-end=\"176\">\u201eLernort der Demokratie\u201c<\/strong> ausgezeichnet. Mit dieser Ehrung w\u00fcrdigt der Sankt Michaelsbund B\u00fcchereien, die sich in besonderer Weise f\u00fcr demokratische Bildung, Meinungsvielfalt und gesellschaftliche Teilhabe engagieren.<\/p>\n<p data-start=\"370\" data-end=\"743\"><img loading=\"lazy\" decoding=\"async\" class=\"alignleft wp-image-6200 \" src=\"https:\/\/gemeindebuechereikastl.de\/wp-content\/uploads\/2025\/12\/Auszeichnung-858x1206.jpg\" alt=\"\" width=\"324\" height=\"456\" srcset=\"https:\/\/gemeindebuechereikastl.de\/wp-content\/uploads\/2025\/12\/Auszeichnung-858x1206.jpg 858w, https:\/\/gemeindebuechereikastl.de\/wp-content\/uploads\/2025\/12\/Auszeichnung-213x300.jpg 213w, https:\/\/gemeindebuechereikastl.de\/wp-content\/uploads\/2025\/12\/Auszeichnung-768x1080.jpg 768w, https:\/\/gemeindebuechereikastl.de\/wp-content\/uploads\/2025\/12\/Auszeichnung-750x1055.jpg 750w, https:\/\/gemeindebuechereikastl.de\/wp-content\/uploads\/2025\/12\/Auszeichnung.jpg 1088w\" sizes=\"auto, (max-width: 324px) 100vw, 324px\" \/>B\u00fcchereien gelten im Michaelsbund als ideale Orte demokratischen Lernens. Sie bringen Menschen zusammen, er\u00f6ffnen durch Medien und Veranstaltungen unterschiedliche Perspektiven und schaffen Raum f\u00fcr Austausch und Diskussion. Vor allem aber sind sie Orte der Offenheit \u2013 alle sind willkommen. Diese Werte werden in der Gemeindeb\u00fccherei Kastl seit vielen Jahren aktiv gelebt.<\/p>\n<p data-start=\"745\" data-end=\"1153\">Die Auszeichnung \u00fcberreichte <strong data-start=\"774\" data-end=\"802\">Dr. Claudia Maria Pecher<\/strong>, Leiterin der Landesfachstelle f\u00fcr B\u00fcchereien und Bildung, im Namen des Sankt Michaelsbundes. In ihrer Laudatio hob sie das vorbildliche Engagement der Kastler B\u00fccherei f\u00fcr Demokratievermittlung und Lesef\u00f6rderung hervor. Besonders w\u00fcrdigte sie den gro\u00dfen Einsatz des B\u00fcchereiteams rund um <strong data-start=\"1092\" data-end=\"1106\">Georg D\u00fcrr<\/strong>, das die B\u00fccherei mit viel Herzblut gestaltet.<\/p>\n<p data-start=\"1155\" data-end=\"1615\">Mitfreuen konnten sich auch <strong data-start=\"1183\" data-end=\"1227\">Di\u00f6zesanbibliothekarin Martha Gottschalk<\/strong> und <strong data-start=\"1232\" data-end=\"1262\">B\u00fcrgermeister Stefan Braun<\/strong>. Beide betonten die wichtige Rolle der B\u00fccherei als zentralen Bildungs- und Begegnungsort in der Gemeinde. B\u00fcrgermeister Braun verwies zudem auf die enge und erfolgreiche Zusammenarbeit mit Kindergarten und Schule. Die Integration der Schulb\u00fccherei in die Gemeindeb\u00fccherei sei ein bedeutender Schritt und ein gro\u00dfer Gewinn f\u00fcr alle Beteiligten gewesen.<\/p>\n<p data-start=\"1617\" data-end=\"1973\"><img loading=\"lazy\" decoding=\"async\" class=\"alignright wp-image-6203 \" src=\"https:\/\/gemeindebuechereikastl.de\/wp-content\/uploads\/2025\/12\/Besprechung-1603x902.jpg\" alt=\"\" width=\"466\" height=\"262\" srcset=\"https:\/\/gemeindebuechereikastl.de\/wp-content\/uploads\/2025\/12\/Besprechung-1603x902.jpg 1603w, https:\/\/gemeindebuechereikastl.de\/wp-content\/uploads\/2025\/12\/Besprechung-300x169.jpg 300w, https:\/\/gemeindebuechereikastl.de\/wp-content\/uploads\/2025\/12\/Besprechung-768x432.jpg 768w, https:\/\/gemeindebuechereikastl.de\/wp-content\/uploads\/2025\/12\/Besprechung-1536x865.jpg 1536w, https:\/\/gemeindebuechereikastl.de\/wp-content\/uploads\/2025\/12\/Besprechung-2048x1153.jpg 2048w, https:\/\/gemeindebuechereikastl.de\/wp-content\/uploads\/2025\/12\/Besprechung-750x422.jpg 750w\" sizes=\"auto, (max-width: 466px) 100vw, 466px\" \/>Martha Gottschalk lobte die \u201egeballte Lesekompetenz\u201c der Kastler B\u00fccherei sowie das breite, gut sortierte Angebot f\u00fcr alle Altersgruppen \u2013 von den Kleinsten bis zu den Erwachsenen. Einig waren sich alle: Die Zukunft der B\u00fcchereien vor Ort muss gesichert werden, denn sie leisten einen unverzichtbaren Beitrag zu Bildung und gesellschaftlichem Zusammenhalt.<\/p>\n<p data-start=\"1975\" data-end=\"2323\">Auch Georg D\u00fcrr unterstrich die Bedeutung der fr\u00fchzeitigen Vernetzung mit Kindergarten und Schule. Kinder lernten so schon fr\u00fch den Umgang mit B\u00fcchern und Medien sowie das Prinzip der Ausleihe kennen. Dar\u00fcber hinaus ist die Gemeindeb\u00fccherei Kastl f\u00fcr ihre vielf\u00e4ltigen Projekte zur Lesef\u00f6rderung bekannt und weit \u00fcber die Gemeinde hinaus gesch\u00e4tzt.<\/p>\n<p data-start=\"2325\" data-end=\"2469\">Dr. Pecher fasste es treffend zusammen:<br data-start=\"2364\" data-end=\"2367\" \/><em data-start=\"2367\" data-end=\"2469\">\u201e<strong>Hier wird Demokratie auf kindgerechte Art erlebbar gemacht \u2013 durch Lesen, Mitdenken und Mitmachen.\u201c<\/strong><\/em><\/p>\n<p data-start=\"2471\" data-end=\"2733\">Mit der Plakette <strong data-start=\"2488\" data-end=\"2516\">\u201eLernort der Demokratie\u201c<\/strong> reiht sich die Gemeindeb\u00fccherei Kastl in eine wachsende Zahl von Einrichtungen ein, die sich aktiv f\u00fcr politische Bildung, Toleranz und Wertevermittlung einsetzen \u2013 ein starkes Zeichen f\u00fcr gelebte Demokratie vor Ort.<\/p>\n<p data-start=\"2735\" data-end=\"2929\" data-is-last-node=\"\" data-is-only-node=\"\"><img loading=\"lazy\" decoding=\"async\" class=\"aligncenter wp-image-6201 size-large\" src=\"https:\/\/gemeindebuechereikastl.de\/wp-content\/uploads\/2025\/12\/Besuch-Claudia-Pecher-1603x963.jpg\" alt=\"\" width=\"750\" height=\"451\" srcset=\"https:\/\/gemeindebuechereikastl.de\/wp-content\/uploads\/2025\/12\/Besuch-Claudia-Pecher-1603x963.jpg 1603w, https:\/\/gemeindebuechereikastl.de\/wp-content\/uploads\/2025\/12\/Besuch-Claudia-Pecher-300x180.jpg 300w, https:\/\/gemeindebuechereikastl.de\/wp-content\/uploads\/2025\/12\/Besuch-Claudia-Pecher-768x461.jpg 768w, https:\/\/gemeindebuechereikastl.de\/wp-content\/uploads\/2025\/12\/Besuch-Claudia-Pecher-1536x923.jpg 1536w, https:\/\/gemeindebuechereikastl.de\/wp-content\/uploads\/2025\/12\/Besuch-Claudia-Pecher-2048x1230.jpg 2048w, https:\/\/gemeindebuechereikastl.de\/wp-content\/uploads\/2025\/12\/Besuch-Claudia-Pecher-750x451.jpg 750w\" sizes=\"auto, (max-width: 750px) 100vw, 750px\" \/>Als kleines Dankesch\u00f6n \u00fcberreichte Dr. Pecher au\u00dferdem eine Kiste mit B\u00fcchern zum Themenschwerpunkt Demokratie, die k\u00fcnftig allen Leserinnen und Lesern der Kastler B\u00fccherei zur Verf\u00fcgung stehen.<\/p>\n","protected":false},"excerpt":{"rendered":"<p>Gro\u00dfe Anerkennung f\u00fcr die Gemeindeb\u00fccherei Kastl &#8211; als &#8222;Lernort der Demokratie&#8220; ausgezeichnet Gro\u00dfe Freude in der Gemeindeb\u00fccherei Kastl: Die B\u00fccherei wurde offiziell als \u201eLernort der Demokratie\u201c ausgezeichnet. Mit dieser Ehrung w\u00fcrdigt der Sankt Michaelsbund B\u00fcchereien, die sich in besonderer Weise f\u00fcr demokratische Bildung, Meinungsvielfalt und gesellschaftliche Teilhabe engagieren. B\u00fcchereien gelten im Michaelsbund als ideale Orte &hellip; <\/p>\n<p><a class=\"more-link btn\" href=\"https:\/\/gemeindebuechereikastl.de\/?p=6197\">Weiterlesen<\/a><\/p>\n","protected":false},"author":1,"featured_media":6202,"comment_status":"closed","ping_status":"closed","sticky":false,"template":"","format":"standard","meta":{"footnotes":""},"categories":[1],"tags":[79,735,736,738,737],"class_list":["post-6197","post","type-post","status-publish","format-standard","has-post-thumbnail","hentry","category-team","tag-auszeichnung","tag-demokratie","tag-dr-claudia-pecher","tag-lernort-der-demokratie","tag-martha-gottschalk","item-wrap"],"_links":{"self":[{"href":"https:\/\/gemeindebuechereikastl.de\/index.php?rest_route=\/wp\/v2\/posts\/6197","targetHints":{"allow":["GET"]}}],"collection":[{"href":"https:\/\/gemeindebuechereikastl.de\/index.php?rest_route=\/wp\/v2\/posts"}],"about":[{"href":"https:\/\/gemeindebuechereikastl.de\/index.php?rest_route=\/wp\/v2\/types\/post"}],"author":[{"embeddable":true,"href":"https:\/\/gemeindebuechereikastl.de\/index.php?rest_route=\/wp\/v2\/users\/1"}],"replies":[{"embeddable":true,"href":"https:\/\/gemeindebuechereikastl.de\/index.php?rest_route=%2Fwp%2Fv2%2Fcomments&post=6197"}],"version-history":[{"count":4,"href":"https:\/\/gemeindebuechereikastl.de\/index.php?rest_route=\/wp\/v2\/posts\/6197\/revisions"}],"predecessor-version":[{"id":6207,"href":"https:\/\/gemeindebuechereikastl.de\/index.php?rest_route=\/wp\/v2\/posts\/6197\/revisions\/6207"}],"wp:featuredmedia":[{"embeddable":true,"href":"https:\/\/gemeindebuechereikastl.de\/index.php?rest_route=\/wp\/v2\/media\/6202"}],"wp:attachment":[{"href":"https:\/\/gemeindebuechereikastl.de\/index.php?rest_route=%2Fwp%2Fv2%2Fmedia&parent=6197"}],"wp:term":[{"taxonomy":"category","embeddable":true,"href":"https:\/\/gemeindebuechereikastl.de\/index.php?rest_route=%2Fwp%2Fv2%2Fcategories&post=6197"},{"taxonomy":"post_tag","embeddable":true,"href":"https:\/\/gemeindebuechereikastl.de\/index.php?rest_route=%2Fwp%2Fv2%2Ftags&post=6197"}],"curies":[{"name":"wp","href":"https:\/\/api.w.org\/{rel}","templated":true}]}}