{"id":6208,"date":"2025-12-22T17:48:36","date_gmt":"2025-12-22T17:48:36","guid":{"rendered":"https:\/\/gemeindebuechereikastl.de\/?p=6208"},"modified":"2025-12-22T17:48:36","modified_gmt":"2025-12-22T17:48:36","slug":"gelungenes-bilderbuchkino-in-der-buecherei-wie-feiern-wiesel-weihnachten","status":"publish","type":"post","link":"https:\/\/gemeindebuechereikastl.de\/?p=6208","title":{"rendered":"Gelungenes Bilderbuchkino in der B\u00fccherei: \u201eWie feiern Wiesel Weihnachten?\u201c"},"content":{"rendered":"<h2 style=\"text-align: center;\" data-start=\"136\" data-end=\"215\"><span style=\"color: #ff6600;\"><strong data-start=\"136\" data-end=\"215\">Gro\u00dfes Bilderbuchkino im OG der B\u00fccherei: \u201eWie feiern Wiesel Weihnachten?\u201c<\/strong><\/span><\/h2>\n<p style=\"text-align: center;\" data-start=\"217\" data-end=\"496\"><strong>Am Samstag, 20. Dezember, verwandelte sich das Obergeschoss der B\u00fccherei um 10 Uhr in einen gem\u00fctlichen Kinosaal f\u00fcr junge Bilderbuchfans. Zahlreiche Kinder ab vier Jahren folgten der Einladung des B\u00fcchereiteams und erlebten ein stimmungsvolles Bilderbuchkino zur Weihnachtszeit.<\/strong><\/p>\n<p data-start=\"217\" data-end=\"496\"><img loading=\"lazy\" decoding=\"async\" class=\"aligncenter wp-image-6210 size-large\" src=\"https:\/\/gemeindebuechereikastl.de\/wp-content\/uploads\/2025\/12\/Wiesel-Weihnachten-1-1603x919.jpg\" alt=\"\" width=\"750\" height=\"430\" srcset=\"https:\/\/gemeindebuechereikastl.de\/wp-content\/uploads\/2025\/12\/Wiesel-Weihnachten-1-1603x919.jpg 1603w, https:\/\/gemeindebuechereikastl.de\/wp-content\/uploads\/2025\/12\/Wiesel-Weihnachten-1-300x172.jpg 300w, https:\/\/gemeindebuechereikastl.de\/wp-content\/uploads\/2025\/12\/Wiesel-Weihnachten-1-768x440.jpg 768w, https:\/\/gemeindebuechereikastl.de\/wp-content\/uploads\/2025\/12\/Wiesel-Weihnachten-1-1536x880.jpg 1536w, https:\/\/gemeindebuechereikastl.de\/wp-content\/uploads\/2025\/12\/Wiesel-Weihnachten-1-2048x1174.jpg 2048w, https:\/\/gemeindebuechereikastl.de\/wp-content\/uploads\/2025\/12\/Wiesel-Weihnachten-1-750x430.jpg 750w\" sizes=\"auto, (max-width: 750px) 100vw, 750px\" \/><\/p>\n<p data-start=\"498\" data-end=\"858\">Im Mittelpunkt stand das winterliche Abenteuer \u201eWie feiern Wiesel Weihnachten?\u201c. Liebevoll illustriert und gro\u00dfformatig auf die Leinwand projiziert, konnten die Kinder die Geschichte von Vincent Wiesel hautnah miterleben. Vorgelesen wurde das Bilderbuch von Daniela Anh\u00e4user, die mit ruhiger und lebendiger Stimme eine warme und konzentrierte Atmosph\u00e4re schuf.<img loading=\"lazy\" decoding=\"async\" class=\"wp-image-6211  alignright\" src=\"https:\/\/gemeindebuechereikastl.de\/wp-content\/uploads\/2025\/12\/Weihnachten-der-Tiere.jpg\" alt=\"\" width=\"373\" height=\"250\" srcset=\"https:\/\/gemeindebuechereikastl.de\/wp-content\/uploads\/2025\/12\/Weihnachten-der-Tiere.jpg 941w, https:\/\/gemeindebuechereikastl.de\/wp-content\/uploads\/2025\/12\/Weihnachten-der-Tiere-300x201.jpg 300w, https:\/\/gemeindebuechereikastl.de\/wp-content\/uploads\/2025\/12\/Weihnachten-der-Tiere-768x515.jpg 768w, https:\/\/gemeindebuechereikastl.de\/wp-content\/uploads\/2025\/12\/Weihnachten-der-Tiere-750x503.jpg 750w\" sizes=\"auto, (max-width: 373px) 100vw, 373px\" \/><\/p>\n<p data-start=\"860\" data-end=\"1549\">Vincent Wiesel m\u00f6chte eigentlich nur mit seinen Freunden ein Schneeschwein bauen. Doch alle Tiere sind mit ihren vorweihnachtlichen Aufgaben besch\u00e4ftigt. Weihnachten bedeutet Vincent zun\u00e4chst nichts \u2013 er feiert andere Feste. Grummelig zieht er sich in seinen Bau zur\u00fcck, bis ausgerechnet seine Tanne von den anderen Tieren zum Weihnachtsbaum geschm\u00fcckt wird. Der pr\u00e4chtige Anblick weckt seine Neugier: Vielleicht ist Weihnachten ja doch etwas Besonderes?\u00a0<img loading=\"lazy\" decoding=\"async\" class=\"wp-image-6209  alignleft\" src=\"https:\/\/gemeindebuechereikastl.de\/wp-content\/uploads\/2025\/12\/Weihnachtskarten-905x1206.jpg\" alt=\"\" width=\"308\" height=\"410\" srcset=\"https:\/\/gemeindebuechereikastl.de\/wp-content\/uploads\/2025\/12\/Weihnachtskarten-905x1206.jpg 905w, https:\/\/gemeindebuechereikastl.de\/wp-content\/uploads\/2025\/12\/Weihnachtskarten-225x300.jpg 225w, https:\/\/gemeindebuechereikastl.de\/wp-content\/uploads\/2025\/12\/Weihnachtskarten-768x1024.jpg 768w, https:\/\/gemeindebuechereikastl.de\/wp-content\/uploads\/2025\/12\/Weihnachtskarten-1152x1536.jpg 1152w, https:\/\/gemeindebuechereikastl.de\/wp-content\/uploads\/2025\/12\/Weihnachtskarten-1536x2048.jpg 1536w, https:\/\/gemeindebuechereikastl.de\/wp-content\/uploads\/2025\/12\/Weihnachtskarten-750x1000.jpg 750w, https:\/\/gemeindebuechereikastl.de\/wp-content\/uploads\/2025\/12\/Weihnachtskarten-scaled.jpg 1920w\" sizes=\"auto, (max-width: 308px) 100vw, 308px\" \/><\/p>\n<p>Auf der Suche nach Antworten besucht Vincent Eichh\u00f6rnchen, Eule, Hase und Fuchs. Am Ende erkennt er, dass Weihnachten nur dann gelingt, wenn man es gemeinsam feiert \u2013 und hat eine gro\u00dfartige Idee: eine Wiesel-Weihnachts-Schnitzeljagd.<\/p>\n<p data-start=\"1551\" data-end=\"1721\">Im Anschluss an das Bilderbuchkino wurden die Kinder selbst kreativ. Bei einer Bastelaktion gestalteten sie Weihnachtskarten, die sie stolz mit nach Hause nehmen durften.<\/p>\n<p data-start=\"1723\" data-end=\"1839\" data-is-last-node=\"\" data-is-only-node=\"\">Die Veranstaltung war ein voller Erfolg und bereitete den Kindern einen stimmungsvollen Start in die Weihnachtszeit.<\/p>\n","protected":false},"excerpt":{"rendered":"<p>Gro\u00dfes Bilderbuchkino im OG der B\u00fccherei: \u201eWie feiern Wiesel Weihnachten?\u201c Am Samstag, 20. Dezember, verwandelte sich das Obergeschoss der B\u00fccherei um 10 Uhr in einen gem\u00fctlichen Kinosaal f\u00fcr junge Bilderbuchfans. Zahlreiche Kinder ab vier Jahren folgten der Einladung des B\u00fcchereiteams und erlebten ein stimmungsvolles Bilderbuchkino zur Weihnachtszeit. Im Mittelpunkt stand das winterliche Abenteuer \u201eWie feiern &hellip; <\/p>\n<p><a class=\"more-link btn\" href=\"https:\/\/gemeindebuechereikastl.de\/?p=6208\">Weiterlesen<\/a><\/p>\n","protected":false},"author":1,"featured_media":6210,"comment_status":"closed","ping_status":"closed","sticky":false,"template":"","format":"standard","meta":{"footnotes":""},"categories":[1],"tags":[540,11,138],"class_list":["post-6208","post","type-post","status-publish","format-standard","has-post-thumbnail","hentry","category-team","tag-bilderbuchkino","tag-buecherei","tag-weihnachten","item-wrap"],"_links":{"self":[{"href":"https:\/\/gemeindebuechereikastl.de\/index.php?rest_route=\/wp\/v2\/posts\/6208","targetHints":{"allow":["GET"]}}],"collection":[{"href":"https:\/\/gemeindebuechereikastl.de\/index.php?rest_route=\/wp\/v2\/posts"}],"about":[{"href":"https:\/\/gemeindebuechereikastl.de\/index.php?rest_route=\/wp\/v2\/types\/post"}],"author":[{"embeddable":true,"href":"https:\/\/gemeindebuechereikastl.de\/index.php?rest_route=\/wp\/v2\/users\/1"}],"replies":[{"embeddable":true,"href":"https:\/\/gemeindebuechereikastl.de\/index.php?rest_route=%2Fwp%2Fv2%2Fcomments&post=6208"}],"version-history":[{"count":1,"href":"https:\/\/gemeindebuechereikastl.de\/index.php?rest_route=\/wp\/v2\/posts\/6208\/revisions"}],"predecessor-version":[{"id":6212,"href":"https:\/\/gemeindebuechereikastl.de\/index.php?rest_route=\/wp\/v2\/posts\/6208\/revisions\/6212"}],"wp:featuredmedia":[{"embeddable":true,"href":"https:\/\/gemeindebuechereikastl.de\/index.php?rest_route=\/wp\/v2\/media\/6210"}],"wp:attachment":[{"href":"https:\/\/gemeindebuechereikastl.de\/index.php?rest_route=%2Fwp%2Fv2%2Fmedia&parent=6208"}],"wp:term":[{"taxonomy":"category","embeddable":true,"href":"https:\/\/gemeindebuechereikastl.de\/index.php?rest_route=%2Fwp%2Fv2%2Fcategories&post=6208"},{"taxonomy":"post_tag","embeddable":true,"href":"https:\/\/gemeindebuechereikastl.de\/index.php?rest_route=%2Fwp%2Fv2%2Ftags&post=6208"}],"curies":[{"name":"wp","href":"https:\/\/api.w.org\/{rel}","templated":true}]}}