{"id":6226,"date":"2025-12-31T16:26:31","date_gmt":"2025-12-31T16:26:31","guid":{"rendered":"https:\/\/gemeindebuechereikastl.de\/?p=6226"},"modified":"2025-12-31T16:27:02","modified_gmt":"2025-12-31T16:27:02","slug":"ein-gutes-neues-jahr-2026","status":"publish","type":"post","link":"https:\/\/gemeindebuechereikastl.de\/?p=6226","title":{"rendered":"Ein gutes neues Jahr 2026"},"content":{"rendered":"<p><img loading=\"lazy\" decoding=\"async\" class=\"aligncenter wp-image-6227 size-full\" src=\"https:\/\/gemeindebuechereikastl.de\/wp-content\/uploads\/2025\/12\/Silveser-2025.jpg\" alt=\"\" width=\"1536\" height=\"1024\" srcset=\"https:\/\/gemeindebuechereikastl.de\/wp-content\/uploads\/2025\/12\/Silveser-2025.jpg 1536w, https:\/\/gemeindebuechereikastl.de\/wp-content\/uploads\/2025\/12\/Silveser-2025-300x200.jpg 300w, https:\/\/gemeindebuechereikastl.de\/wp-content\/uploads\/2025\/12\/Silveser-2025-768x512.jpg 768w, https:\/\/gemeindebuechereikastl.de\/wp-content\/uploads\/2025\/12\/Silveser-2025-750x500.jpg 750w\" sizes=\"auto, (max-width: 1536px) 100vw, 1536px\" \/><\/p>\n<p style=\"text-align: center;\"><strong>Ein Kapitel geht zu Ende \u2013 ein neues beginnt! &#x1f4d6;&#x1f386;<\/strong><\/p>\n<p style=\"text-align: center;\"><strong>Wir blicken dankbar auf ein Jahr voller Geschichten, Begegnungen und Lesemomente zur\u00fcck.<\/strong><br \/>\n<strong>Danke an alle Leserinnen und Leser, die unsere B\u00fccherei mit Leben f\u00fcllen &#x1f499;<\/strong><br \/>\n<strong>Wir w\u00fcnschen euch einen guten Rutsch, Gesundheit, Gl\u00fcck und viele wunderbare B\u00fccher im neuen Jahr!<\/strong><br \/>\n&#x2728;&#x1f4da;&#x1f942;<\/p>\n","protected":false},"excerpt":{"rendered":"<p>Ein Kapitel geht zu Ende \u2013 ein neues beginnt! &#x1f4d6;&#x1f386; Wir blicken dankbar auf ein Jahr voller Geschichten, Begegnungen und Lesemomente zur\u00fcck. Danke an alle Leserinnen und Leser, die unsere B\u00fccherei mit Leben f\u00fcllen &#x1f499; Wir w\u00fcnschen euch einen guten Rutsch, Gesundheit, Gl\u00fcck und viele wunderbare B\u00fccher im neuen Jahr! &#x2728;&#x1f4da;&#x1f942;<\/p>\n","protected":false},"author":1,"featured_media":6227,"comment_status":"closed","ping_status":"closed","sticky":false,"template":"","format":"standard","meta":{"footnotes":""},"categories":[1],"tags":[742,741,214,740],"class_list":["post-6226","post","type-post","status-publish","format-standard","has-post-thumbnail","hentry","category-team","tag-hyppy-new-year","tag-jahresschluss","tag-neues-jahr","tag-silvester","item-wrap"],"_links":{"self":[{"href":"https:\/\/gemeindebuechereikastl.de\/index.php?rest_route=\/wp\/v2\/posts\/6226","targetHints":{"allow":["GET"]}}],"collection":[{"href":"https:\/\/gemeindebuechereikastl.de\/index.php?rest_route=\/wp\/v2\/posts"}],"about":[{"href":"https:\/\/gemeindebuechereikastl.de\/index.php?rest_route=\/wp\/v2\/types\/post"}],"author":[{"embeddable":true,"href":"https:\/\/gemeindebuechereikastl.de\/index.php?rest_route=\/wp\/v2\/users\/1"}],"replies":[{"embeddable":true,"href":"https:\/\/gemeindebuechereikastl.de\/index.php?rest_route=%2Fwp%2Fv2%2Fcomments&post=6226"}],"version-history":[{"count":2,"href":"https:\/\/gemeindebuechereikastl.de\/index.php?rest_route=\/wp\/v2\/posts\/6226\/revisions"}],"predecessor-version":[{"id":6229,"href":"https:\/\/gemeindebuechereikastl.de\/index.php?rest_route=\/wp\/v2\/posts\/6226\/revisions\/6229"}],"wp:featuredmedia":[{"embeddable":true,"href":"https:\/\/gemeindebuechereikastl.de\/index.php?rest_route=\/wp\/v2\/media\/6227"}],"wp:attachment":[{"href":"https:\/\/gemeindebuechereikastl.de\/index.php?rest_route=%2Fwp%2Fv2%2Fmedia&parent=6226"}],"wp:term":[{"taxonomy":"category","embeddable":true,"href":"https:\/\/gemeindebuechereikastl.de\/index.php?rest_route=%2Fwp%2Fv2%2Fcategories&post=6226"},{"taxonomy":"post_tag","embeddable":true,"href":"https:\/\/gemeindebuechereikastl.de\/index.php?rest_route=%2Fwp%2Fv2%2Ftags&post=6226"}],"curies":[{"name":"wp","href":"https:\/\/api.w.org\/{rel}","templated":true}]}}