{"id":6242,"date":"2026-01-09T12:31:08","date_gmt":"2026-01-09T12:31:08","guid":{"rendered":"https:\/\/gemeindebuechereikastl.de\/?p=6242"},"modified":"2026-01-09T12:32:20","modified_gmt":"2026-01-09T12:32:20","slug":"eisige-zeiten-buecher-voller-frost-und-fantasie","status":"publish","type":"post","link":"https:\/\/gemeindebuechereikastl.de\/?p=6242","title":{"rendered":"Eisige Zeiten \u2013 B\u00fccher voller Frost und Fantasie"},"content":{"rendered":"<h2 style=\"text-align: center;\" data-start=\"0\" data-end=\"52\"><span style=\"color: #ff6600;\"><strong data-start=\"0\" data-end=\"52\">Buchausstellung f\u00fcr Kinder zum Thema &#8222;Eisige Zeiten&#8220; \u2013 B\u00fccher voller Frost und Fantasie<\/strong><\/span><\/h2>\n<p data-start=\"54\" data-end=\"443\"><img loading=\"lazy\" decoding=\"async\" class=\"alignleft wp-image-6233 \" src=\"https:\/\/gemeindebuechereikastl.de\/wp-content\/uploads\/2026\/01\/Eisige-Geschichten-scaled-e1767960243159-855x1206.jpg\" alt=\"\" width=\"362\" height=\"511\" srcset=\"https:\/\/gemeindebuechereikastl.de\/wp-content\/uploads\/2026\/01\/Eisige-Geschichten-scaled-e1767960243159-855x1206.jpg 855w, https:\/\/gemeindebuechereikastl.de\/wp-content\/uploads\/2026\/01\/Eisige-Geschichten-scaled-e1767960243159-213x300.jpg 213w, https:\/\/gemeindebuechereikastl.de\/wp-content\/uploads\/2026\/01\/Eisige-Geschichten-scaled-e1767960243159-768x1083.jpg 768w, https:\/\/gemeindebuechereikastl.de\/wp-content\/uploads\/2026\/01\/Eisige-Geschichten-scaled-e1767960243159-1089x1536.jpg 1089w, https:\/\/gemeindebuechereikastl.de\/wp-content\/uploads\/2026\/01\/Eisige-Geschichten-scaled-e1767960243159-1452x2048.jpg 1452w, https:\/\/gemeindebuechereikastl.de\/wp-content\/uploads\/2026\/01\/Eisige-Geschichten-scaled-e1767960243159-750x1058.jpg 750w, https:\/\/gemeindebuechereikastl.de\/wp-content\/uploads\/2026\/01\/Eisige-Geschichten-scaled-e1767960243159.jpg 1815w\" sizes=\"auto, (max-width: 362px) 100vw, 362px\" \/>Die Buchausstellung <em data-start=\"74\" data-end=\"91\">\u201eEisige Zeiten\u201c<\/em> l\u00e4dt Kinder dazu ein, in frostige Welten einzutauchen und spannende, lustige und informative Geschichten rund um Eis, Schnee und Winter zu entdecken. Vorgestellt werden sowohl <strong data-start=\"268\" data-end=\"284\">Kinderb\u00fccher<\/strong> als auch <strong data-start=\"294\" data-end=\"314\">Kindersachb\u00fccher<\/strong>, in denen es eisig zugeht \u2013 von verschneiten Abenteuern bis hin zu faszinierenden Einblicken in die Welt der Pole und Gletscher.<\/p>\n<p data-start=\"445\" data-end=\"785\">Bilderb\u00fccher und Erz\u00e4hlungen nehmen junge Leserinnen und Leser mit in winterliche Landschaften, zu Eisb\u00e4ren, Pinguinen oder mutigen Heldinnen und Helden im Schnee. Erg\u00e4nzt werden sie durch Sachb\u00fccher, die kindgerecht erkl\u00e4ren, wie Eis entsteht, welche Tiere in der K\u00e4lte leben und warum Schnee und Gletscher f\u00fcr unsere Erde so wichtig sind.<\/p>\n<p data-start=\"787\" data-end=\"1056\" data-is-last-node=\"\" data-is-only-node=\"\">Die Ausstellung verbindet Lesespa\u00df mit Wissen und macht neugierig auf Natur, Klima und das Leben in eisigen Regionen. Sie eignet sich f\u00fcr verschiedene Altersgruppen und zeigt, wie vielseitig und spannend das Thema \u201eEisige Zeiten\u201c in Kinderb\u00fcchern umgesetzt werden kann.<\/p>\n<p data-start=\"787\" data-end=\"1056\" data-is-last-node=\"\" data-is-only-node=\"\">Weiteren spannenden Lesestoff rund um das Thema <strong data-start=\"123\" data-end=\"142\">\u201eEisige Zeiten\u201c<\/strong> \u2013 mit frostigen Abenteuern, winterlichen Geschichten und faszinierenden Sachb\u00fcchern \u2013 finden Sie in unserem <a href=\"https:\/\/iopac.gemeindebuechereikastl.de\/iopac\/\"><span style=\"color: #0000ff;\"><strong>Online-Katalog,<\/strong><\/span><\/a> selbstverst\u00e4ndlich auch in gro\u00dfer Auswahl bei den E-Books unter <a href=\"https:\/\/leo-nord.onleihe.de\/\"><span style=\"color: #0000ff;\"><strong data-start=\"331\" data-end=\"343\">LEO-NORD<\/strong><\/span><\/a>. Alternativ laden wir Sie herzlich ein, direkt in unserer B\u00fccherei vorbeizukommen; auch hier gibt es zahlreiche eisige Titel zu entdecken.<\/p>\n","protected":false},"excerpt":{"rendered":"<p>Buchausstellung f\u00fcr Kinder zum Thema &#8222;Eisige Zeiten&#8220; \u2013 B\u00fccher voller Frost und Fantasie Die Buchausstellung \u201eEisige Zeiten\u201c l\u00e4dt Kinder dazu ein, in frostige Welten einzutauchen und spannende, lustige und informative Geschichten rund um Eis, Schnee und Winter zu entdecken. Vorgestellt werden sowohl Kinderb\u00fccher als auch Kindersachb\u00fccher, in denen es eisig zugeht \u2013 von verschneiten Abenteuern &hellip; <\/p>\n<p><a class=\"more-link btn\" href=\"https:\/\/gemeindebuechereikastl.de\/?p=6242\">Weiterlesen<\/a><\/p>\n","protected":false},"author":1,"featured_media":6243,"comment_status":"closed","ping_status":"closed","sticky":false,"template":"","format":"standard","meta":{"footnotes":""},"categories":[1],"tags":[194,653,743,90],"class_list":["post-6242","post","type-post","status-publish","format-standard","has-post-thumbnail","hentry","category-team","tag-buchausstellung","tag-eisige-geschichten","tag-erdgeschoss","tag-kinder","item-wrap"],"_links":{"self":[{"href":"https:\/\/gemeindebuechereikastl.de\/index.php?rest_route=\/wp\/v2\/posts\/6242","targetHints":{"allow":["GET"]}}],"collection":[{"href":"https:\/\/gemeindebuechereikastl.de\/index.php?rest_route=\/wp\/v2\/posts"}],"about":[{"href":"https:\/\/gemeindebuechereikastl.de\/index.php?rest_route=\/wp\/v2\/types\/post"}],"author":[{"embeddable":true,"href":"https:\/\/gemeindebuechereikastl.de\/index.php?rest_route=\/wp\/v2\/users\/1"}],"replies":[{"embeddable":true,"href":"https:\/\/gemeindebuechereikastl.de\/index.php?rest_route=%2Fwp%2Fv2%2Fcomments&post=6242"}],"version-history":[{"count":2,"href":"https:\/\/gemeindebuechereikastl.de\/index.php?rest_route=\/wp\/v2\/posts\/6242\/revisions"}],"predecessor-version":[{"id":6245,"href":"https:\/\/gemeindebuechereikastl.de\/index.php?rest_route=\/wp\/v2\/posts\/6242\/revisions\/6245"}],"wp:featuredmedia":[{"embeddable":true,"href":"https:\/\/gemeindebuechereikastl.de\/index.php?rest_route=\/wp\/v2\/media\/6243"}],"wp:attachment":[{"href":"https:\/\/gemeindebuechereikastl.de\/index.php?rest_route=%2Fwp%2Fv2%2Fmedia&parent=6242"}],"wp:term":[{"taxonomy":"category","embeddable":true,"href":"https:\/\/gemeindebuechereikastl.de\/index.php?rest_route=%2Fwp%2Fv2%2Fcategories&post=6242"},{"taxonomy":"post_tag","embeddable":true,"href":"https:\/\/gemeindebuechereikastl.de\/index.php?rest_route=%2Fwp%2Fv2%2Ftags&post=6242"}],"curies":[{"name":"wp","href":"https:\/\/api.w.org\/{rel}","templated":true}]}}