{"id":6260,"date":"2026-01-21T09:17:13","date_gmt":"2026-01-21T09:17:13","guid":{"rendered":"https:\/\/gemeindebuechereikastl.de\/?p=6260"},"modified":"2026-01-21T09:18:31","modified_gmt":"2026-01-21T09:18:31","slug":"6260","status":"publish","type":"post","link":"https:\/\/gemeindebuechereikastl.de\/?p=6260","title":{"rendered":"Monatlicher Buchtipp vom Team f\u00fcr Janaur 2026 &#8211; Die Kastanien an der Gracht von Agnes Imhof"},"content":{"rendered":"<h2><span style=\"color: #ff6600;\"><strong>Buch des Monats Janaur\u00a0 \u2013 2026 \/<\/strong><\/span><strong><a href=\"https:\/\/www.michaelsbund.de\/?cl=search&amp;searchauthor=Imhof%2C+Agnes\">\u00a0Imhof, Agnes<\/a><\/strong><\/h2>\n<h2><img loading=\"lazy\" decoding=\"async\" class=\"alignleft wp-image-6257 \" src=\"https:\/\/gemeindebuechereikastl.de\/wp-content\/uploads\/2026\/01\/Gracht-800x1206.jpg\" alt=\"\" width=\"411\" height=\"619\" srcset=\"https:\/\/gemeindebuechereikastl.de\/wp-content\/uploads\/2026\/01\/Gracht-800x1206.jpg 800w, https:\/\/gemeindebuechereikastl.de\/wp-content\/uploads\/2026\/01\/Gracht-199x300.jpg 199w, https:\/\/gemeindebuechereikastl.de\/wp-content\/uploads\/2026\/01\/Gracht-768x1158.jpg 768w, https:\/\/gemeindebuechereikastl.de\/wp-content\/uploads\/2026\/01\/Gracht-750x1131.jpg 750w, https:\/\/gemeindebuechereikastl.de\/wp-content\/uploads\/2026\/01\/Gracht.jpg 995w\" sizes=\"auto, (max-width: 411px) 100vw, 411px\" \/><\/h2>\n<h1 class=\"a-spacing-none a-text-normal\"><span class=\"a-size-large celwidget\" data-csa-c-id=\"g9xxa4-jahn7d-ed5pd6-a7tybv\" data-cel-widget=\"productTitle\">Die Kastanien an der Gracht \u2013\u00a0<\/span><span id=\"productTitle\" class=\"a-size-large celwidget\" data-csa-c-id=\"g9xxa4-jahn7d-ed5pd6-a7tybv\" data-cel-widget=\"productTitle\">Miep Gies und das Tagebuch der Anne Frank<\/span><\/h1>\n<h3><strong class=\"product-subtitle\">Die Frau, die half, Familie Frank zu verstecken<\/strong><\/h3>\n<p>Miep wurde in Wien geboren und kam als kleines M\u00e4dchen zu einer Pflegefamilie nach Amsterdam, dort wuchs sie sehr gl\u00fccklich auf. Nach dem Schulabschluss bekam sie eine Stelle in der Firma von Otto Frank und wurde kurze Zeit seine Sekret\u00e4rin. Als das Leben f\u00fcr Otto Frank 1942 immer unsicherer wird, da die SS inzwischen die Herrschaft zu \u00fcbernehmen droht, bittet er Miep um Unterst\u00fctzung, die sie ihm sogleich zusichert. Er beschlie\u00dft, mit seiner Familie einen versteckten Teil des Hinterhauses zu beziehen und fragt Miep, ob sie ihn mit Lebensmittel versorgen w\u00fcrde. Dazu erkl\u00e4rt sie sich bereit und es beginnt eine schwierige Zeit, da die &#8230;&#8230;&#8230;&#8230;&#8230;&#8230;&#8230;&#8230;<\/p>\n<p><strong>Weitere Infos zum Buch<\/strong>\u00a0<strong>\u201e<span class=\"a-size-large celwidget\" data-csa-c-id=\"g9xxa4-jahn7d-ed5pd6-a7tybv\" data-cel-widget=\"productTitle\">Die Kastanien an der Gracht<\/span>\u201c und weitere Infos \u00fcber die \u201eB\u00fccher des Monats\u201c gibt es hier unter <a href=\"https:\/\/gemeindebuechereikastl.de\/?page_id=2572\">\u201eBuchtipps vom Team\u201c<\/a><\/strong><\/p>\n<p><strong>Neben diesem Buch \u201e<span class=\"a-size-large celwidget\" data-csa-c-id=\"g9xxa4-jahn7d-ed5pd6-a7tybv\" data-cel-widget=\"productTitle\">Die Kastanien an der Gracht<\/span>\u201c gibt es noch weitere B\u00fccher \u00fcber &#8222;<a href=\"https:\/\/iopac.gemeindebuechereikastl.de\/iopac\/\">Anne Frank<\/a>&#8222;<\/strong><strong> bei uns in der B\u00fccherei zu entdecken n\u00e4heres\u00a0<\/strong><strong>in unserem\u00a0<a href=\"https:\/\/iopac.gemeindebuechereikastl.de\/\">Online-Katalog<\/a> ODER bei uns in der B\u00fccherei Oder auch <\/strong><strong>als <a href=\"https:\/\/leo-nord.onleihe.de\/\">eBooks<\/a> bei Leo Nord.\u00a0\u00a0<\/strong><\/p>\n","protected":false},"excerpt":{"rendered":"<p>Buch des Monats Janaur\u00a0 \u2013 2026 \/\u00a0Imhof, Agnes Die Kastanien an der Gracht \u2013\u00a0Miep Gies und das Tagebuch der Anne Frank Die Frau, die half, Familie Frank zu verstecken Miep wurde in Wien geboren und kam als kleines M\u00e4dchen zu einer Pflegefamilie nach Amsterdam, dort wuchs sie sehr gl\u00fccklich auf. Nach dem Schulabschluss bekam sie &hellip; <\/p>\n<p><a class=\"more-link btn\" href=\"https:\/\/gemeindebuechereikastl.de\/?p=6260\">Weiterlesen<\/a><\/p>\n","protected":false},"author":1,"featured_media":6257,"comment_status":"closed","ping_status":"closed","sticky":false,"template":"","format":"standard","meta":{"footnotes":""},"categories":[1],"tags":[747,301,663],"class_list":["post-6260","post","type-post","status-publish","format-standard","has-post-thumbnail","hentry","category-team","tag-anne-frank","tag-buchtipps","tag-buchtipps-vom-team","item-wrap"],"_links":{"self":[{"href":"https:\/\/gemeindebuechereikastl.de\/index.php?rest_route=\/wp\/v2\/posts\/6260","targetHints":{"allow":["GET"]}}],"collection":[{"href":"https:\/\/gemeindebuechereikastl.de\/index.php?rest_route=\/wp\/v2\/posts"}],"about":[{"href":"https:\/\/gemeindebuechereikastl.de\/index.php?rest_route=\/wp\/v2\/types\/post"}],"author":[{"embeddable":true,"href":"https:\/\/gemeindebuechereikastl.de\/index.php?rest_route=\/wp\/v2\/users\/1"}],"replies":[{"embeddable":true,"href":"https:\/\/gemeindebuechereikastl.de\/index.php?rest_route=%2Fwp%2Fv2%2Fcomments&post=6260"}],"version-history":[{"count":2,"href":"https:\/\/gemeindebuechereikastl.de\/index.php?rest_route=\/wp\/v2\/posts\/6260\/revisions"}],"predecessor-version":[{"id":6262,"href":"https:\/\/gemeindebuechereikastl.de\/index.php?rest_route=\/wp\/v2\/posts\/6260\/revisions\/6262"}],"wp:featuredmedia":[{"embeddable":true,"href":"https:\/\/gemeindebuechereikastl.de\/index.php?rest_route=\/wp\/v2\/media\/6257"}],"wp:attachment":[{"href":"https:\/\/gemeindebuechereikastl.de\/index.php?rest_route=%2Fwp%2Fv2%2Fmedia&parent=6260"}],"wp:term":[{"taxonomy":"category","embeddable":true,"href":"https:\/\/gemeindebuechereikastl.de\/index.php?rest_route=%2Fwp%2Fv2%2Fcategories&post=6260"},{"taxonomy":"post_tag","embeddable":true,"href":"https:\/\/gemeindebuechereikastl.de\/index.php?rest_route=%2Fwp%2Fv2%2Ftags&post=6260"}],"curies":[{"name":"wp","href":"https:\/\/api.w.org\/{rel}","templated":true}]}}