{"id":6263,"date":"2026-01-21T10:03:14","date_gmt":"2026-01-21T10:03:14","guid":{"rendered":"https:\/\/gemeindebuechereikastl.de\/?p=6263"},"modified":"2026-01-21T10:39:58","modified_gmt":"2026-01-21T10:39:58","slug":"zauberhafte-vorlesezeit-in-der-gemeindebuecherei-kastl-mit-schnecke-und-wal","status":"publish","type":"post","link":"https:\/\/gemeindebuechereikastl.de\/?p=6263","title":{"rendered":"Zauberhafte Vorlesezeit in der Gemeindeb\u00fccherei Kastl mit Schnecke und Wal"},"content":{"rendered":"<h2 style=\"text-align: center;\"><span style=\"color: #ff6600;\"><strong>Bilderbuch &#8222;Die Schnecke und der Buckelwal&#8220; bei der Kastler Vorlesezeit mit Monika Breunig<\/strong><\/span><\/h2>\n<p><img loading=\"lazy\" decoding=\"async\" class=\"wp-image-6265 size-large alignnone\" src=\"https:\/\/gemeindebuechereikastl.de\/wp-content\/uploads\/2026\/01\/Vorlesezeit-Schnecke-und-Buckelwal-1603x1202.jpg\" alt=\"\" width=\"750\" height=\"562\" srcset=\"https:\/\/gemeindebuechereikastl.de\/wp-content\/uploads\/2026\/01\/Vorlesezeit-Schnecke-und-Buckelwal-1603x1202.jpg 1603w, https:\/\/gemeindebuechereikastl.de\/wp-content\/uploads\/2026\/01\/Vorlesezeit-Schnecke-und-Buckelwal-300x225.jpg 300w, https:\/\/gemeindebuechereikastl.de\/wp-content\/uploads\/2026\/01\/Vorlesezeit-Schnecke-und-Buckelwal-768x576.jpg 768w, https:\/\/gemeindebuechereikastl.de\/wp-content\/uploads\/2026\/01\/Vorlesezeit-Schnecke-und-Buckelwal-1536x1152.jpg 1536w, https:\/\/gemeindebuechereikastl.de\/wp-content\/uploads\/2026\/01\/Vorlesezeit-Schnecke-und-Buckelwal-2048x1536.jpg 2048w, https:\/\/gemeindebuechereikastl.de\/wp-content\/uploads\/2026\/01\/Vorlesezeit-Schnecke-und-Buckelwal-750x563.jpg 750w\" sizes=\"auto, (max-width: 750px) 100vw, 750px\" \/><\/p>\n<p>Eine zauberhafte Reise mit Schnecke und Wal erlebten die Kinder bei der Kastler Vorlesezeit im Januar in der Gemeindeb\u00fccherei Kastl. Vorlesepatin Monika Breunig las aus dem beliebten Bilderbuch \u201eDie Schnecke und der Buckelwal\u201c vor \u2013 einer warmherzigen Geschichte \u00fcber Fernweh, Freundschaft und Hilfsbereitschaft, die sich an Kinder ab drei Jahren richtet.<img loading=\"lazy\" decoding=\"async\" class=\"alignright wp-image-6253 \" src=\"https:\/\/gemeindebuechereikastl.de\/wp-content\/uploads\/2026\/01\/Schnecke-und-Wal.jpg\" alt=\"\" width=\"286\" height=\"254\" srcset=\"https:\/\/gemeindebuechereikastl.de\/wp-content\/uploads\/2026\/01\/Schnecke-und-Wal.jpg 945w, https:\/\/gemeindebuechereikastl.de\/wp-content\/uploads\/2026\/01\/Schnecke-und-Wal-300x266.jpg 300w, https:\/\/gemeindebuechereikastl.de\/wp-content\/uploads\/2026\/01\/Schnecke-und-Wal-768x682.jpg 768w, https:\/\/gemeindebuechereikastl.de\/wp-content\/uploads\/2026\/01\/Schnecke-und-Wal-750x666.jpg 750w\" sizes=\"auto, (max-width: 286px) 100vw, 286px\" \/><\/p>\n<p>Im Mittelpunkt des Buches steht die abenteuerliche Reise einer kleinen Schnecke, die davon tr\u00e4umt, die Welt zu entdecken. Ein freundlicher Buckelwal nimmt sie mit auf seine gro\u00dfe Fahrt \u00fcber die Meere und zeigt ihr die Wunder dieser Welt. Doch die Geschichte macht auch deutlich, dass die Welt nicht nur sch\u00f6n, sondern mitunter auch gef\u00e4hrlich sein kann. Umso wichtiger ist es, einen verl\u00e4sslichen Freund an seiner Seite zu haben \u2013 selbst dann, wenn dieser so klein ist wie eine Seeschnecke.<\/p>\n<p>Auf einf\u00fchlsame und kindgerechte Weise vereint die Geschichte die Themen Freundschaft, Fernweh, Gefahr und Rettung. Monika Breunig verstand es, die jungen Zuh\u00f6rerinnen und Zuh\u00f6rer mit ihrer lebendigen Lesung in den Bann zu ziehen. Dabei blieb es nicht beim blo\u00dfen Vorlesen: Sie bezog die Kinder aktiv mit ein, zeigte die liebevoll gestalteten Bilder des Buches und stellte immer wieder Fragen, die zum Mitdenken und Mitreden anregten.<\/p>\n<p><img loading=\"lazy\" decoding=\"async\" class=\"wp-image-6264 alignleft\" src=\"https:\/\/gemeindebuechereikastl.de\/wp-content\/uploads\/2026\/01\/Basteln.jpg\" alt=\"\" width=\"470\" height=\"352\" srcset=\"https:\/\/gemeindebuechereikastl.de\/wp-content\/uploads\/2026\/01\/Basteln.jpg 1600w, https:\/\/gemeindebuechereikastl.de\/wp-content\/uploads\/2026\/01\/Basteln-300x225.jpg 300w, https:\/\/gemeindebuechereikastl.de\/wp-content\/uploads\/2026\/01\/Basteln-768x576.jpg 768w, https:\/\/gemeindebuechereikastl.de\/wp-content\/uploads\/2026\/01\/Basteln-1536x1152.jpg 1536w, https:\/\/gemeindebuechereikastl.de\/wp-content\/uploads\/2026\/01\/Basteln-750x563.jpg 750w\" sizes=\"auto, (max-width: 470px) 100vw, 470px\" \/><\/p>\n<p>Im Anschluss an das Vorlesen gab es noch eine Bastelaktion. Die Kinder erhielten vorgefertigte Sterne aus Sperrholz, die sie kreativ gestalten konnten \u2013 durch Anmalen, Bekleben und Verzieren. Die Sterne durften sie anschlie\u00dfend als Erinnerung mit nach Hause nehmen.<\/p>\n<p>Eine rundum gelungene und lebendige Vorlesezeit, bei der alle Kinder sichtlich Spa\u00df hatten und sich bereits auf die n\u00e4chste Veranstaltung freuen.<\/p>\n<p><strong>Diese findet am 21. Februar statt und h\u00e4lt eine besondere \u00dcberraschung bereit: Alle Kinder d\u00fcrfen ihre Kuscheltiere mitbringen, und es wird eine Geschichte von Pu der B\u00e4r vorgelesen.<\/strong><\/p>\n","protected":false},"excerpt":{"rendered":"<p>Bilderbuch &#8222;Die Schnecke und der Buckelwal&#8220; bei der Kastler Vorlesezeit mit Monika Breunig Eine zauberhafte Reise mit Schnecke und Wal erlebten die Kinder bei der Kastler Vorlesezeit im Januar in der Gemeindeb\u00fccherei Kastl. Vorlesepatin Monika Breunig las aus dem beliebten Bilderbuch \u201eDie Schnecke und der Buckelwal\u201c vor \u2013 einer warmherzigen Geschichte \u00fcber Fernweh, Freundschaft und &hellip; <\/p>\n<p><a class=\"more-link btn\" href=\"https:\/\/gemeindebuechereikastl.de\/?p=6263\">Weiterlesen<\/a><\/p>\n","protected":false},"author":1,"featured_media":6265,"comment_status":"closed","ping_status":"closed","sticky":false,"template":"","format":"standard","meta":{"footnotes":""},"categories":[1],"tags":[748,660,744,80],"class_list":["post-6263","post","type-post","status-publish","format-standard","has-post-thumbnail","hentry","category-team","tag-buckelwal","tag-kastler-vorlesezeit","tag-schnecke","tag-vorlesen","item-wrap"],"_links":{"self":[{"href":"https:\/\/gemeindebuechereikastl.de\/index.php?rest_route=\/wp\/v2\/posts\/6263","targetHints":{"allow":["GET"]}}],"collection":[{"href":"https:\/\/gemeindebuechereikastl.de\/index.php?rest_route=\/wp\/v2\/posts"}],"about":[{"href":"https:\/\/gemeindebuechereikastl.de\/index.php?rest_route=\/wp\/v2\/types\/post"}],"author":[{"embeddable":true,"href":"https:\/\/gemeindebuechereikastl.de\/index.php?rest_route=\/wp\/v2\/users\/1"}],"replies":[{"embeddable":true,"href":"https:\/\/gemeindebuechereikastl.de\/index.php?rest_route=%2Fwp%2Fv2%2Fcomments&post=6263"}],"version-history":[{"count":4,"href":"https:\/\/gemeindebuechereikastl.de\/index.php?rest_route=\/wp\/v2\/posts\/6263\/revisions"}],"predecessor-version":[{"id":6269,"href":"https:\/\/gemeindebuechereikastl.de\/index.php?rest_route=\/wp\/v2\/posts\/6263\/revisions\/6269"}],"wp:featuredmedia":[{"embeddable":true,"href":"https:\/\/gemeindebuechereikastl.de\/index.php?rest_route=\/wp\/v2\/media\/6265"}],"wp:attachment":[{"href":"https:\/\/gemeindebuechereikastl.de\/index.php?rest_route=%2Fwp%2Fv2%2Fmedia&parent=6263"}],"wp:term":[{"taxonomy":"category","embeddable":true,"href":"https:\/\/gemeindebuechereikastl.de\/index.php?rest_route=%2Fwp%2Fv2%2Fcategories&post=6263"},{"taxonomy":"post_tag","embeddable":true,"href":"https:\/\/gemeindebuechereikastl.de\/index.php?rest_route=%2Fwp%2Fv2%2Ftags&post=6263"}],"curies":[{"name":"wp","href":"https:\/\/api.w.org\/{rel}","templated":true}]}}