{"id":6428,"date":"2026-04-28T08:16:33","date_gmt":"2026-04-28T08:16:33","guid":{"rendered":"https:\/\/gemeindebuechereikastl.de\/?p=6428"},"modified":"2026-04-28T11:26:06","modified_gmt":"2026-04-28T11:26:06","slug":"magische-vorlesestunde-mit-petronella-apflemus-begeisterte-die-junge-zuhoerer-bei-der-vorlesezeit-in-der-buecherei","status":"publish","type":"post","link":"https:\/\/gemeindebuechereikastl.de\/?p=6428","title":{"rendered":"Magische Vorlesestunde mit Petronella Apflemus begeisterte die jungen Zuh\u00f6rer bei der Vorlesezeit in der B\u00fccherei"},"content":{"rendered":"<h2 style=\"text-align: center;\"><span style=\"color: #ff6600;\"><strong>Magische Vorlesestunde begeistert junge Zuh\u00f6rer in der Gemeindeb\u00fccherei Kastl<\/strong><\/span><\/h2>\n<p style=\"text-align: center;\" data-start=\"62\" data-end=\"322\"><strong>Im Rahmen der Kastler Vorlesezeit wurde es k\u00fcrzlich in der B\u00fccherei zauberhaft: Josef Riedl entf\u00fchrte die jungen Besucherinnen und Besucher mit seiner Lesung aus \u201ePetronella Apfelmus \u2013 verhext und festgeklebt\u201c in eine fantasievolle Welt voller Magie und Humor.<\/strong><\/p>\n<p data-start=\"62\" data-end=\"322\"><img loading=\"lazy\" decoding=\"async\" class=\"aligncenter wp-image-6429 size-large\" src=\"https:\/\/gemeindebuechereikastl.de\/wp-content\/uploads\/2026\/04\/Petronella-Apfelmus-1603x1078.jpg\" alt=\"\" width=\"750\" height=\"504\" srcset=\"https:\/\/gemeindebuechereikastl.de\/wp-content\/uploads\/2026\/04\/Petronella-Apfelmus-1603x1078.jpg 1603w, https:\/\/gemeindebuechereikastl.de\/wp-content\/uploads\/2026\/04\/Petronella-Apfelmus-300x202.jpg 300w, https:\/\/gemeindebuechereikastl.de\/wp-content\/uploads\/2026\/04\/Petronella-Apfelmus-768x516.jpg 768w, https:\/\/gemeindebuechereikastl.de\/wp-content\/uploads\/2026\/04\/Petronella-Apfelmus-1536x1033.jpg 1536w, https:\/\/gemeindebuechereikastl.de\/wp-content\/uploads\/2026\/04\/Petronella-Apfelmus-2048x1377.jpg 2048w, https:\/\/gemeindebuechereikastl.de\/wp-content\/uploads\/2026\/04\/Petronella-Apfelmus-750x504.jpg 750w\" sizes=\"auto, (max-width: 750px) 100vw, 750px\" \/><\/p>\n<p data-start=\"324\" data-end=\"893\">Im Mittelpunkt der Geschichte steht Petronella Apfelmus, eine liebenswerte und etwas chaotische Apfelhexe mit gro\u00dfem Herzen. Ihre Zauberspr\u00fcche verlaufen nicht immer nach Plan \u2013 sehr zur Freude der\u00a0<img loading=\"lazy\" decoding=\"async\" class=\"alignright wp-image-6413 \" src=\"https:\/\/gemeindebuechereikastl.de\/wp-content\/uploads\/2026\/04\/Petronella-820x1206.jpg\" alt=\"\" width=\"270\" height=\"397\" srcset=\"https:\/\/gemeindebuechereikastl.de\/wp-content\/uploads\/2026\/04\/Petronella-820x1206.jpg 820w, https:\/\/gemeindebuechereikastl.de\/wp-content\/uploads\/2026\/04\/Petronella-204x300.jpg 204w, https:\/\/gemeindebuechereikastl.de\/wp-content\/uploads\/2026\/04\/Petronella-768x1129.jpg 768w, https:\/\/gemeindebuechereikastl.de\/wp-content\/uploads\/2026\/04\/Petronella-750x1103.jpg 750w, https:\/\/gemeindebuechereikastl.de\/wp-content\/uploads\/2026\/04\/Petronella.jpg 1020w\" sizes=\"auto, (max-width: 270px) 100vw, 270px\" \/>Kinder, die die witzigen und \u00fcberraschenden Wendungen begeistert verfolgten. Hoch oben in ihrem Apfelhaus lebt Petronella eigentlich ruhig und zur\u00fcckgezogen, bis zwei neugierige Kinder ihren Garten geh\u00f6rig durcheinanderbringen. Was zun\u00e4chst wie ein frecher Hexenspuk beginnt, entwickelt sich rasch zu einer warmherzigen Geschichte \u00fcber Freundschaft, Mut und Zusammenhalt.<\/p>\n<p data-start=\"895\" data-end=\"1317\">Josef Riedl verstand es mit seiner lebendigen und fl\u00fcssigen Art zu lesen, die kleinen Zuh\u00f6rerinnen und Zuh\u00f6rer sofort in seinen Bann zu ziehen. Mit viel Ausdruck und Spannung lie\u00df er die Abenteuer der Apfelhexe lebendig werden, die alles daransetzt, eine neu eingezogene Familie wieder loszuwerden \u2013 und dabei selbst so manche \u00dcberraschung erlebt. Die Kinder lauschten aufmerksam und waren ganz in die Geschichte vertieft.<\/p>\n<p data-start=\"1319\" data-end=\"1437\">Das Vorleseerlebnis war gepr\u00e4gt von Magie, Lachen und vielen kle<img loading=\"lazy\" decoding=\"async\" class=\"alignleft wp-image-6430\" src=\"https:\/\/gemeindebuechereikastl.de\/wp-content\/uploads\/2026\/04\/Hey-hey-234x300.jpg\" alt=\"\" width=\"141\" height=\"181\" srcset=\"https:\/\/gemeindebuechereikastl.de\/wp-content\/uploads\/2026\/04\/Hey-hey-234x300.jpg 234w, https:\/\/gemeindebuechereikastl.de\/wp-content\/uploads\/2026\/04\/Hey-hey-941x1206.jpg 941w, https:\/\/gemeindebuechereikastl.de\/wp-content\/uploads\/2026\/04\/Hey-hey-768x984.jpg 768w, https:\/\/gemeindebuechereikastl.de\/wp-content\/uploads\/2026\/04\/Hey-hey-750x961.jpg 750w, https:\/\/gemeindebuechereikastl.de\/wp-content\/uploads\/2026\/04\/Hey-hey.jpg 1171w\" sizes=\"auto, (max-width: 141px) 100vw, 141px\" \/>inen Wundern \u2013 ein voller Erfolg f\u00fcr alle Beteiligten.<\/p>\n<p data-start=\"1439\" data-end=\"1704\" data-is-last-node=\"\" data-is-only-node=\"\">Mit gro\u00dfer Vorfreude blicken die jungen G\u00e4ste bereits auf die n\u00e4chste und vorerst letzte Kastler Vorlesezeit vor der Sommerpause: Am Samstag, den 16. Mai, wird Nadja Ghanem mit dem Bilderbuch <strong>\u201eHey, hey, hey, Taxi\u201c<\/strong> f\u00fcr einen weiteren unterhaltsamen Vormittag sorgen.<\/p>\n","protected":false},"excerpt":{"rendered":"<p>Magische Vorlesestunde begeistert junge Zuh\u00f6rer in der Gemeindeb\u00fccherei Kastl Im Rahmen der Kastler Vorlesezeit wurde es k\u00fcrzlich in der B\u00fccherei zauberhaft: Josef Riedl entf\u00fchrte die jungen Besucherinnen und Besucher mit seiner Lesung aus \u201ePetronella Apfelmus \u2013 verhext und festgeklebt\u201c in eine fantasievolle Welt voller Magie und Humor. Im Mittelpunkt der Geschichte steht Petronella Apfelmus, eine &hellip; <\/p>\n<p><a class=\"more-link btn\" href=\"https:\/\/gemeindebuechereikastl.de\/?p=6428\">Weiterlesen<\/a><\/p>\n","protected":false},"author":1,"featured_media":6429,"comment_status":"closed","ping_status":"closed","sticky":false,"template":"","format":"standard","meta":{"footnotes":""},"categories":[1],"tags":[660,776,777,80],"class_list":["post-6428","post","type-post","status-publish","format-standard","has-post-thumbnail","hentry","category-team","tag-kastler-vorlesezeit","tag-petronella-apfelmus","tag-reidl-josef","tag-vorlesen","item-wrap"],"_links":{"self":[{"href":"https:\/\/gemeindebuechereikastl.de\/index.php?rest_route=\/wp\/v2\/posts\/6428","targetHints":{"allow":["GET"]}}],"collection":[{"href":"https:\/\/gemeindebuechereikastl.de\/index.php?rest_route=\/wp\/v2\/posts"}],"about":[{"href":"https:\/\/gemeindebuechereikastl.de\/index.php?rest_route=\/wp\/v2\/types\/post"}],"author":[{"embeddable":true,"href":"https:\/\/gemeindebuechereikastl.de\/index.php?rest_route=\/wp\/v2\/users\/1"}],"replies":[{"embeddable":true,"href":"https:\/\/gemeindebuechereikastl.de\/index.php?rest_route=%2Fwp%2Fv2%2Fcomments&post=6428"}],"version-history":[{"count":4,"href":"https:\/\/gemeindebuechereikastl.de\/index.php?rest_route=\/wp\/v2\/posts\/6428\/revisions"}],"predecessor-version":[{"id":6434,"href":"https:\/\/gemeindebuechereikastl.de\/index.php?rest_route=\/wp\/v2\/posts\/6428\/revisions\/6434"}],"wp:featuredmedia":[{"embeddable":true,"href":"https:\/\/gemeindebuechereikastl.de\/index.php?rest_route=\/wp\/v2\/media\/6429"}],"wp:attachment":[{"href":"https:\/\/gemeindebuechereikastl.de\/index.php?rest_route=%2Fwp%2Fv2%2Fmedia&parent=6428"}],"wp:term":[{"taxonomy":"category","embeddable":true,"href":"https:\/\/gemeindebuechereikastl.de\/index.php?rest_route=%2Fwp%2Fv2%2Fcategories&post=6428"},{"taxonomy":"post_tag","embeddable":true,"href":"https:\/\/gemeindebuechereikastl.de\/index.php?rest_route=%2Fwp%2Fv2%2Ftags&post=6428"}],"curies":[{"name":"wp","href":"https:\/\/api.w.org\/{rel}","templated":true}]}}