{"id":6435,"date":"2026-04-28T13:05:05","date_gmt":"2026-04-28T13:05:05","guid":{"rendered":"https:\/\/gemeindebuechereikastl.de\/?p=6435"},"modified":"2026-04-28T13:11:18","modified_gmt":"2026-04-28T13:11:18","slug":"kastl-erlebt-eindringliche-lesung-ueber-ein-leben-im-schatten-der-stasi-in-der-buecherei","status":"publish","type":"post","link":"https:\/\/gemeindebuechereikastl.de\/?p=6435","title":{"rendered":"Kastl erlebt eindringliche Lesung \u00fcber ein Leben im Schatten der Stasi"},"content":{"rendered":"<h2 style=\"text-align: center;\"><span style=\"color: #ff6600;\">Eindrucksvolle Lesung im Obergeschoss der Kastler B\u00fccherei: Ein Leben im Visier der Stasi<\/span><\/h2>\n<p data-start=\"136\" data-end=\"462\"><img loading=\"lazy\" decoding=\"async\" class=\"aligncenter wp-image-6437 size-large\" src=\"https:\/\/gemeindebuechereikastl.de\/wp-content\/uploads\/2026\/04\/Deckname-Antenne-1603x1202.jpg\" alt=\"\" width=\"750\" height=\"562\" srcset=\"https:\/\/gemeindebuechereikastl.de\/wp-content\/uploads\/2026\/04\/Deckname-Antenne-1603x1202.jpg 1603w, https:\/\/gemeindebuechereikastl.de\/wp-content\/uploads\/2026\/04\/Deckname-Antenne-300x225.jpg 300w, https:\/\/gemeindebuechereikastl.de\/wp-content\/uploads\/2026\/04\/Deckname-Antenne-768x576.jpg 768w, https:\/\/gemeindebuechereikastl.de\/wp-content\/uploads\/2026\/04\/Deckname-Antenne-1536x1152.jpg 1536w, https:\/\/gemeindebuechereikastl.de\/wp-content\/uploads\/2026\/04\/Deckname-Antenne-2048x1536.jpg 2048w, https:\/\/gemeindebuechereikastl.de\/wp-content\/uploads\/2026\/04\/Deckname-Antenne-750x563.jpg 750w\" sizes=\"auto, (max-width: 750px) 100vw, 750px\" \/>Unter dem Titel \u201eAbgeh\u00f6rt, beschattet, verfolgt \u2013 ein Leben im Fadenkreuz der Stasi\u201c begeisterte der ehemalige BR-Reporter Eberhard Schellenberger das Publikum in der Gemeindeb\u00fccherei Kastl. Mit seiner\u00a0<img loading=\"lazy\" decoding=\"async\" class=\"wp-image-6438 alignright\" src=\"https:\/\/gemeindebuechereikastl.de\/wp-content\/uploads\/2026\/04\/Schellenberger-1603x1153.jpg\" alt=\"\" width=\"441\" height=\"317\" srcset=\"https:\/\/gemeindebuechereikastl.de\/wp-content\/uploads\/2026\/04\/Schellenberger-1603x1153.jpg 1603w, https:\/\/gemeindebuechereikastl.de\/wp-content\/uploads\/2026\/04\/Schellenberger-300x216.jpg 300w, https:\/\/gemeindebuechereikastl.de\/wp-content\/uploads\/2026\/04\/Schellenberger-768x552.jpg 768w, https:\/\/gemeindebuechereikastl.de\/wp-content\/uploads\/2026\/04\/Schellenberger-1536x1105.jpg 1536w, https:\/\/gemeindebuechereikastl.de\/wp-content\/uploads\/2026\/04\/Schellenberger-2048x1473.jpg 2048w, https:\/\/gemeindebuechereikastl.de\/wp-content\/uploads\/2026\/04\/Schellenberger-750x539.jpg 750w\" sizes=\"auto, (max-width: 441px) 100vw, 441px\" \/>vielfach gezeigten Lesung aus dem Buch \u201eDeckname Antenne\u201c machte er nun auch in Kastl Station und traf auf gro\u00dfes Interesse.<\/p>\n<p data-start=\"464\" data-end=\"901\">Schellenberger spannte den Bogen vom Mauerbau bis zur Wiedervereinigung und gab eindrucksvolle Einblicke in seine pers\u00f6nlichen Erfahrungen mit der Staatssicherheit der DDR. Seit einer privaten Reise 1984 stand er im Fokus der Stasi, die eine rund 400 Seiten umfassende Akte \u00fcber ihn anlegte. Besonders im Zusammenhang mit der St\u00e4dtepartnerschaft zwischen W\u00fcrzburg und Suhl wurde er intensiv \u00fcberwacht \u2013\u00a0ein zentrales Thema seines Buches.<img loading=\"lazy\" decoding=\"async\" class=\"wp-image-6436 alignleft\" src=\"https:\/\/gemeindebuechereikastl.de\/wp-content\/uploads\/2026\/04\/DDR-Fahne-1603x1202.jpg\" alt=\"\" width=\"288\" height=\"216\" srcset=\"https:\/\/gemeindebuechereikastl.de\/wp-content\/uploads\/2026\/04\/DDR-Fahne-1603x1202.jpg 1603w, https:\/\/gemeindebuechereikastl.de\/wp-content\/uploads\/2026\/04\/DDR-Fahne-300x225.jpg 300w, https:\/\/gemeindebuechereikastl.de\/wp-content\/uploads\/2026\/04\/DDR-Fahne-768x576.jpg 768w, https:\/\/gemeindebuechereikastl.de\/wp-content\/uploads\/2026\/04\/DDR-Fahne-1536x1152.jpg 1536w, https:\/\/gemeindebuechereikastl.de\/wp-content\/uploads\/2026\/04\/DDR-Fahne-2048x1536.jpg 2048w, https:\/\/gemeindebuechereikastl.de\/wp-content\/uploads\/2026\/04\/DDR-Fahne-750x563.jpg 750w\" sizes=\"auto, (max-width: 288px) 100vw, 288px\" \/><\/p>\n<p data-start=\"903\" data-end=\"1133\">Die Lesung \u00fcberzeugte durch ihren multimedialen Ansatz mit Textpassagen, Bildern, Stasi-Akten sowie Originalt\u00f6nen und Videos aus dem BR-Archiv. So wurde die deutsch-deutsche Vergangenheit f\u00fcr das Publikum anschaulich und greifbar.<\/p>\n<p data-start=\"1135\" data-end=\"1476\">Der Journalist, Jahrgang 1957, begleitete die deutsche Teilung \u00fcber Jahrzehnte hinweg und erlebte den Mauerfall sowie die Wiedervereinigung hautnah. Bewegend schilderte er seine Live-Berichterstattung in der Nacht des 3. Oktober 1990 \u2013 einen der pr\u00e4gendsten Momente seines Lebens. Sein Buch richtet sich bewusst auch an j\u00fcngere Generationen.<img loading=\"lazy\" decoding=\"async\" class=\"wp-image-6439 alignright\" src=\"https:\/\/gemeindebuechereikastl.de\/wp-content\/uploads\/2026\/04\/Widmung-Deckname-Antenne-905x1206.jpg\" alt=\"\" width=\"198\" height=\"264\" srcset=\"https:\/\/gemeindebuechereikastl.de\/wp-content\/uploads\/2026\/04\/Widmung-Deckname-Antenne-905x1206.jpg 905w, https:\/\/gemeindebuechereikastl.de\/wp-content\/uploads\/2026\/04\/Widmung-Deckname-Antenne-225x300.jpg 225w, https:\/\/gemeindebuechereikastl.de\/wp-content\/uploads\/2026\/04\/Widmung-Deckname-Antenne-768x1024.jpg 768w, https:\/\/gemeindebuechereikastl.de\/wp-content\/uploads\/2026\/04\/Widmung-Deckname-Antenne-1152x1536.jpg 1152w, https:\/\/gemeindebuechereikastl.de\/wp-content\/uploads\/2026\/04\/Widmung-Deckname-Antenne-1536x2048.jpg 1536w, https:\/\/gemeindebuechereikastl.de\/wp-content\/uploads\/2026\/04\/Widmung-Deckname-Antenne-750x1000.jpg 750w, https:\/\/gemeindebuechereikastl.de\/wp-content\/uploads\/2026\/04\/Widmung-Deckname-Antenne-scaled.jpg 1920w\" sizes=\"auto, (max-width: 198px) 100vw, 198px\" \/><\/p>\n<p data-start=\"1478\" data-end=\"1813\"><img loading=\"lazy\" decoding=\"async\" class=\"wp-image-6347 alignleft\" src=\"https:\/\/gemeindebuechereikastl.de\/wp-content\/uploads\/2026\/03\/Buchtitel-197x300.jpg\" alt=\"\" width=\"139\" height=\"212\" srcset=\"https:\/\/gemeindebuechereikastl.de\/wp-content\/uploads\/2026\/03\/Buchtitel-197x300.jpg 197w, https:\/\/gemeindebuechereikastl.de\/wp-content\/uploads\/2026\/03\/Buchtitel-790x1206.jpg 790w, https:\/\/gemeindebuechereikastl.de\/wp-content\/uploads\/2026\/03\/Buchtitel-768x1172.jpg 768w, https:\/\/gemeindebuechereikastl.de\/wp-content\/uploads\/2026\/03\/Buchtitel-1007x1536.jpg 1007w, https:\/\/gemeindebuechereikastl.de\/wp-content\/uploads\/2026\/03\/Buchtitel-1342x2048.jpg 1342w, https:\/\/gemeindebuechereikastl.de\/wp-content\/uploads\/2026\/03\/Buchtitel-750x1145.jpg 750w, https:\/\/gemeindebuechereikastl.de\/wp-content\/uploads\/2026\/03\/Buchtitel-scaled.jpg 1678w\" sizes=\"auto, (max-width: 139px) 100vw, 139px\" \/>Die Gemeindeb\u00fccherei Kastl bewies mit dieser Veranstaltung erneut ihr Gesp\u00fcr f\u00fcr gesellschaftlich relevante Themen und zog zahlreiche Interessierte an. Im Anschluss nahm sich der Autor Zeit f\u00fcr Gespr\u00e4che und Signaturen. In einem B\u00fcchereiexemplar hinterlie\u00df er die Worte: \u201e<strong>Freiheit ist nicht alles, aber ohne Freiheit ist alles nichts<\/strong>&#8220; nach dem Titel des Romanes von Ilse Obenland.<\/p>\n<h4 style=\"text-align: center;\" data-start=\"1815\" data-end=\"1897\"><strong>Das Buch \u201eDeckname Antenne\u201c kann in der Gemeindeb\u00fccherei ausgeliehen werden!<\/strong><\/h4>\n","protected":false},"excerpt":{"rendered":"<p>Eindrucksvolle Lesung im Obergeschoss der Kastler B\u00fccherei: Ein Leben im Visier der Stasi Unter dem Titel \u201eAbgeh\u00f6rt, beschattet, verfolgt \u2013 ein Leben im Fadenkreuz der Stasi\u201c begeisterte der ehemalige BR-Reporter Eberhard Schellenberger das Publikum in der Gemeindeb\u00fccherei Kastl. Mit seiner\u00a0vielfach gezeigten Lesung aus dem Buch \u201eDeckname Antenne\u201c machte er nun auch in Kastl Station und &hellip; <\/p>\n<p><a class=\"more-link btn\" href=\"https:\/\/gemeindebuechereikastl.de\/?p=6435\">Weiterlesen<\/a><\/p>\n","protected":false},"author":1,"featured_media":6437,"comment_status":"closed","ping_status":"closed","sticky":false,"template":"","format":"standard","meta":{"footnotes":""},"categories":[1],"tags":[767,778,241,779,766],"class_list":["post-6435","post","type-post","status-publish","format-standard","has-post-thumbnail","hentry","category-team","tag-ddr","tag-deckname-antenne","tag-lesung","tag-schellenberger","tag-stasi","item-wrap"],"_links":{"self":[{"href":"https:\/\/gemeindebuechereikastl.de\/index.php?rest_route=\/wp\/v2\/posts\/6435","targetHints":{"allow":["GET"]}}],"collection":[{"href":"https:\/\/gemeindebuechereikastl.de\/index.php?rest_route=\/wp\/v2\/posts"}],"about":[{"href":"https:\/\/gemeindebuechereikastl.de\/index.php?rest_route=\/wp\/v2\/types\/post"}],"author":[{"embeddable":true,"href":"https:\/\/gemeindebuechereikastl.de\/index.php?rest_route=\/wp\/v2\/users\/1"}],"replies":[{"embeddable":true,"href":"https:\/\/gemeindebuechereikastl.de\/index.php?rest_route=%2Fwp%2Fv2%2Fcomments&post=6435"}],"version-history":[{"count":5,"href":"https:\/\/gemeindebuechereikastl.de\/index.php?rest_route=\/wp\/v2\/posts\/6435\/revisions"}],"predecessor-version":[{"id":6444,"href":"https:\/\/gemeindebuechereikastl.de\/index.php?rest_route=\/wp\/v2\/posts\/6435\/revisions\/6444"}],"wp:featuredmedia":[{"embeddable":true,"href":"https:\/\/gemeindebuechereikastl.de\/index.php?rest_route=\/wp\/v2\/media\/6437"}],"wp:attachment":[{"href":"https:\/\/gemeindebuechereikastl.de\/index.php?rest_route=%2Fwp%2Fv2%2Fmedia&parent=6435"}],"wp:term":[{"taxonomy":"category","embeddable":true,"href":"https:\/\/gemeindebuechereikastl.de\/index.php?rest_route=%2Fwp%2Fv2%2Fcategories&post=6435"},{"taxonomy":"post_tag","embeddable":true,"href":"https:\/\/gemeindebuechereikastl.de\/index.php?rest_route=%2Fwp%2Fv2%2Ftags&post=6435"}],"curies":[{"name":"wp","href":"https:\/\/api.w.org\/{rel}","templated":true}]}}