{"id":6445,"date":"2026-05-01T15:51:45","date_gmt":"2026-05-01T15:51:45","guid":{"rendered":"https:\/\/gemeindebuechereikastl.de\/?p=6445"},"modified":"2026-05-01T15:56:01","modified_gmt":"2026-05-01T15:56:01","slug":"1-klasse-erstmal-gemeinsam-im-rahmen-der-schulausleihe-in-der-buecheri","status":"publish","type":"post","link":"https:\/\/gemeindebuechereikastl.de\/?p=6445","title":{"rendered":"1. Klasse zum Ersten Mal gemeinsam im Rahmen der Schulausleihe in der B\u00fccherei"},"content":{"rendered":"<h2 style=\"text-align: center;\" data-start=\"0\" data-end=\"65\"><span style=\"color: #ff6600;\"><strong data-start=\"0\" data-end=\"65\">Besuch in der B\u00fccherei: Erstkl\u00e4ssler entdecken Medienvielfalt<\/strong><\/span><\/h2>\n<p style=\"text-align: center;\" data-start=\"67\" data-end=\"266\"><strong>Neugierig und voller Entdeckerdrang besuchte die 1. Klasse im Rahmen der Schulausleihe erstmals die Gemeindeb\u00fccherei Kastl. Dort tauchten die Kinder in die vielf\u00e4ltige Welt der B\u00fccher und Medien ein.<\/strong><\/p>\n<p data-start=\"268\" data-end=\"609\"><img loading=\"lazy\" decoding=\"async\" class=\"aligncenter wp-image-6446 size-large\" src=\"https:\/\/gemeindebuechereikastl.de\/wp-content\/uploads\/2026\/05\/1-Klasse-1603x1057.jpg\" alt=\"\" width=\"750\" height=\"495\" srcset=\"https:\/\/gemeindebuechereikastl.de\/wp-content\/uploads\/2026\/05\/1-Klasse-1603x1057.jpg 1603w, https:\/\/gemeindebuechereikastl.de\/wp-content\/uploads\/2026\/05\/1-Klasse-300x198.jpg 300w, https:\/\/gemeindebuechereikastl.de\/wp-content\/uploads\/2026\/05\/1-Klasse-768x506.jpg 768w, https:\/\/gemeindebuechereikastl.de\/wp-content\/uploads\/2026\/05\/1-Klasse-1536x1012.jpg 1536w, https:\/\/gemeindebuechereikastl.de\/wp-content\/uploads\/2026\/05\/1-Klasse-2048x1350.jpg 2048w, https:\/\/gemeindebuechereikastl.de\/wp-content\/uploads\/2026\/05\/1-Klasse-750x494.jpg 750w\" sizes=\"auto, (max-width: 750px) 100vw, 750px\" \/>Begr\u00fc\u00dft wurden sie von B\u00fcchereileiter Georg D\u00fcrr und Christa Kastner vom Leitungsteam, die gemeinsam mit Klassenlehrerin Ulrike Hampel-Sperlich in den Besuch einf\u00fchrten. Viele Sch\u00fclerinnen und Sch\u00fcler kannten die B\u00fccherei bereits aus fr\u00fcheren Besuchen oder aus dem Kindergarten und konnten ihr Wissen \u00fcber das Medienangebot aktiv einbringen.<\/p>\n<p data-start=\"611\" data-end=\"1014\"><img loading=\"lazy\" decoding=\"async\" class=\"alignright wp-image-6447 \" src=\"https:\/\/gemeindebuechereikastl.de\/wp-content\/uploads\/2026\/05\/Schulausleihe-scaled-e1777650550442-905x1206.jpg\" alt=\"\" width=\"365\" height=\"486\" srcset=\"https:\/\/gemeindebuechereikastl.de\/wp-content\/uploads\/2026\/05\/Schulausleihe-scaled-e1777650550442-905x1206.jpg 905w, https:\/\/gemeindebuechereikastl.de\/wp-content\/uploads\/2026\/05\/Schulausleihe-scaled-e1777650550442-225x300.jpg 225w, https:\/\/gemeindebuechereikastl.de\/wp-content\/uploads\/2026\/05\/Schulausleihe-scaled-e1777650550442-768x1024.jpg 768w, https:\/\/gemeindebuechereikastl.de\/wp-content\/uploads\/2026\/05\/Schulausleihe-scaled-e1777650550442-1152x1536.jpg 1152w, https:\/\/gemeindebuechereikastl.de\/wp-content\/uploads\/2026\/05\/Schulausleihe-scaled-e1777650550442-1536x2048.jpg 1536w, https:\/\/gemeindebuechereikastl.de\/wp-content\/uploads\/2026\/05\/Schulausleihe-scaled-e1777650550442-750x1000.jpg 750w, https:\/\/gemeindebuechereikastl.de\/wp-content\/uploads\/2026\/05\/Schulausleihe-scaled-e1777650550442.jpg 1920w\" sizes=\"auto, (max-width: 365px) 100vw, 365px\" \/>Beim Rundgang durch die beiden Stockwerke lernten die Kinder unter anderem die Bedeutung der farblichen Kennzeichnungen kennen, die bei der Orientierung helfen. Eindrucksvoll war auch die Gr\u00f6\u00dfe des Angebots: Rund 9.500 Medien stehen zur Verf\u00fcgung, darunter etwa 8.000 B\u00fccher und Zeitschriften sowie 1.500 weitere Medien wie Spiele, DVDs, H\u00f6rb\u00fccher und Tonies. Erg\u00e4nzt wird dies durch rund 30.000 eBooks.<\/p>\n<p data-start=\"1016\" data-end=\"1233\">Besonders gefragt waren B\u00fccher zu Themen wie Tiere, Fahrzeuge und das Weltall. Auch die zahlreichen Antolin-B\u00fccher stie\u00dfen auf gro\u00dfes Interesse. Beim anschlie\u00dfenden St\u00f6bern fanden alle Kinder schnell ihr passende Lekt\u00fcre.<\/p>\n<p data-start=\"1235\" data-end=\"1548\" data-is-last-node=\"\" data-is-only-node=\"\">Ein H\u00f6hepunkt war die Ausgabe der eigenen Leseausweise, die direkt f\u00fcr die erste Ausleihe genutzt wurden. So k\u00f6nnen die Kinder k\u00fcnftig selbstst\u00e4ndig Medien ausleihen.<br \/>\nMit B\u00fcchereitasche, Heftchen und Lesezeichen ausgestattet kehrten sie schlie\u00dflich zur Schule zur\u00fcck \u2013 im Gep\u00e4ck viele B\u00fccher und gro\u00dfe Lesefreude.<\/p>\n","protected":false},"excerpt":{"rendered":"<p>Besuch in der B\u00fccherei: Erstkl\u00e4ssler entdecken Medienvielfalt Neugierig und voller Entdeckerdrang besuchte die 1. Klasse im Rahmen der Schulausleihe erstmals die Gemeindeb\u00fccherei Kastl. Dort tauchten die Kinder in die vielf\u00e4ltige Welt der B\u00fccher und Medien ein. Begr\u00fc\u00dft wurden sie von B\u00fcchereileiter Georg D\u00fcrr und Christa Kastner vom Leitungsteam, die gemeinsam mit Klassenlehrerin Ulrike Hampel-Sperlich in &hellip; <\/p>\n<p><a class=\"more-link btn\" href=\"https:\/\/gemeindebuechereikastl.de\/?p=6445\">Weiterlesen<\/a><\/p>\n","protected":false},"author":1,"featured_media":6446,"comment_status":"closed","ping_status":"closed","sticky":false,"template":"","format":"standard","meta":{"footnotes":""},"categories":[1],"tags":[21,780,22],"class_list":["post-6445","post","type-post","status-publish","format-standard","has-post-thumbnail","hentry","category-team","tag-1-klasse","tag-medienvielfalt","tag-schulausleihe","item-wrap"],"_links":{"self":[{"href":"https:\/\/gemeindebuechereikastl.de\/index.php?rest_route=\/wp\/v2\/posts\/6445","targetHints":{"allow":["GET"]}}],"collection":[{"href":"https:\/\/gemeindebuechereikastl.de\/index.php?rest_route=\/wp\/v2\/posts"}],"about":[{"href":"https:\/\/gemeindebuechereikastl.de\/index.php?rest_route=\/wp\/v2\/types\/post"}],"author":[{"embeddable":true,"href":"https:\/\/gemeindebuechereikastl.de\/index.php?rest_route=\/wp\/v2\/users\/1"}],"replies":[{"embeddable":true,"href":"https:\/\/gemeindebuechereikastl.de\/index.php?rest_route=%2Fwp%2Fv2%2Fcomments&post=6445"}],"version-history":[{"count":4,"href":"https:\/\/gemeindebuechereikastl.de\/index.php?rest_route=\/wp\/v2\/posts\/6445\/revisions"}],"predecessor-version":[{"id":6451,"href":"https:\/\/gemeindebuechereikastl.de\/index.php?rest_route=\/wp\/v2\/posts\/6445\/revisions\/6451"}],"wp:featuredmedia":[{"embeddable":true,"href":"https:\/\/gemeindebuechereikastl.de\/index.php?rest_route=\/wp\/v2\/media\/6446"}],"wp:attachment":[{"href":"https:\/\/gemeindebuechereikastl.de\/index.php?rest_route=%2Fwp%2Fv2%2Fmedia&parent=6445"}],"wp:term":[{"taxonomy":"category","embeddable":true,"href":"https:\/\/gemeindebuechereikastl.de\/index.php?rest_route=%2Fwp%2Fv2%2Fcategories&post=6445"},{"taxonomy":"post_tag","embeddable":true,"href":"https:\/\/gemeindebuechereikastl.de\/index.php?rest_route=%2Fwp%2Fv2%2Ftags&post=6445"}],"curies":[{"name":"wp","href":"https:\/\/api.w.org\/{rel}","templated":true}]}}