{"id":651,"date":"2018-08-13T15:46:21","date_gmt":"2018-08-13T15:46:21","guid":{"rendered":"http:\/\/gemeindebuechereikastl.de\/?p=651"},"modified":"2018-08-13T15:48:05","modified_gmt":"2018-08-13T15:48:05","slug":"musical-klassiker-my-fair-lady-mit-fraenkischer-note-auf-der-luisenburg","status":"publish","type":"post","link":"https:\/\/gemeindebuechereikastl.de\/?p=651","title":{"rendered":"Musical-Klassiker \u201eMy Fair Lady\u201c mit fr\u00e4nkischer Note"},"content":{"rendered":"<p style=\"text-align: center;\"><strong>\u00a0Samstag, 11. August &#8211; Kastler Theaterfreunde vom Musical-Klassiker \u201eMy Fair Lady\u201c mit fr\u00e4nkischer Note bei Luisenburg-Festspielen begeistert<\/strong><\/p>\n<p style=\"text-align: center;\"><img loading=\"lazy\" decoding=\"async\" class=\"size-large wp-image-652 aligncenter\" src=\"https:\/\/gemeindebuechereikastl.de\/wp-content\/uploads\/2018\/08\/My-Fair-Lady-1-1024x507.jpg\" alt=\"\" width=\"750\" height=\"371\" srcset=\"https:\/\/gemeindebuechereikastl.de\/wp-content\/uploads\/2018\/08\/My-Fair-Lady-1-1024x507.jpg 1024w, https:\/\/gemeindebuechereikastl.de\/wp-content\/uploads\/2018\/08\/My-Fair-Lady-1-300x148.jpg 300w, https:\/\/gemeindebuechereikastl.de\/wp-content\/uploads\/2018\/08\/My-Fair-Lady-1-768x380.jpg 768w\" sizes=\"auto, (max-width: 750px) 100vw, 750px\" \/><\/p>\n<p style=\"text-align: left;\">Professor Higgins, lebt ganz f\u00fcr das Studium der Sprachen und Dialekte. Er begegnet zuf\u00e4llig Oberst Pickering, einem gerade aus Indien zur\u00fcckgekehrten Fachkollegen. Da trifft sie der Wortschwall des schimpfenden Blumenm\u00e4dchens Eliza Doolittle. Am n\u00e4chsten Tag erscheint Eliza, \u00fcberraschend bei Professor Higgins, um bei ihm Sprachunterricht zu nehmen. Sie m\u00f6chte eine Lady werden und einen Blumenladen er\u00f6ffnen. Higgins ist \u00fcber ihr Anliegen verbl\u00fcfft, doch dann reizt ihn das Experiment, ganz besonders, weil Pickering mit ihm wettet, dass das g\u00e4nzlich unm\u00f6glich sei. <img loading=\"lazy\" decoding=\"async\" class=\" wp-image-653 alignleft\" src=\"https:\/\/gemeindebuechereikastl.de\/wp-content\/uploads\/2018\/08\/My-Fair-Lady-3-1024x619.jpg\" alt=\"\" width=\"495\" height=\"299\" srcset=\"https:\/\/gemeindebuechereikastl.de\/wp-content\/uploads\/2018\/08\/My-Fair-Lady-3-1024x619.jpg 1024w, https:\/\/gemeindebuechereikastl.de\/wp-content\/uploads\/2018\/08\/My-Fair-Lady-3-300x181.jpg 300w, https:\/\/gemeindebuechereikastl.de\/wp-content\/uploads\/2018\/08\/My-Fair-Lady-3-768x464.jpg 768w\" sizes=\"auto, (max-width: 495px) 100vw, 495px\" \/>Nach wochenlanger harter Arbeit, bei der Higgins keinerlei R\u00fccksicht auf die seelischen Konflikte des jungen M\u00e4dchens nimmt, wird Eliza beim Pferderennen von Ascot der Gesellschaft pr\u00e4sentiert. Sie f\u00e4llt dabei aus der Rolle. Auf dem Diplomatenball ist Eliza tief verletzt, als sie erkennt, dass sie nur ein Experiment war und verl\u00e4sst zornig das Haus ihres Lehrers.<br \/>\nSie besucht das Viertel Londons, in dem sie noch vor einem halben Jahr zu Hause war. Doch dort wird sie nicht mehr erkannt. F\u00fcr eine Blumenfrau ist sie nun zu fein, aber f\u00fcr eine feine Dame fehlt ihr das Geld. Eliza fasst den Entschluss, selbst Phonetik zu unterrichten und Freddy zu heiraten. Als sie Prof. Higgins mit diesem Entschluss konfrontiert, muss er erkennen, dass er Eliza vermisst. My Fair Lady endet vers\u00f6hnlich, Eliza kehrt zu Professor Higgins zur\u00fcck. Offen bleibt, wie sich ihre Zukunft mit dem Professor, der doch so gerne Junggeselle war, gestalten wird.<img loading=\"lazy\" decoding=\"async\" class=\"alignnone size-large wp-image-654\" src=\"https:\/\/gemeindebuechereikastl.de\/wp-content\/uploads\/2018\/08\/Musicalfahrt-1024x604.jpg\" alt=\"\" width=\"750\" height=\"442\" srcset=\"https:\/\/gemeindebuechereikastl.de\/wp-content\/uploads\/2018\/08\/Musicalfahrt-1024x604.jpg 1024w, https:\/\/gemeindebuechereikastl.de\/wp-content\/uploads\/2018\/08\/Musicalfahrt-300x177.jpg 300w, https:\/\/gemeindebuechereikastl.de\/wp-content\/uploads\/2018\/08\/Musicalfahrt-768x453.jpg 768w\" sizes=\"auto, (max-width: 750px) 100vw, 750px\" \/><\/p>\n<p>Mit minutenlangem Schlussapplaus feierte die Musicalbegeisterten die Darsteller, vor allem die\u00a0echte fr\u00e4nkische Lady Hauptdarstellerin Zodwa Selele als Eliza Doolittle, die mit ihren unbez\u00e4hmbaren Wortwitz begeisterten und betonten, damit, dass das St\u00fcck aufgrund \u201edes hervorragenden Ensembles mit der \u201efr\u00e4nkischer Note\u201c bestens funktioniert. Ein besonderes Novum war es das die Darstellerin der Eliza Doolittle sich bei den Proben verletzte und bei der Ausf\u00fchrung ihre Rolle im Rollstuhl absolvierte. Das Musical brillierte neben den ber\u00fchmten Evergreens und Ohrw\u00fcrmern wie &#8222;Es gr\u00fcnt so gr\u00fcn wenn Spaniens Blumen bl\u00fchen&#8230;&#8220; mit einer starken regionalen fr\u00e4nkischen Note.<\/p>\n","protected":false},"excerpt":{"rendered":"<p>\u00a0Samstag, 11. August &#8211; Kastler Theaterfreunde vom Musical-Klassiker \u201eMy Fair Lady\u201c mit fr\u00e4nkischer Note bei Luisenburg-Festspielen begeistert Professor Higgins, lebt ganz f\u00fcr das Studium der Sprachen und Dialekte. Er begegnet zuf\u00e4llig Oberst Pickering, einem gerade aus Indien zur\u00fcckgekehrten Fachkollegen. Da trifft sie der Wortschwall des schimpfenden Blumenm\u00e4dchens Eliza Doolittle. Am n\u00e4chsten Tag erscheint Eliza, \u00fcberraschend &hellip; <\/p>\n<p><a class=\"more-link btn\" href=\"https:\/\/gemeindebuechereikastl.de\/?p=651\">Weiterlesen<\/a><\/p>\n","protected":false},"author":1,"featured_media":0,"comment_status":"closed","ping_status":"closed","sticky":false,"template":"","format":"standard","meta":{"footnotes":""},"categories":[5],"tags":[70,48,71],"class_list":["post-651","post","type-post","status-publish","format-standard","hentry","category-news","tag-luisenburg","tag-musical","tag-my-fair-lady","item-wrap"],"_links":{"self":[{"href":"https:\/\/gemeindebuechereikastl.de\/index.php?rest_route=\/wp\/v2\/posts\/651","targetHints":{"allow":["GET"]}}],"collection":[{"href":"https:\/\/gemeindebuechereikastl.de\/index.php?rest_route=\/wp\/v2\/posts"}],"about":[{"href":"https:\/\/gemeindebuechereikastl.de\/index.php?rest_route=\/wp\/v2\/types\/post"}],"author":[{"embeddable":true,"href":"https:\/\/gemeindebuechereikastl.de\/index.php?rest_route=\/wp\/v2\/users\/1"}],"replies":[{"embeddable":true,"href":"https:\/\/gemeindebuechereikastl.de\/index.php?rest_route=%2Fwp%2Fv2%2Fcomments&post=651"}],"version-history":[{"count":5,"href":"https:\/\/gemeindebuechereikastl.de\/index.php?rest_route=\/wp\/v2\/posts\/651\/revisions"}],"predecessor-version":[{"id":659,"href":"https:\/\/gemeindebuechereikastl.de\/index.php?rest_route=\/wp\/v2\/posts\/651\/revisions\/659"}],"wp:attachment":[{"href":"https:\/\/gemeindebuechereikastl.de\/index.php?rest_route=%2Fwp%2Fv2%2Fmedia&parent=651"}],"wp:term":[{"taxonomy":"category","embeddable":true,"href":"https:\/\/gemeindebuechereikastl.de\/index.php?rest_route=%2Fwp%2Fv2%2Fcategories&post=651"},{"taxonomy":"post_tag","embeddable":true,"href":"https:\/\/gemeindebuechereikastl.de\/index.php?rest_route=%2Fwp%2Fv2%2Ftags&post=651"}],"curies":[{"name":"wp","href":"https:\/\/api.w.org\/{rel}","templated":true}]}}