{"id":680,"date":"2018-08-25T12:16:03","date_gmt":"2018-08-25T12:16:03","guid":{"rendered":"http:\/\/gemeindebuechereikastl.de\/?p=680"},"modified":"2018-08-25T12:19:46","modified_gmt":"2018-08-25T12:19:46","slug":"seyfried-schweppermann-ein-held-im-mittelalter","status":"publish","type":"post","link":"https:\/\/gemeindebuechereikastl.de\/?p=680","title":{"rendered":"Seyfried Schweppermann: Ein Held im Mittelalter"},"content":{"rendered":"<h2 style=\"text-align: center;\"><span style=\"color: #ff6600;\"><strong>Der neue Schweppermann Roman<br \/>\n<em>\u201e<\/em><\/strong><strong><em>Seyfried Schweppermann: Ein Held im Mittelalter\u201c<\/em><br \/>\nkann in der B\u00fccherei entliehen\u00a0werden<\/strong><\/span><\/h2>\n<p style=\"text-align: center;\">Das Team der Gemeindeb\u00fccherei hat diesen historischen Roman\u00a0angeschafft um ihn f\u00fcr alle Interessenten zur Ausleihe zur Verf\u00fcgung zu stellen. Dieser kann ab sofort in der B\u00fccherei zu den \u00d6ffnungszeiten entliehen werden.<img loading=\"lazy\" decoding=\"async\" class=\"alignnone size-full wp-image-681\" src=\"https:\/\/gemeindebuechereikastl.de\/wp-content\/uploads\/2018\/08\/Schweppermann.jpg\" alt=\"\" width=\"969\" height=\"676\" srcset=\"https:\/\/gemeindebuechereikastl.de\/wp-content\/uploads\/2018\/08\/Schweppermann.jpg 969w, https:\/\/gemeindebuechereikastl.de\/wp-content\/uploads\/2018\/08\/Schweppermann-300x209.jpg 300w, https:\/\/gemeindebuechereikastl.de\/wp-content\/uploads\/2018\/08\/Schweppermann-768x536.jpg 768w\" sizes=\"auto, (max-width: 969px) 100vw, 969px\" \/><\/p>\n<p>Seyfried von Hulloch wird in Hillohe bei Lauterhofen 1257 geboren. Da sein Vater fr\u00fch verstirbt, w\u00e4chst er unter der Vormundschaft seines Onkels Sieghard, einem Ritterbruder des Deutschen Ordens, auf. Nach dem fr\u00fchen Tod seiner Mutter wird er durch einen Angriff auf seine Geburtsst\u00e4tte schon mit knapp dreizehn Jahren in Kampfhandlungen verstrickt und landet kurz darauf als Knappe in der Warberger Burg (Neunburg vorm Wald). Hier erlebt der Leser das Leben in einer mittelalterlichen Grenzburg. Besonders die lebendigen Schilderungen der Festtage und der damals gel\u00e4ufigen Br\u00e4uche ziehen in den Bann. <img loading=\"lazy\" decoding=\"async\" class=\"wp-image-682 alignleft\" src=\"https:\/\/gemeindebuechereikastl.de\/wp-content\/uploads\/2018\/08\/Schweppermannbuch-797x1024.jpg\" alt=\"\" width=\"441\" height=\"567\" srcset=\"https:\/\/gemeindebuechereikastl.de\/wp-content\/uploads\/2018\/08\/Schweppermannbuch-797x1024.jpg 797w, https:\/\/gemeindebuechereikastl.de\/wp-content\/uploads\/2018\/08\/Schweppermannbuch-233x300.jpg 233w, https:\/\/gemeindebuechereikastl.de\/wp-content\/uploads\/2018\/08\/Schweppermannbuch-768x987.jpg 768w, https:\/\/gemeindebuechereikastl.de\/wp-content\/uploads\/2018\/08\/Schweppermannbuch.jpg 991w\" sizes=\"auto, (max-width: 441px) 100vw, 441px\" \/><br \/>\nEine diplomatische Mission nach Eger, zum K\u00f6nig von B\u00f6hmen, oder nach Regensburg, zum gef\u00fcrchteten Herzog, Ludwig den Gestrengen, sowie der dort miterlebte Brand (1273), bleiben im Ged\u00e4chtnis eines jeden Lesers. Es folgen weitere Abenteuer beim neuen K\u00f6nig in N\u00fcrnberg, dem blutigen Angriff der B\u00f6hmen auf Warberg, Auseinandersetzungen mit gef\u00e4hrlichen Raubrittern, ein dramatisches Turnier in Regensburg und schlie\u00dflich die Schwertleite in Wien. Seyfried und seine Gef\u00e4hrten sind Teilnehmer, einer der gr\u00f6\u00dften Ritterschlachten des Mittelalters, der Schlacht auf dem Marchfeld (1278). Seyfried \u00fcberlebt und wird zum Schweppermann ernannt. Ein Amtmann, welcher f\u00fcr Recht und Ordnung sorgt, den Reisenden in Notf\u00e4llen beispringt, Urkunden bezeugt, Gerichtsvorladungen \u00fcberbringt oder bei Katastrophen jeder Art hilft. Hier endet das erste Buch. Kriminalisten spricht dieser Roman ebenso an, wie Mittelalter-, Heimat- und Geschichtsfreunde. Die spannend geschilderte Lebensgeschichte dieses Ritters versetzt alle in eine au\u00dfergew\u00f6hnliche Zeit.<br \/>\n&#8212;&#8212;&#8212;&#8212;&#8212;&#8212;&#8212;&#8212;&#8212;&#8212;&#8212;&#8212;&#8212;&#8212;&#8212;&#8212;&#8212;&#8212;&#8212;&#8212;&#8212;&#8212;&#8212;&#8212;&#8212;&#8212;&#8212;<br \/>\n<strong>Der Autor Thomas Zenkner, Jahrgang 1964, wohnhaft in der Oberpfalz schildert wie er zum Schreiben dieses Buches kam?<\/strong><br \/>\nEs begann eigentlich in meiner Kindheit. Als kleiner Junge nahm ich an einer Wanderung in Kastl, die \u00fcber 20 km lang war, teil. Am Ziel erhielt ich eine Medaille &#8211; die &#8222;Schweppermann-Medaille&#8220;. Ich war m\u00e4chtig stolz auf meine erste Auszeichnung. Mit den Jahren wuchs mein Interesse an diesem mir unbekannten Mann auf der Medaille. Aber erst viele Jahre sp\u00e4ter befasste ich mich mit diesem Thema so intensiv, dass ich auf Spurensuche ging. Nach Jahren der Recherche hatte ich so viele interessante Informationen, dass ich diese nun der \u00d6ffentlichkeit zug\u00e4nglich machen wollte. Und so beschloss ich, einen historischen Roman zu schreiben, gepaart mit Fiktionen und historischen Tatsachen. Eine Art Zeitreise in das 13. und 14. Jahrhundert.<\/p>\n","protected":false},"excerpt":{"rendered":"<p>Der neue Schweppermann Roman \u201eSeyfried Schweppermann: Ein Held im Mittelalter\u201c kann in der B\u00fccherei entliehen\u00a0werden Das Team der Gemeindeb\u00fccherei hat diesen historischen Roman\u00a0angeschafft um ihn f\u00fcr alle Interessenten zur Ausleihe zur Verf\u00fcgung zu stellen. Dieser kann ab sofort in der B\u00fccherei zu den \u00d6ffnungszeiten entliehen werden. Seyfried von Hulloch wird in Hillohe bei Lauterhofen 1257 &hellip; <\/p>\n<p><a class=\"more-link btn\" href=\"https:\/\/gemeindebuechereikastl.de\/?p=680\">Weiterlesen<\/a><\/p>\n","protected":false},"author":1,"featured_media":0,"comment_status":"closed","ping_status":"closed","sticky":false,"template":"","format":"standard","meta":{"footnotes":""},"categories":[5],"tags":[75,73,74,72,76],"class_list":["post-680","post","type-post","status-publish","format-standard","hentry","category-news","tag-feldhauptmann","tag-kastl","tag-mittelalter","tag-schweppermann","tag-seyfried-schweppermann","item-wrap"],"_links":{"self":[{"href":"https:\/\/gemeindebuechereikastl.de\/index.php?rest_route=\/wp\/v2\/posts\/680","targetHints":{"allow":["GET"]}}],"collection":[{"href":"https:\/\/gemeindebuechereikastl.de\/index.php?rest_route=\/wp\/v2\/posts"}],"about":[{"href":"https:\/\/gemeindebuechereikastl.de\/index.php?rest_route=\/wp\/v2\/types\/post"}],"author":[{"embeddable":true,"href":"https:\/\/gemeindebuechereikastl.de\/index.php?rest_route=\/wp\/v2\/users\/1"}],"replies":[{"embeddable":true,"href":"https:\/\/gemeindebuechereikastl.de\/index.php?rest_route=%2Fwp%2Fv2%2Fcomments&post=680"}],"version-history":[{"count":4,"href":"https:\/\/gemeindebuechereikastl.de\/index.php?rest_route=\/wp\/v2\/posts\/680\/revisions"}],"predecessor-version":[{"id":686,"href":"https:\/\/gemeindebuechereikastl.de\/index.php?rest_route=\/wp\/v2\/posts\/680\/revisions\/686"}],"wp:attachment":[{"href":"https:\/\/gemeindebuechereikastl.de\/index.php?rest_route=%2Fwp%2Fv2%2Fmedia&parent=680"}],"wp:term":[{"taxonomy":"category","embeddable":true,"href":"https:\/\/gemeindebuechereikastl.de\/index.php?rest_route=%2Fwp%2Fv2%2Fcategories&post=680"},{"taxonomy":"post_tag","embeddable":true,"href":"https:\/\/gemeindebuechereikastl.de\/index.php?rest_route=%2Fwp%2Fv2%2Ftags&post=680"}],"curies":[{"name":"wp","href":"https:\/\/api.w.org\/{rel}","templated":true}]}}