{"id":692,"date":"2018-10-01T15:42:37","date_gmt":"2018-10-01T15:42:37","guid":{"rendered":"http:\/\/gemeindebuechereikastl.de\/?p=692"},"modified":"2018-10-02T07:52:12","modified_gmt":"2018-10-02T07:52:12","slug":"waehlen-sie-gemeindebuecherei-kastl","status":"publish","type":"post","link":"https:\/\/gemeindebuechereikastl.de\/?p=692","title":{"rendered":"W\u00e4hlen Sie &#8222;GEMEINDEB\u00dcCHEREI  KASTL&#8220; &#8211; Vorstellung von ca. 400 neuen B\u00fcchern und Medien"},"content":{"rendered":"<h2 style=\"text-align: center;\"><span style=\"color: #ff9900;\"><span style=\"color: #ff9900;\">13. und\u00a014. Oktober &#8211; <\/span>&#8222;Tag der offenen T\u00fcr&#8220;<br \/>\nin der Gemeindeb\u00fccherei Kastl<\/span><\/h2>\n<h3 style=\"text-align: center;\"><img loading=\"lazy\" decoding=\"async\" class=\"size-full wp-image-693 aligncenter\" src=\"https:\/\/gemeindebuechereikastl.de\/wp-content\/uploads\/2018\/10\/GBK.jpg\" alt=\"\" width=\"569\" height=\"364\" srcset=\"https:\/\/gemeindebuechereikastl.de\/wp-content\/uploads\/2018\/10\/GBK.jpg 569w, https:\/\/gemeindebuechereikastl.de\/wp-content\/uploads\/2018\/10\/GBK-300x192.jpg 300w\" sizes=\"auto, (max-width: 569px) 100vw, 569px\" \/><\/h3>\n<h3><\/h3>\n<h3 style=\"text-align: center;\">Samstag, 13. Oktober ab 16.00 Uhr\u00a0&#8211; Vorlesenachmittag f\u00fcr alle Kinder von 4 bis 8 Jahren<img loading=\"lazy\" decoding=\"async\" class=\"wp-image-695 alignright\" src=\"https:\/\/gemeindebuechereikastl.de\/wp-content\/uploads\/2018\/10\/Vorlessen-1024x837.jpg\" alt=\"\" width=\"284\" height=\"232\" srcset=\"https:\/\/gemeindebuechereikastl.de\/wp-content\/uploads\/2018\/10\/Vorlessen-1024x837.jpg 1024w, https:\/\/gemeindebuechereikastl.de\/wp-content\/uploads\/2018\/10\/Vorlessen-300x245.jpg 300w, https:\/\/gemeindebuechereikastl.de\/wp-content\/uploads\/2018\/10\/Vorlessen-768x628.jpg 768w\" sizes=\"auto, (max-width: 284px) 100vw, 284px\" \/><\/h3>\n<h2 style=\"text-align: center;\">\u201eSamstag im Paradies\u201c<\/h2>\n<p>Im Bilderbuch von Helme Heine \u201eSamstag im Paradies\u201c gibt es wundersch\u00f6ne Bilder. Diese Sch\u00f6pfungsgeschichte mit seinen Augen zu betrachten ist ein Genuss. Deshalb m\u00f6chten wir alle Kinder zu diesen Vorlesenachmittag einladen. Wir bewundern die Tiere, die Tag f\u00fcr Tag oder Seite f\u00fcr Seite neu die Welt bev\u00f6lkern und lassen anschlie\u00dfend Tongesch\u00f6pfe in Zusammenarbeit mit T\u00f6pferin Vera Klatt entstehen<b>.<br \/>\n&#8212;&#8212;&#8212;&#8212;&#8212;&#8212;&#8212;&#8212;&#8212;&#8212;&#8212;&#8212;&#8212;&#8212;&#8212;&#8212;&#8212;&#8212;&#8212;&#8212;&#8212;&#8212;&#8212;&#8212;&#8212;<br \/>\n<\/b><\/p>\n<h3>Sonntag, 14. Oktober von 13.30 bis\u00a017.30 Uhr<\/h3>\n<p><img loading=\"lazy\" decoding=\"async\" class=\"alignleft wp-image-697\" src=\"https:\/\/gemeindebuechereikastl.de\/wp-content\/uploads\/2018\/10\/B\u00fcchereibesucher1-1024x670.jpg\" alt=\"\" width=\"252\" height=\"165\" srcset=\"https:\/\/gemeindebuechereikastl.de\/wp-content\/uploads\/2018\/10\/B\u00fcchereibesucher1-1024x670.jpg 1024w, https:\/\/gemeindebuechereikastl.de\/wp-content\/uploads\/2018\/10\/B\u00fcchereibesucher1-300x196.jpg 300w, https:\/\/gemeindebuechereikastl.de\/wp-content\/uploads\/2018\/10\/B\u00fcchereibesucher1-768x502.jpg 768w\" sizes=\"auto, (max-width: 252px) 100vw, 252px\" \/><\/p>\n<h2 style=\"text-align: center;\">&#8222;Tag der offen T\u00fcr&#8220;<br \/>\nmit Vorstellung von ca. 400\u00a0neuen<br \/>\nB\u00fcchern und Medien<\/h2>\n<p style=\"text-align: left;\">Das B\u00fcchereiteam pr\u00e4sentiert an diesem Sonntagnachmittag allen <img loading=\"lazy\" decoding=\"async\" class=\" wp-image-698 alignright\" src=\"https:\/\/gemeindebuechereikastl.de\/wp-content\/uploads\/2018\/10\/kaffee-kuchen-buch.jpg\" alt=\"\" width=\"110\" height=\"74\" srcset=\"https:\/\/gemeindebuechereikastl.de\/wp-content\/uploads\/2018\/10\/kaffee-kuchen-buch.jpg 960w, https:\/\/gemeindebuechereikastl.de\/wp-content\/uploads\/2018\/10\/kaffee-kuchen-buch-300x200.jpg 300w, https:\/\/gemeindebuechereikastl.de\/wp-content\/uploads\/2018\/10\/kaffee-kuchen-buch-768x512.jpg 768w\" sizes=\"auto, (max-width: 110px) 100vw, 110px\" \/>Besuchern die gro\u00dfe Anzahl von ca. <strong>400 neuen B\u00fcchern, <\/strong><strong>H\u00f6rb\u00fcchern, Spielen und DVDs.<\/strong><br \/>\nDas B\u00fcchereiteam bietet ebenfalls den ganzen Nachmittag allen Besuchern <strong>Kaffee und selbstgebackenen Kuchen <\/strong>zur St\u00e4rkung f\u00fcr das Schm\u00f6kern in den neuen B\u00fcchern und im gesamten Angebot der Kastler B\u00fccherei an.<\/p>\n<h4 style=\"text-align: center;\"><span style=\"color: #ff0000;\">F\u00fcr alle Ungeduldigen besteht ab sofort die M\u00f6glichkeit sich \u00fcber ALLE\u00a0neuen B\u00fccher<\/span><br \/>\n<span style=\"color: #ff0000;\">und Medien hier auf der Homepage \u00a0im\u00a0 <strong>&#8222;ONLINE &#8211; KATALOG&#8220;<\/strong> unter &#8222;<strong>Neue\u00a0Titel<\/strong>&#8220;<br \/>\nzu informieren.<\/span><\/h4>\n","protected":false},"excerpt":{"rendered":"<p>13. und\u00a014. Oktober &#8211; &#8222;Tag der offenen T\u00fcr&#8220; in der Gemeindeb\u00fccherei Kastl Samstag, 13. Oktober ab 16.00 Uhr\u00a0&#8211; Vorlesenachmittag f\u00fcr alle Kinder von 4 bis 8 Jahren \u201eSamstag im Paradies\u201c Im Bilderbuch von Helme Heine \u201eSamstag im Paradies\u201c gibt es wundersch\u00f6ne Bilder. Diese Sch\u00f6pfungsgeschichte mit seinen Augen zu betrachten ist ein Genuss. Deshalb m\u00f6chten wir &hellip; <\/p>\n<p><a class=\"more-link btn\" href=\"https:\/\/gemeindebuechereikastl.de\/?p=692\">Weiterlesen<\/a><\/p>\n","protected":false},"author":1,"featured_media":693,"comment_status":"closed","ping_status":"closed","sticky":false,"template":"","format":"standard","meta":{"footnotes":""},"categories":[5],"tags":[],"class_list":["post-692","post","type-post","status-publish","format-standard","has-post-thumbnail","hentry","category-news","item-wrap"],"_links":{"self":[{"href":"https:\/\/gemeindebuechereikastl.de\/index.php?rest_route=\/wp\/v2\/posts\/692","targetHints":{"allow":["GET"]}}],"collection":[{"href":"https:\/\/gemeindebuechereikastl.de\/index.php?rest_route=\/wp\/v2\/posts"}],"about":[{"href":"https:\/\/gemeindebuechereikastl.de\/index.php?rest_route=\/wp\/v2\/types\/post"}],"author":[{"embeddable":true,"href":"https:\/\/gemeindebuechereikastl.de\/index.php?rest_route=\/wp\/v2\/users\/1"}],"replies":[{"embeddable":true,"href":"https:\/\/gemeindebuechereikastl.de\/index.php?rest_route=%2Fwp%2Fv2%2Fcomments&post=692"}],"version-history":[{"count":10,"href":"https:\/\/gemeindebuechereikastl.de\/index.php?rest_route=\/wp\/v2\/posts\/692\/revisions"}],"predecessor-version":[{"id":708,"href":"https:\/\/gemeindebuechereikastl.de\/index.php?rest_route=\/wp\/v2\/posts\/692\/revisions\/708"}],"wp:featuredmedia":[{"embeddable":true,"href":"https:\/\/gemeindebuechereikastl.de\/index.php?rest_route=\/wp\/v2\/media\/693"}],"wp:attachment":[{"href":"https:\/\/gemeindebuechereikastl.de\/index.php?rest_route=%2Fwp%2Fv2%2Fmedia&parent=692"}],"wp:term":[{"taxonomy":"category","embeddable":true,"href":"https:\/\/gemeindebuechereikastl.de\/index.php?rest_route=%2Fwp%2Fv2%2Fcategories&post=692"},{"taxonomy":"post_tag","embeddable":true,"href":"https:\/\/gemeindebuechereikastl.de\/index.php?rest_route=%2Fwp%2Fv2%2Ftags&post=692"}],"curies":[{"name":"wp","href":"https:\/\/api.w.org\/{rel}","templated":true}]}}