{"id":710,"date":"2018-10-26T12:38:36","date_gmt":"2018-10-26T12:38:36","guid":{"rendered":"http:\/\/gemeindebuechereikastl.de\/?p=710"},"modified":"2019-01-09T10:37:41","modified_gmt":"2019-01-09T10:37:41","slug":"besondere-auszeichnung-fuer-die-gemeindebuecherei-kastl","status":"publish","type":"post","link":"https:\/\/gemeindebuechereikastl.de\/?p=710","title":{"rendered":"Besondere Auszeichnung f\u00fcr die Gemeindeb\u00fccherei Kastl"},"content":{"rendered":"<p style=\"text-align: center;\"><span style=\"font-family: Arial;\"><span style=\"text-align: center; color: #ff9900; text-transform: none; text-indent: 0px; letter-spacing: normal; font-family: 'Lato',sans-serif; font-size: 30px; font-style: normal; font-variant: normal; font-weight: bold; text-decoration: none; word-spacing: 0px; float: none; display: inline !important; white-space: normal; orphans: 2; background-color: transparent; -webkit-text-stroke-width: 0px;\">Freitag, 12. Oktober &#8211; Auszeichnung mit dem<br \/>\n&#8222;Goldenen B\u00fccherei-S<\/span><\/span><span style=\"font-family: Arial;\"><span style=\"text-align: center; color: #ff9900; text-transform: none; text-indent: 0px; letter-spacing: normal; font-family: 'Lato',sans-serif; font-size: 30px; font-style: normal; font-variant: normal; font-weight: bold; text-decoration: none; word-spacing: 0px; float: none; display: inline !important; white-space: normal; orphans: 2; background-color: transparent; -webkit-text-stroke-width: 0px;\">iegel&#8220; <\/span><\/span><\/p>\n<p style=\"text-align: center;\"><strong>Eine besondere Ehre so B\u00fcchereileiter Georg D\u00fcrr ist die Verleihung des Goldenen B\u00fcchereisiegels<br \/>\nan die Gemeindeb\u00fccherei Kastl.<\/strong><img loading=\"lazy\" decoding=\"async\" class=\"alignnone size-large wp-image-711\" src=\"https:\/\/gemeindebuechereikastl.de\/wp-content\/uploads\/2018\/10\/Goldnenes-B\u00fcchereisiegel--1024x734.jpg\" alt=\"\" width=\"750\" height=\"538\" srcset=\"https:\/\/gemeindebuechereikastl.de\/wp-content\/uploads\/2018\/10\/Goldnenes-B\u00fcchereisiegel--1024x734.jpg 1024w, https:\/\/gemeindebuechereikastl.de\/wp-content\/uploads\/2018\/10\/Goldnenes-B\u00fcchereisiegel--300x215.jpg 300w, https:\/\/gemeindebuechereikastl.de\/wp-content\/uploads\/2018\/10\/Goldnenes-B\u00fcchereisiegel--768x551.jpg 768w\" sizes=\"auto, (max-width: 750px) 100vw, 750px\" \/><\/p>\n<p><span style=\"font-family: 'Times New Roman',serif;\"><span style=\"color: #000000;\">Der Sankt Michaelsbund in M\u00fcnchen hat Mindestanforderungen (15 Punkte) f\u00fcr die Bayerischen B\u00fcchereien festgelegt. Seite Januar dieses Jahres, greifen nun diese Mindestanforderungen (z.B. \u00d6ffnungszeiten, EDV, <img loading=\"lazy\" decoding=\"async\" class=\" wp-image-713 alignleft\" src=\"https:\/\/gemeindebuechereikastl.de\/wp-content\/uploads\/2018\/10\/B\u00fccherei-Ssiegel.jpg\" alt=\"\" width=\"206\" height=\"207\" srcset=\"https:\/\/gemeindebuechereikastl.de\/wp-content\/uploads\/2018\/10\/B\u00fccherei-Ssiegel.jpg 330w, https:\/\/gemeindebuechereikastl.de\/wp-content\/uploads\/2018\/10\/B\u00fccherei-Ssiegel-150x150.jpg 150w, https:\/\/gemeindebuechereikastl.de\/wp-content\/uploads\/2018\/10\/B\u00fccherei-Ssiegel-300x300.jpg 300w\" sizes=\"auto, (max-width: 206px) 100vw, 206px\" \/>Fortbildung, Entleihungen\/Umsatz, Zusammenarbeit mit Partner usw.). Als besonderes Zeichen der Anerkennung bekommen B\u00fcchereien, die 14 und 15 Punkte dieser Mindestanforderungen erf\u00fcllen, ein \u201egoldenes Siegel\u201c. Die Gemeindeb\u00fccherei Kastl erf\u00fcllt alle 15 Kriterien dieser Mindestanforderungen und bekam daher von den Verantwortlichen der Di\u00f6zese Eichst\u00e4tt f\u00fcr die B\u00fcchereiarbeit dieses \u201egoldene B\u00fccherei-Siegel\u201c \u00fcberreicht. <\/span><\/span><\/p>\n<p style=\"text-align: left;\"><span style=\"font-family: 'Times New Roman',serif;\"><span style=\"color: #000000;\">Seit dem Bestehen der der Pfarr- und Gemeindeb\u00fccherei so B\u00fcchereileiter Georg D\u00fcrr, war das Team immer bem\u00fcht mit der Kastler B\u00fccherei die aktuellen Trends der Zeit zu erfassen und diese auch umzusetzen. <img loading=\"lazy\" decoding=\"async\" class=\" wp-image-715 alignright\" src=\"https:\/\/gemeindebuechereikastl.de\/wp-content\/uploads\/2018\/10\/IMG_0124-1024x683.jpg\" alt=\"\" width=\"395\" height=\"263\" srcset=\"https:\/\/gemeindebuechereikastl.de\/wp-content\/uploads\/2018\/10\/IMG_0124-1024x683.jpg 1024w, https:\/\/gemeindebuechereikastl.de\/wp-content\/uploads\/2018\/10\/IMG_0124-300x200.jpg 300w, https:\/\/gemeindebuechereikastl.de\/wp-content\/uploads\/2018\/10\/IMG_0124-768x512.jpg 768w\" sizes=\"auto, (max-width: 395px) 100vw, 395px\" \/>Manchmal waren wir mit unserem Angebot und Aktionen auch der Zeit voraus. Mit ein paar Eckpunkte belegte B\u00fcchereileiter Georg D\u00fcrr dies. Waren es am Anfang nur B\u00fccher, die ausgeliehen werden konnten, so kamen mit den Jahren immer mehr neue Medien hinzu, wie Kinderkassetten sp\u00e4ter DVDs und MP3s, Spiele, Videos und nun DVDs, H\u00f6rb\u00fccher f\u00fcr Kinder und Erwachsene, Zeitschriften sowie vor drei Jahren 2015 auch die Ausleihe von E-Books.<br \/>\n<\/span><\/span><span style=\"font-family: 'Times New Roman',serif;\"><span style=\"color: #000000;\">Anschlie\u00dfend betonten Pfarrer Pater Ryszard Kubiszyn und B\u00fcrgermeister Stefan Braun, dass die Kastler B\u00fccherei <img loading=\"lazy\" decoding=\"async\" class=\" wp-image-712 alignleft\" src=\"https:\/\/gemeindebuechereikastl.de\/wp-content\/uploads\/2018\/10\/B\u00fcchereisiegel--1024x666.jpg\" alt=\"\" width=\"601\" height=\"391\" srcset=\"https:\/\/gemeindebuechereikastl.de\/wp-content\/uploads\/2018\/10\/B\u00fcchereisiegel--1024x666.jpg 1024w, https:\/\/gemeindebuechereikastl.de\/wp-content\/uploads\/2018\/10\/B\u00fcchereisiegel--300x195.jpg 300w, https:\/\/gemeindebuechereikastl.de\/wp-content\/uploads\/2018\/10\/B\u00fcchereisiegel--768x499.jpg 768w\" sizes=\"auto, (max-width: 601px) 100vw, 601px\" \/>nicht nur eine B\u00fccherei, sondern auch ein Bildungszentrum und ein Kommunikations-zentrum ist, das sehr beliebt bei der Bev\u00f6lkerung ist. Auch bedankten sie sich beim Team f\u00fcr Ihre unerm\u00fcdliche Arbeit f\u00fcr die Pfarr- und Gemeindeb\u00fccherei Kastl.<br \/>\n<\/span><\/span><span style=\"font-family: 'Times New Roman',serif;\"><span style=\"color: #000000;\">Dr. Ludwig Brandl und Wolfgang Rei\u00dfner von der Di\u00f6zesanstelle f\u00fcr Kirchliche B\u00fcchereiarbeit in Eichst\u00e4tt freuten sich, dass die Kastler B\u00fccherei auf Grund des gro\u00dfen Erfolgs Gold erhalten hat, die h\u00f6chste Form der Auszeichnung und \u00fcbergaben Georg D\u00fcrr die Urkunde. <\/span><\/span><\/p>\n<p style=\"text-align: center;\"><strong><span style=\"font-family: 'Times New Roman',serif;\"><span style=\"color: #000000;\">Zum Schluss richtete Georg D\u00fcrr einen besonderen Dank an die Damen vom B\u00fcchereiteam, die ma\u00dfgeblich dazu beigetragen haben, dass die Gemeindeb\u00fccherei Kastl nun mit dem Goldenen B\u00fcchereisiegel ausgezeichnet werden konnte.<\/span><\/span><\/strong><\/p>\n","protected":false},"excerpt":{"rendered":"<p>Freitag, 12. Oktober &#8211; Auszeichnung mit dem &#8222;Goldenen B\u00fccherei-Siegel&#8220; Eine besondere Ehre so B\u00fcchereileiter Georg D\u00fcrr ist die Verleihung des Goldenen B\u00fcchereisiegels an die Gemeindeb\u00fccherei Kastl. Der Sankt Michaelsbund in M\u00fcnchen hat Mindestanforderungen (15 Punkte) f\u00fcr die Bayerischen B\u00fcchereien festgelegt. Seite Januar dieses Jahres, greifen nun diese Mindestanforderungen (z.B. \u00d6ffnungszeiten, EDV, Fortbildung, Entleihungen\/Umsatz, Zusammenarbeit mit &hellip; <\/p>\n<p><a class=\"more-link btn\" href=\"https:\/\/gemeindebuechereikastl.de\/?p=710\">Weiterlesen<\/a><\/p>\n","protected":false},"author":1,"featured_media":0,"comment_status":"closed","ping_status":"closed","sticky":false,"template":"","format":"standard","meta":{"footnotes":""},"categories":[5],"tags":[79,78,77],"class_list":["post-710","post","type-post","status-publish","format-standard","hentry","category-news","tag-auszeichnung","tag-buechereisiegel","tag-gold","item-wrap"],"_links":{"self":[{"href":"https:\/\/gemeindebuechereikastl.de\/index.php?rest_route=\/wp\/v2\/posts\/710","targetHints":{"allow":["GET"]}}],"collection":[{"href":"https:\/\/gemeindebuechereikastl.de\/index.php?rest_route=\/wp\/v2\/posts"}],"about":[{"href":"https:\/\/gemeindebuechereikastl.de\/index.php?rest_route=\/wp\/v2\/types\/post"}],"author":[{"embeddable":true,"href":"https:\/\/gemeindebuechereikastl.de\/index.php?rest_route=\/wp\/v2\/users\/1"}],"replies":[{"embeddable":true,"href":"https:\/\/gemeindebuechereikastl.de\/index.php?rest_route=%2Fwp%2Fv2%2Fcomments&post=710"}],"version-history":[{"count":5,"href":"https:\/\/gemeindebuechereikastl.de\/index.php?rest_route=\/wp\/v2\/posts\/710\/revisions"}],"predecessor-version":[{"id":829,"href":"https:\/\/gemeindebuechereikastl.de\/index.php?rest_route=\/wp\/v2\/posts\/710\/revisions\/829"}],"wp:attachment":[{"href":"https:\/\/gemeindebuechereikastl.de\/index.php?rest_route=%2Fwp%2Fv2%2Fmedia&parent=710"}],"wp:term":[{"taxonomy":"category","embeddable":true,"href":"https:\/\/gemeindebuechereikastl.de\/index.php?rest_route=%2Fwp%2Fv2%2Fcategories&post=710"},{"taxonomy":"post_tag","embeddable":true,"href":"https:\/\/gemeindebuechereikastl.de\/index.php?rest_route=%2Fwp%2Fv2%2Ftags&post=710"}],"curies":[{"name":"wp","href":"https:\/\/api.w.org\/{rel}","templated":true}]}}