{"id":730,"date":"2018-10-31T08:45:13","date_gmt":"2018-10-31T08:45:13","guid":{"rendered":"http:\/\/gemeindebuechereikastl.de\/?p=730"},"modified":"2019-01-09T10:37:04","modified_gmt":"2019-01-09T10:37:04","slug":"samstag-im-paradies-vorlesenachmittag-mit-toepfern-mit-bilderbuch-von-helme-heine","status":"publish","type":"post","link":"https:\/\/gemeindebuechereikastl.de\/?p=730","title":{"rendered":"\u201eSamstag im Paradies\u201c Vorlesenachmittag mit T\u00f6pfern &#8211; mit dem Bilderbuch von Helme Heine"},"content":{"rendered":"<p style=\"text-align: center;\"><span style=\"text-align: center; color: #ff9900; text-transform: none; text-indent: 0px; letter-spacing: normal; font-family: 'Lato',sans-serif; font-size: 30px; font-style: normal; font-variant: normal; font-weight: bold; text-decoration: none; word-spacing: 0px; float: none; display: inline !important; white-space: normal; orphans: 2; background-color: transparent; -webkit-text-stroke-width: 0px;\">Samstag, 13. Oktober &#8211; Vorlesenachmittag f\u00fcr Kinder<\/span><\/p>\n<p style=\"text-align: center;\"><span style=\"line-height: 107%; font-family: 'Times New Roman',serif; font-size: 12pt;\"><span style=\"color: #000000;\">Viele Kinder kamen am Samstag vor der Gro\u00dfen B\u00fcchershow am Sonntag in die B\u00fccherei zum (Vor-) Lesenachmittag. Dieses Mal stand das Bilderbuch \u201eSamstag im Paradies\u201c von Helme Heine im Vordergrund. <img loading=\"lazy\" decoding=\"async\" class=\" wp-image-731 aligncenter\" src=\"https:\/\/gemeindebuechereikastl.de\/wp-content\/uploads\/2018\/10\/Samstag-im-Paradies-1024x683.jpg\" alt=\"\" width=\"707\" height=\"471\" srcset=\"https:\/\/gemeindebuechereikastl.de\/wp-content\/uploads\/2018\/10\/Samstag-im-Paradies-1024x683.jpg 1024w, https:\/\/gemeindebuechereikastl.de\/wp-content\/uploads\/2018\/10\/Samstag-im-Paradies-300x200.jpg 300w, https:\/\/gemeindebuechereikastl.de\/wp-content\/uploads\/2018\/10\/Samstag-im-Paradies-768x512.jpg 768w\" sizes=\"auto, (max-width: 707px) 100vw, 707px\" \/><\/span><\/span><\/p>\n<p><span style=\"line-height: 107%; font-family: 'Times New Roman',serif; font-size: 12pt;\"><span style=\"color: #000000;\">Es ist eine kindgerechte Darstellung der Sch\u00f6pfung des Menschen. Gott, ein Mann mit wei\u00dfem Bart und gelben Hut, schuf in f\u00fcnf Tagen die Welt: das Licht, den Himmel, Erde und Meer, die Pflanzen, Sterne und die Tiere. Am Samstag kamen die Menschen dran, die ihm \u00e4hneln sollten und deren K\u00f6rperform sich aus den Aufgaben ergab, die Gott ihnen zugedachte: F\u00fc\u00dfe etwa, um standhaft zu sein und den Kopf zum Denken. Anschlie\u00dfend schenkte Gott den Menschen das Paradies. <img loading=\"lazy\" decoding=\"async\" class=\" wp-image-732 alignleft\" src=\"https:\/\/gemeindebuechereikastl.de\/wp-content\/uploads\/2018\/10\/T\u00f6pfern-1024x768.jpg\" alt=\"\" width=\"500\" height=\"375\" srcset=\"https:\/\/gemeindebuechereikastl.de\/wp-content\/uploads\/2018\/10\/T\u00f6pfern-1024x768.jpg 1024w, https:\/\/gemeindebuechereikastl.de\/wp-content\/uploads\/2018\/10\/T\u00f6pfern-300x225.jpg 300w, https:\/\/gemeindebuechereikastl.de\/wp-content\/uploads\/2018\/10\/T\u00f6pfern-768x576.jpg 768w, https:\/\/gemeindebuechereikastl.de\/wp-content\/uploads\/2018\/10\/T\u00f6pfern.jpg 1248w\" sizes=\"auto, (max-width: 500px) 100vw, 500px\" \/><br \/>\nDies wurde als Anlass genommen sich, Gedanken dar\u00fcber zu machen, wer eigentlich die Pflanzen, Tiere, den Himmel und die Erde erschaffen hat. Die Kinder merkten schnell, dass Gott sich bei der Sch\u00f6pfung des Menschen bei jedem Detail etwas gedacht hat \u2013 seien es die F\u00fc\u00dfe um standhaft zu sein oder das gro\u00dfe Herz um die Sch\u00f6pfung zu lieben und den Kopf zum Denken. Anschlie\u00dfend schenkte Gott den Menschen das Paradies.<br \/>\nDa der Mensch ja laut Sch\u00f6pfungsgeschichte aus Lehm geformt wurde, entstand die Idee zur Zusammenarbeit mit der T\u00f6pferin Vera Klatt. Den matschigen Ton in den H\u00e4nden und den Kopf voller Ideen, wurden die Kinder im Anschluss an die Geschichte nun selbst sch\u00f6pferisch t\u00e4tig. Das Ergebnis: Menschen, Tiere, Sch\u00fcsseln \u2013 und ganz viel Freude. <\/span><\/span><\/p>\n","protected":false},"excerpt":{"rendered":"<p>Samstag, 13. Oktober &#8211; Vorlesenachmittag f\u00fcr Kinder Viele Kinder kamen am Samstag vor der Gro\u00dfen B\u00fcchershow am Sonntag in die B\u00fccherei zum (Vor-) Lesenachmittag. Dieses Mal stand das Bilderbuch \u201eSamstag im Paradies\u201c von Helme Heine im Vordergrund. Es ist eine kindgerechte Darstellung der Sch\u00f6pfung des Menschen. Gott, ein Mann mit wei\u00dfem Bart und gelben Hut, &hellip; <\/p>\n<p><a class=\"more-link btn\" href=\"https:\/\/gemeindebuechereikastl.de\/?p=730\">Weiterlesen<\/a><\/p>\n","protected":false},"author":1,"featured_media":0,"comment_status":"closed","ping_status":"closed","sticky":false,"template":"","format":"standard","meta":{"footnotes":""},"categories":[5],"tags":[83,84,82,81,80,10],"class_list":["post-730","post","type-post","status-publish","format-standard","hentry","category-news","tag-bilderbuch","tag-helme-heine","tag-paradies","tag-toepfern","tag-vorlesen","tag-vorlesenachmittag","item-wrap"],"_links":{"self":[{"href":"https:\/\/gemeindebuechereikastl.de\/index.php?rest_route=\/wp\/v2\/posts\/730","targetHints":{"allow":["GET"]}}],"collection":[{"href":"https:\/\/gemeindebuechereikastl.de\/index.php?rest_route=\/wp\/v2\/posts"}],"about":[{"href":"https:\/\/gemeindebuechereikastl.de\/index.php?rest_route=\/wp\/v2\/types\/post"}],"author":[{"embeddable":true,"href":"https:\/\/gemeindebuechereikastl.de\/index.php?rest_route=\/wp\/v2\/users\/1"}],"replies":[{"embeddable":true,"href":"https:\/\/gemeindebuechereikastl.de\/index.php?rest_route=%2Fwp%2Fv2%2Fcomments&post=730"}],"version-history":[{"count":5,"href":"https:\/\/gemeindebuechereikastl.de\/index.php?rest_route=\/wp\/v2\/posts\/730\/revisions"}],"predecessor-version":[{"id":827,"href":"https:\/\/gemeindebuechereikastl.de\/index.php?rest_route=\/wp\/v2\/posts\/730\/revisions\/827"}],"wp:attachment":[{"href":"https:\/\/gemeindebuechereikastl.de\/index.php?rest_route=%2Fwp%2Fv2%2Fmedia&parent=730"}],"wp:term":[{"taxonomy":"category","embeddable":true,"href":"https:\/\/gemeindebuechereikastl.de\/index.php?rest_route=%2Fwp%2Fv2%2Fcategories&post=730"},{"taxonomy":"post_tag","embeddable":true,"href":"https:\/\/gemeindebuechereikastl.de\/index.php?rest_route=%2Fwp%2Fv2%2Ftags&post=730"}],"curies":[{"name":"wp","href":"https:\/\/api.w.org\/{rel}","templated":true}]}}