{"id":736,"date":"2018-10-31T09:09:29","date_gmt":"2018-10-31T09:09:29","guid":{"rendered":"http:\/\/gemeindebuechereikastl.de\/?p=736"},"modified":"2018-10-31T09:18:06","modified_gmt":"2018-10-31T09:18:06","slug":"vorstellung-von-ca-400-neuen-buechern-und-medien-beim-tag-der-offenen-tuer","status":"publish","type":"post","link":"https:\/\/gemeindebuechereikastl.de\/?p=736","title":{"rendered":"Vorstellung von ca. 400 neuen B\u00fcchern und Medien beim &#8222;Tag der offenen T\u00fcr&#8220;"},"content":{"rendered":"<h2 style=\"text-align: center;\"><span style=\"color: #ff9900;\">Sonntag,\u00a014. Oktober \u2013 <\/span><strong><span style=\"color: #ff9900;\">Viele Besucher w\u00e4hlten am Bayerischen Wahlsonntag\u00a0auch die Gemeindeb\u00fccherei mit ihrem \u201eTag der offenen T\u00fcr\u201c<\/span> <\/strong><\/h2>\n<p style=\"text-align: center;\">Unter der \u00dcberschrift \u201eW\u00e4hlen Sie Gemeindeb\u00fccherei Kastl\u201c hatte das B\u00fcchereiteam am Wahlsonntag zum \u201eTag der offenen T\u00fcr\u201c in die B\u00fccherei eingeladen, wo sie allen Interessierten Leserinnen und Lesern wieder eine Menge an neuen und aktuellen B\u00fcchern pr\u00e4sentierte. <img loading=\"lazy\" decoding=\"async\" class=\" wp-image-738 aligncenter\" src=\"https:\/\/gemeindebuechereikastl.de\/wp-content\/uploads\/2018\/10\/Tag-der-offenen-T\u00fcr-1024x764.jpg\" alt=\"\" width=\"683\" height=\"510\" srcset=\"https:\/\/gemeindebuechereikastl.de\/wp-content\/uploads\/2018\/10\/Tag-der-offenen-T\u00fcr-1024x764.jpg 1024w, https:\/\/gemeindebuechereikastl.de\/wp-content\/uploads\/2018\/10\/Tag-der-offenen-T\u00fcr-300x224.jpg 300w, https:\/\/gemeindebuechereikastl.de\/wp-content\/uploads\/2018\/10\/Tag-der-offenen-T\u00fcr-768x573.jpg 768w\" sizes=\"auto, (max-width: 683px) 100vw, 683px\" \/><\/p>\n<p>Das Team hob die Neuerwerbungen f\u00fcr die Besucher besonders hervor. Auch bot sich an diesem Tag die Gelegenheit in einigen neuen B\u00fcchern kurz zu schm\u00f6kern und auch sich \u00fcber die aktuellen Neuerscheinungen zu unterhalten. Unter den fast 400 neuen B\u00fcchern befinden sich auch wieder die Topseller aus den Buch Bestenlisten wie von Rita Falk \u201eEberhofer, Zefix!\u201c, oder von Frank Sch\u00e4tzing \u201eDie Tyrannei des Schmetterlings\u201c und Neues von Jonas Jonasson \u201eDer Hundertj\u00e4hrige, der zur\u00fcckkam, um die Welt zu retten\u201c oder der Besteller von Robert Seethaler \u201eDas Feld\u201c um nur einige zu nennen. Bei den Kindern \u201eDer R\u00e4uber Hotzenplotz und die Mondrakete\u201c, \u201eMein Lotta-Leben &#8211; Da lachen ja die Hunde\u201c, oder \u201eDer Tag, an dem die Oma das Internet kaputt gemacht hat\u201c und viele andere mehr. Bei den Sachb\u00fcchern erstrecken sich die aktuelle Neuerscheinungen von Rainer Maria Schie\u00dfler, &#8222;Jessas, Maria und Josef&#8220; , \u00fcber \u201eDer Ern\u00e4hrungskompass\u201c bis hin zu \u201eMit 50 Euro um die Welt\u201c oder die sch\u00f6nsten Wandertouren in S\u00fcdtirol und auch ganz begehrt \u201eDie Geheimrezepturen der Kr\u00e4uterb\u00e4uerin\u201c.<img loading=\"lazy\" decoding=\"async\" class=\" wp-image-737 alignleft\" src=\"https:\/\/gemeindebuechereikastl.de\/wp-content\/uploads\/2018\/10\/Neue-B\u00fccher-1024x706.jpg\" alt=\"\" width=\"493\" height=\"340\" srcset=\"https:\/\/gemeindebuechereikastl.de\/wp-content\/uploads\/2018\/10\/Neue-B\u00fccher-1024x706.jpg 1024w, https:\/\/gemeindebuechereikastl.de\/wp-content\/uploads\/2018\/10\/Neue-B\u00fccher-300x207.jpg 300w, https:\/\/gemeindebuechereikastl.de\/wp-content\/uploads\/2018\/10\/Neue-B\u00fccher-768x529.jpg 768w\" sizes=\"auto, (max-width: 493px) 100vw, 493px\" \/><\/p>\n<p>Das B\u00fcchereiteam hat neben den Bestsellern auch f\u00fcr alle Leserinnen und Leser und f\u00fcr alle Alters und Interessensgruppen von 3 \u2013 99 Jahren wieder eine gro\u00dfartige Auswahl an neuen B\u00fcchern eingekauft und an diesem Nachmittag vorgestellt.<\/p>\n<p>Neben den Bereich der B\u00fccher gibt es in der Kastler B\u00fccherei seit langen schon auch die Rubrik der Nichtbuchmedien. Auch hier pr\u00e4sentierte das B\u00fcchereiteam wieder viel Neues. So wurden f\u00fcr die Kinder und auch f\u00fcr die Erwachsenen wieder neue und aktuelle H\u00f6rspiele auf CD angeschafft. Auch bei den DVDs stehen erneut neue Filme f\u00fcr Kinder und auch aktuelle Spielfilme f\u00fcr Jugendliche und <img loading=\"lazy\" decoding=\"async\" class=\" wp-image-739 alignright\" src=\"https:\/\/gemeindebuechereikastl.de\/wp-content\/uploads\/2018\/10\/B\u00fcrgermeister-1024x749.jpg\" alt=\"\" width=\"473\" height=\"346\" srcset=\"https:\/\/gemeindebuechereikastl.de\/wp-content\/uploads\/2018\/10\/B\u00fcrgermeister-1024x749.jpg 1024w, https:\/\/gemeindebuechereikastl.de\/wp-content\/uploads\/2018\/10\/B\u00fcrgermeister-300x219.jpg 300w, https:\/\/gemeindebuechereikastl.de\/wp-content\/uploads\/2018\/10\/B\u00fcrgermeister-768x562.jpg 768w\" sizes=\"auto, (max-width: 473px) 100vw, 473px\" \/>Erwachsene zur Mitnahme bereit. Bei den Brettspielen wurde neben den \u201eSpielen des Jahres 2018\u201c auch weitere neue und interessante Spiele vorgestellt. Alle an diesem Wochenende ausgestellten neuen B\u00fcchern und Medien sind ab sofort in der B\u00fccherei ausleihbar. Bei einer St\u00e4rkung bei Kaffee und einem Kuchenb\u00fcfett konnte man nach Herzenslust in den Neuerwerbungen schm\u00f6kern.<br \/>\nAls besonderen Service bietet das B\u00fcchereiteam allen Interessierten den \u201eOnline-Katalog\u201c hier auf der Homepage an. Hier kann man sich \u00fcber alle B\u00fccher und Medien informieren die in der B\u00fccherei ausleihbar sind. Die Info \u00fcber die neuesten Erwerbungen der B\u00fccherei sind immer unter der Rubrik \u201eNeue Titel\u201c abrufbar.<\/p>\n","protected":false},"excerpt":{"rendered":"<p>Sonntag,\u00a014. Oktober \u2013 Viele Besucher w\u00e4hlten am Bayerischen Wahlsonntag\u00a0auch die Gemeindeb\u00fccherei mit ihrem \u201eTag der offenen T\u00fcr\u201c Unter der \u00dcberschrift \u201eW\u00e4hlen Sie Gemeindeb\u00fccherei Kastl\u201c hatte das B\u00fcchereiteam am Wahlsonntag zum \u201eTag der offenen T\u00fcr\u201c in die B\u00fccherei eingeladen, wo sie allen Interessierten Leserinnen und Lesern wieder eine Menge an neuen und aktuellen B\u00fcchern pr\u00e4sentierte. Das &hellip; <\/p>\n<p><a class=\"more-link btn\" href=\"https:\/\/gemeindebuechereikastl.de\/?p=736\">Weiterlesen<\/a><\/p>\n","protected":false},"author":1,"featured_media":738,"comment_status":"closed","ping_status":"closed","sticky":false,"template":"","format":"standard","meta":{"footnotes":""},"categories":[5],"tags":[87,85,86,88],"class_list":["post-736","post","type-post","status-publish","format-standard","has-post-thumbnail","hentry","category-news","tag-buchvorstellung","tag-neue-buecher","tag-neue-medien","tag-tag-der-offenen-tuer","item-wrap"],"_links":{"self":[{"href":"https:\/\/gemeindebuechereikastl.de\/index.php?rest_route=\/wp\/v2\/posts\/736","targetHints":{"allow":["GET"]}}],"collection":[{"href":"https:\/\/gemeindebuechereikastl.de\/index.php?rest_route=\/wp\/v2\/posts"}],"about":[{"href":"https:\/\/gemeindebuechereikastl.de\/index.php?rest_route=\/wp\/v2\/types\/post"}],"author":[{"embeddable":true,"href":"https:\/\/gemeindebuechereikastl.de\/index.php?rest_route=\/wp\/v2\/users\/1"}],"replies":[{"embeddable":true,"href":"https:\/\/gemeindebuechereikastl.de\/index.php?rest_route=%2Fwp%2Fv2%2Fcomments&post=736"}],"version-history":[{"count":3,"href":"https:\/\/gemeindebuechereikastl.de\/index.php?rest_route=\/wp\/v2\/posts\/736\/revisions"}],"predecessor-version":[{"id":743,"href":"https:\/\/gemeindebuechereikastl.de\/index.php?rest_route=\/wp\/v2\/posts\/736\/revisions\/743"}],"wp:featuredmedia":[{"embeddable":true,"href":"https:\/\/gemeindebuechereikastl.de\/index.php?rest_route=\/wp\/v2\/media\/738"}],"wp:attachment":[{"href":"https:\/\/gemeindebuechereikastl.de\/index.php?rest_route=%2Fwp%2Fv2%2Fmedia&parent=736"}],"wp:term":[{"taxonomy":"category","embeddable":true,"href":"https:\/\/gemeindebuechereikastl.de\/index.php?rest_route=%2Fwp%2Fv2%2Fcategories&post=736"},{"taxonomy":"post_tag","embeddable":true,"href":"https:\/\/gemeindebuechereikastl.de\/index.php?rest_route=%2Fwp%2Fv2%2Ftags&post=736"}],"curies":[{"name":"wp","href":"https:\/\/api.w.org\/{rel}","templated":true}]}}