{"id":753,"date":"2018-11-19T11:11:15","date_gmt":"2018-11-19T11:11:15","guid":{"rendered":"http:\/\/gemeindebuechereikastl.de\/?p=753"},"modified":"2019-01-09T10:36:34","modified_gmt":"2019-01-09T10:36:34","slug":"buechereileiter-georg-duerr-neuer-vorsitzender-einer-arbeitsgemeinschaft-auf-landkreisebene","status":"publish","type":"post","link":"https:\/\/gemeindebuechereikastl.de\/?p=753","title":{"rendered":"B\u00fcchereileiter Georg D\u00fcrr neuer Vorsitzender einer Arbeitsgemeinschaft auf Landkreisebene"},"content":{"rendered":"<h2 style=\"text-align: center;\"><strong><span style=\"color: #ff6600;\">Bei der Herbsttagung der Arbeitsgemeinschaft der B\u00fcchereien im Landkreis Amberg-Sulzbach in Schnaittenbach wurde B\u00fcchereileiter Georg D\u00fcrr zum Vorsitzenden eines Leitungsteams bestimmt<\/span>.\u00a0<\/strong><\/h2>\n<p><img loading=\"lazy\" decoding=\"async\" class=\"size-large wp-image-754 aligncenter\" src=\"https:\/\/gemeindebuechereikastl.de\/wp-content\/uploads\/2018\/11\/Neue-Leitung-KAG--1024x749.jpg\" alt=\"\" width=\"750\" height=\"549\" srcset=\"https:\/\/gemeindebuechereikastl.de\/wp-content\/uploads\/2018\/11\/Neue-Leitung-KAG--1024x749.jpg 1024w, https:\/\/gemeindebuechereikastl.de\/wp-content\/uploads\/2018\/11\/Neue-Leitung-KAG--300x219.jpg 300w, https:\/\/gemeindebuechereikastl.de\/wp-content\/uploads\/2018\/11\/Neue-Leitung-KAG--768x562.jpg 768w\" sizes=\"auto, (max-width: 750px) 100vw, 750px\" \/><\/p>\n<h5 style=\"text-align: center;\"><strong>Von rechts nach links:\u00a0 Wolfgang Rei\u00dfner (Di\u00f6zesanbibliothekar Eichst\u00e4tt), \u00a0Lisa Bischof (Ursensollen) Ursula Pusch (Di\u00f6zesanbibliothekarin Regensburg) Rita Falk (Schnaittenbach) Lisa McBride (Ammersricht) und Georg D\u00fcrr.<\/strong><\/h5>\n<p>Zu Beginn des Herbsttreffens bestand die Gelegenheit, die in neuem Glanz erstrahlende B\u00fccherei in Schnaittenbach zu besichtigen. Im Anschluss begr\u00fc\u00dfte Vorsitzender Georg D\u00fcrr alle Anwesenden, besonders Frau Ursula Pusch und Herrn Wolfgang Rei\u00dfner von den Di\u00f6zesanstellen Regensburg und Eichst\u00e4tt.<br \/>\nUrsula Pusch informierte die Anwesenden, \u00fcber den neunen Zeitschriften Service des St. Michaelsbundes. Auch der neue Trend die \u201eTonies\u201c \u2013 ein modernes Audio-System f\u00fcr Kinder wurde n\u00e4her vorgestellt.<\/p>\n<p>Nicole Allwang, von der Pfarrb\u00fccherei Ehenfeld, stellt das von ihr geschriebene Jugendbuch &#8222;Winter, wenn Sommer, Fr\u00fchling oder Herbst v\u00f6llig unwichtig sind&#8220; vor. Ein Liebesroman f\u00fcr Jugendliche. Mit diesem interessanten Jugendroman hat sie bereits einen Jugendliteraturpreis gewonnen und das Buch auf der Frankfurter Buchmesse pr\u00e4sentiert.<img loading=\"lazy\" decoding=\"async\" class=\" wp-image-755 alignleft\" src=\"https:\/\/gemeindebuechereikastl.de\/wp-content\/uploads\/2018\/11\/Herbsttreffen-1024x642.jpg\" alt=\"\" width=\"519\" height=\"326\" srcset=\"https:\/\/gemeindebuechereikastl.de\/wp-content\/uploads\/2018\/11\/Herbsttreffen-1024x642.jpg 1024w, https:\/\/gemeindebuechereikastl.de\/wp-content\/uploads\/2018\/11\/Herbsttreffen-300x188.jpg 300w, https:\/\/gemeindebuechereikastl.de\/wp-content\/uploads\/2018\/11\/Herbsttreffen-768x481.jpg 768w\" sizes=\"auto, (max-width: 519px) 100vw, 519px\" \/><br \/>\nUnter der Rubrik, Neues vom St. Michaelsbund und den Di\u00f6zesanstellen stellen die beiden Di\u00f6zesanbibliothekare aus Eichst\u00e4tt und Regensburg die Neuheiten und die Termine f\u00fcr 2019 vor.<br \/>\nDa Pfarrer Irlbacher und B\u00fcrgermeister Reindl erst sp\u00e4ter zur Sitzung gesto\u00dfen sind, gab es von dieser Seite noch kurze Gru\u00dfworte. Pfarrer Irlbacher bekundete seinen gro\u00dfen Respekt vor dem\u00a0Ehrenamt, und B\u00fcrgermeister Reindl dankte allen B\u00fcchereimitarbeiterinnen und -Mitarbeitern f\u00fcr ihre wertvolle Arbeit zum Wohl der B\u00fcrger.<br \/>\nNachdem sich niemand bereit erkl\u00e4rt hat, den Vorsitz f\u00fcr die Arbeitsgemeinschaft zu \u00fcbernehmen, schlug der kommissarische Vorsitzende Georg D\u00fcrr vor, den Vorsitz als Leitungsteam zu gestalten. Neben Ihm stellten sich Elisabeth McBride aus Ammersricht, Rita Falk aus Schnaittenbach und Lisa Bischof aus Ursensollen als Schriftf\u00fchrerin der Verantwortung. <img loading=\"lazy\" decoding=\"async\" class=\" wp-image-756 alignright\" src=\"https:\/\/gemeindebuechereikastl.de\/wp-content\/uploads\/2018\/11\/Dank-1024x649.jpg\" alt=\"\" width=\"392\" height=\"249\" srcset=\"https:\/\/gemeindebuechereikastl.de\/wp-content\/uploads\/2018\/11\/Dank-1024x649.jpg 1024w, https:\/\/gemeindebuechereikastl.de\/wp-content\/uploads\/2018\/11\/Dank-300x190.jpg 300w, https:\/\/gemeindebuechereikastl.de\/wp-content\/uploads\/2018\/11\/Dank-768x487.jpg 768w\" sizes=\"auto, (max-width: 392px) 100vw, 392px\" \/><br \/>\nNach dem die Di\u00f6zesanbibliothekarin aus Regensburg Frau Ursula Pusch zu Ende des Jahres aufh\u00f6rt wollten es sich die B\u00fcchereien des Landkreises nicht nehmen lassen Ihr f\u00fcr ihre langj\u00e4hrige und intensive Einsatz f\u00fcr die B\u00fcchereien zu Danken. Als besonderen Dank \u00fcberreichten Ihr Wolfgang Rei\u00dfner und Vorsitzender Georg D\u00fcrr f\u00fcr die B\u00fcchereien des Landkreises einen Blumenstrau\u00df und eine Kiste mit gutem Wein aus der Toskana.<br \/>\nDen Abschluss des Treffens bildete noch ein lebhafter Erfahrungsaustausch bei dem einzelne B\u00fcchereiverteter\/innen von ihren Aktivit\u00e4ten und ihren Erfahrungen erz\u00e4hlten.<\/p>\n","protected":false},"excerpt":{"rendered":"<p>Bei der Herbsttagung der Arbeitsgemeinschaft der B\u00fcchereien im Landkreis Amberg-Sulzbach in Schnaittenbach wurde B\u00fcchereileiter Georg D\u00fcrr zum Vorsitzenden eines Leitungsteams bestimmt.\u00a0 Von rechts nach links:\u00a0 Wolfgang Rei\u00dfner (Di\u00f6zesanbibliothekar Eichst\u00e4tt), \u00a0Lisa Bischof (Ursensollen) Ursula Pusch (Di\u00f6zesanbibliothekarin Regensburg) Rita Falk (Schnaittenbach) Lisa McBride (Ammersricht) und Georg D\u00fcrr. Zu Beginn des Herbsttreffens bestand die Gelegenheit, die in neuem &hellip; <\/p>\n<p><a class=\"more-link btn\" href=\"https:\/\/gemeindebuechereikastl.de\/?p=753\">Weiterlesen<\/a><\/p>\n","protected":false},"author":1,"featured_media":0,"comment_status":"closed","ping_status":"closed","sticky":false,"template":"","format":"standard","meta":{"footnotes":""},"categories":[1],"tags":[],"class_list":["post-753","post","type-post","status-publish","format-standard","hentry","category-team","item-wrap"],"_links":{"self":[{"href":"https:\/\/gemeindebuechereikastl.de\/index.php?rest_route=\/wp\/v2\/posts\/753","targetHints":{"allow":["GET"]}}],"collection":[{"href":"https:\/\/gemeindebuechereikastl.de\/index.php?rest_route=\/wp\/v2\/posts"}],"about":[{"href":"https:\/\/gemeindebuechereikastl.de\/index.php?rest_route=\/wp\/v2\/types\/post"}],"author":[{"embeddable":true,"href":"https:\/\/gemeindebuechereikastl.de\/index.php?rest_route=\/wp\/v2\/users\/1"}],"replies":[{"embeddable":true,"href":"https:\/\/gemeindebuechereikastl.de\/index.php?rest_route=%2Fwp%2Fv2%2Fcomments&post=753"}],"version-history":[{"count":4,"href":"https:\/\/gemeindebuechereikastl.de\/index.php?rest_route=\/wp\/v2\/posts\/753\/revisions"}],"predecessor-version":[{"id":826,"href":"https:\/\/gemeindebuechereikastl.de\/index.php?rest_route=\/wp\/v2\/posts\/753\/revisions\/826"}],"wp:attachment":[{"href":"https:\/\/gemeindebuechereikastl.de\/index.php?rest_route=%2Fwp%2Fv2%2Fmedia&parent=753"}],"wp:term":[{"taxonomy":"category","embeddable":true,"href":"https:\/\/gemeindebuechereikastl.de\/index.php?rest_route=%2Fwp%2Fv2%2Fcategories&post=753"},{"taxonomy":"post_tag","embeddable":true,"href":"https:\/\/gemeindebuechereikastl.de\/index.php?rest_route=%2Fwp%2Fv2%2Ftags&post=753"}],"curies":[{"name":"wp","href":"https:\/\/api.w.org\/{rel}","templated":true}]}}