{"id":760,"date":"2018-11-19T14:09:10","date_gmt":"2018-11-19T14:09:10","guid":{"rendered":"http:\/\/gemeindebuechereikastl.de\/?p=760"},"modified":"2018-11-19T14:09:10","modified_gmt":"2018-11-19T14:09:10","slug":"buergermeister-stefan-braun-hat-beim-bundesweiten-vorlesetag-den-kindern-vorgelesen","status":"publish","type":"post","link":"https:\/\/gemeindebuechereikastl.de\/?p=760","title":{"rendered":"B\u00fcrgermeister Stefan Braun hat beim Bundesweiten Vorlesetag den Kindern vorgelesen"},"content":{"rendered":"<h2 style=\"text-align: center;\"><span style=\"color: #ff6600;\"><strong>Freitag, 16. November &#8211; Bundesweiter Vorlesetag \u00a0in der B\u00fccherei mit einem Vorlesenachmittag mit B\u00fcrgermeister Stefan Braun als Vorleser<\/strong><\/span><\/h2>\n<p><img loading=\"lazy\" decoding=\"async\" class=\"size-large wp-image-761 aligncenter\" src=\"https:\/\/gemeindebuechereikastl.de\/wp-content\/uploads\/2018\/11\/B\u00fcrgermeister-Vorleser-1024x768.jpg\" alt=\"\" width=\"750\" height=\"563\" srcset=\"https:\/\/gemeindebuechereikastl.de\/wp-content\/uploads\/2018\/11\/B\u00fcrgermeister-Vorleser-1024x768.jpg 1024w, https:\/\/gemeindebuechereikastl.de\/wp-content\/uploads\/2018\/11\/B\u00fcrgermeister-Vorleser-300x225.jpg 300w, https:\/\/gemeindebuechereikastl.de\/wp-content\/uploads\/2018\/11\/B\u00fcrgermeister-Vorleser-768x576.jpg 768w\" sizes=\"auto, (max-width: 750px) 100vw, 750px\" \/>Vorlesen ist eine der wichtigsten Grundlagen f\u00fcr Kinder, um das Lesen zu lernen. Um auf die Bedeutung des Vorlesens f\u00fcr Bildung und Chancengerechtigkeit aufmerksam zu machen, beteiligte sich das B\u00fcchereiteam mit B\u00fcrgermeister Stefan Braun als Lese Pate mit einem Vorlesenachmittag am Bundesweiten Vorlesetag.<\/p>\n<p>Zu diesen Nachmittag hatte sich eine kleine Gruppe von Kindern in der Gemeindeb\u00fccherei Kastl eingefunden, um B\u00fcrgermeister Stefan Braun zuzuh\u00f6ren, der f\u00fcr diesen Nachmittag den Kindern vorlas. In der herbstlichen Zeit ist es sehr gem\u00fctlich zusammen Geschichten zu h\u00f6ren und zu erz\u00e4hlen, so auch in der Kastler B\u00fccherei. Die Kinder nutzten die bequeme Leselandschaft um 90 Minuten lang B\u00fcrgermeister Stefan Braun zu lauschen. Er hat sich erneut als routinierter Vorleser bewiesen und f\u00fcr diese lange Zeit die Kinder in den Bann der Ereignisse gezogen. <img loading=\"lazy\" decoding=\"async\" class=\" wp-image-762 alignright\" src=\"https:\/\/gemeindebuechereikastl.de\/wp-content\/uploads\/2018\/11\/logo-2018.jpg\" alt=\"\" width=\"379\" height=\"301\" srcset=\"https:\/\/gemeindebuechereikastl.de\/wp-content\/uploads\/2018\/11\/logo-2018.jpg 621w, https:\/\/gemeindebuechereikastl.de\/wp-content\/uploads\/2018\/11\/logo-2018-300x238.jpg 300w\" sizes=\"auto, (max-width: 379px) 100vw, 379px\" \/>Ottfried Preu\u00dflers Kinderklassiker sind f\u00fcr Grundsch\u00fcler ein wunderbarer Lese- und Vorlesestoff, daher begann er mit dem neuen Buch \u201eDer R\u00e4uber Hotzenplotz und die Mondrakete\u201c. Die Spannung knisterte als Kasperl und Seppl den R\u00e4uber Hotzenplotz mit der selbstgebauten Mondrakete ins All schie\u00dfen wollten. Auch mit dem zweiten Buch erhielt die Spannung aufrecht: Sherlock Holmes hatte einen Fall zu l\u00f6sen. Der Meisterdetektiv jagte einem schwarzen Hengst hinterher und wurde mit seinem Gehilfen, Dr. Watson, in eine Falle am Hafen gelockt. Beide B\u00fccher, und viele weitere, k\u00f6nnen zu den gewohnten \u00d6ffnungszeiten in der Gemeindeb\u00fccherei entliehen werden. Mit diesem und den weiteren Vorlesenachmittagen will das B\u00fcchereiteam den Kindern und Eltern ermutigen die heimeligen Stunden zuhause zu nutzen und in die Welt der B\u00fccher und Phantasie einzutauchen.<\/p>\n<p>B\u00fcrgermeister Stefan Braun dankte den Vorlesern und dem B\u00fcchereiteam, das zu den Vorlesenachmittagen in Kastl gro\u00dfartige Geschichten, Phantasiewelten, Spiele und Basteleien vorbereiten wird. Der n\u00e4chste Vorlesenachmittag findet am Freitag, 21. Dezember wo es Fantasy Geschichten zu h\u00f6ren und zu erleben gibt.<\/p>\n","protected":false},"excerpt":{"rendered":"<p>Freitag, 16. November &#8211; Bundesweiter Vorlesetag \u00a0in der B\u00fccherei mit einem Vorlesenachmittag mit B\u00fcrgermeister Stefan Braun als Vorleser Vorlesen ist eine der wichtigsten Grundlagen f\u00fcr Kinder, um das Lesen zu lernen. Um auf die Bedeutung des Vorlesens f\u00fcr Bildung und Chancengerechtigkeit aufmerksam zu machen, beteiligte sich das B\u00fcchereiteam mit B\u00fcrgermeister Stefan Braun als Lese Pate &hellip; <\/p>\n<p><a class=\"more-link btn\" href=\"https:\/\/gemeindebuechereikastl.de\/?p=760\">Weiterlesen<\/a><\/p>\n","protected":false},"author":1,"featured_media":0,"comment_status":"closed","ping_status":"closed","sticky":false,"template":"","format":"standard","meta":{"footnotes":""},"categories":[1],"tags":[],"class_list":["post-760","post","type-post","status-publish","format-standard","hentry","category-team","item-wrap"],"_links":{"self":[{"href":"https:\/\/gemeindebuechereikastl.de\/index.php?rest_route=\/wp\/v2\/posts\/760","targetHints":{"allow":["GET"]}}],"collection":[{"href":"https:\/\/gemeindebuechereikastl.de\/index.php?rest_route=\/wp\/v2\/posts"}],"about":[{"href":"https:\/\/gemeindebuechereikastl.de\/index.php?rest_route=\/wp\/v2\/types\/post"}],"author":[{"embeddable":true,"href":"https:\/\/gemeindebuechereikastl.de\/index.php?rest_route=\/wp\/v2\/users\/1"}],"replies":[{"embeddable":true,"href":"https:\/\/gemeindebuechereikastl.de\/index.php?rest_route=%2Fwp%2Fv2%2Fcomments&post=760"}],"version-history":[{"count":1,"href":"https:\/\/gemeindebuechereikastl.de\/index.php?rest_route=\/wp\/v2\/posts\/760\/revisions"}],"predecessor-version":[{"id":763,"href":"https:\/\/gemeindebuechereikastl.de\/index.php?rest_route=\/wp\/v2\/posts\/760\/revisions\/763"}],"wp:attachment":[{"href":"https:\/\/gemeindebuechereikastl.de\/index.php?rest_route=%2Fwp%2Fv2%2Fmedia&parent=760"}],"wp:term":[{"taxonomy":"category","embeddable":true,"href":"https:\/\/gemeindebuechereikastl.de\/index.php?rest_route=%2Fwp%2Fv2%2Fcategories&post=760"},{"taxonomy":"post_tag","embeddable":true,"href":"https:\/\/gemeindebuechereikastl.de\/index.php?rest_route=%2Fwp%2Fv2%2Ftags&post=760"}],"curies":[{"name":"wp","href":"https:\/\/api.w.org\/{rel}","templated":true}]}}