{"id":765,"date":"2018-11-29T09:20:31","date_gmt":"2018-11-29T09:20:31","guid":{"rendered":"http:\/\/gemeindebuechereikastl.de\/?p=765"},"modified":"2018-11-29T09:20:31","modified_gmt":"2018-11-29T09:20:31","slug":"adventskalender-fuer-kinder","status":"publish","type":"post","link":"https:\/\/gemeindebuechereikastl.de\/?p=765","title":{"rendered":"Adventskalender f\u00fcr Kinder"},"content":{"rendered":"<p><span style=\"color: #ff9900;\"><img loading=\"lazy\" decoding=\"async\" class=\" wp-image-766 alignleft\" src=\"https:\/\/gemeindebuechereikastl.de\/wp-content\/uploads\/2018\/11\/Adventskalender-2018-705x1024.jpg\" alt=\"\" width=\"337\" height=\"489\" srcset=\"https:\/\/gemeindebuechereikastl.de\/wp-content\/uploads\/2018\/11\/Adventskalender-2018-705x1024.jpg 705w, https:\/\/gemeindebuechereikastl.de\/wp-content\/uploads\/2018\/11\/Adventskalender-2018-207x300.jpg 207w, https:\/\/gemeindebuechereikastl.de\/wp-content\/uploads\/2018\/11\/Adventskalender-2018-768x1115.jpg 768w, https:\/\/gemeindebuechereikastl.de\/wp-content\/uploads\/2018\/11\/Adventskalender-2018.jpg 1966w\" sizes=\"auto, (max-width: 337px) 100vw, 337px\" \/><\/span><\/p>\n<h2 style=\"text-align: center;\"><span style=\"color: #ff9900;\">In der Adventzeit wartet wieder der Minibuch &#8211; Adventskalender f\u00fcr die Kinder in der B\u00fccherei<\/span><\/h2>\n<p>&nbsp;<\/p>\n<p><span style=\"color: #000000; font-family: Calibri;\">Wie alle Jahre so auch in diesem Jahr, wartet f\u00fcr die Kinder\u00a0 wieder der\u00a0Minibuch &#8211; Adventskalender in der B\u00fccherei zum \u00d6ffnen. <\/span><\/p>\n<p><span style=\"color: #000000; font-family: Calibri;\">Jeweils die ersten Kinder die zu den \u00d6ffnungszeiten in die Gemeindeb\u00fccherei\u00a0kommen, d\u00fcrfen jeweils ein Fernster des Adventskalenders \u00f6ffnen und das darin enthaltene Minbuch mit nach Hause nehmen.<\/span><\/p>\n<p>&nbsp;<\/p>\n","protected":false},"excerpt":{"rendered":"<p>In der Adventzeit wartet wieder der Minibuch &#8211; Adventskalender f\u00fcr die Kinder in der B\u00fccherei &nbsp; Wie alle Jahre so auch in diesem Jahr, wartet f\u00fcr die Kinder\u00a0 wieder der\u00a0Minibuch &#8211; Adventskalender in der B\u00fccherei zum \u00d6ffnen. Jeweils die ersten Kinder die zu den \u00d6ffnungszeiten in die Gemeindeb\u00fccherei\u00a0kommen, d\u00fcrfen jeweils ein Fernster des Adventskalenders \u00f6ffnen &hellip; <\/p>\n<p><a class=\"more-link btn\" href=\"https:\/\/gemeindebuechereikastl.de\/?p=765\">Weiterlesen<\/a><\/p>\n","protected":false},"author":1,"featured_media":0,"comment_status":"closed","ping_status":"closed","sticky":false,"template":"","format":"standard","meta":{"footnotes":""},"categories":[5],"tags":[91,90],"class_list":["post-765","post","type-post","status-publish","format-standard","hentry","category-news","tag-adventskalender","tag-kinder","item-wrap"],"_links":{"self":[{"href":"https:\/\/gemeindebuechereikastl.de\/index.php?rest_route=\/wp\/v2\/posts\/765","targetHints":{"allow":["GET"]}}],"collection":[{"href":"https:\/\/gemeindebuechereikastl.de\/index.php?rest_route=\/wp\/v2\/posts"}],"about":[{"href":"https:\/\/gemeindebuechereikastl.de\/index.php?rest_route=\/wp\/v2\/types\/post"}],"author":[{"embeddable":true,"href":"https:\/\/gemeindebuechereikastl.de\/index.php?rest_route=\/wp\/v2\/users\/1"}],"replies":[{"embeddable":true,"href":"https:\/\/gemeindebuechereikastl.de\/index.php?rest_route=%2Fwp%2Fv2%2Fcomments&post=765"}],"version-history":[{"count":1,"href":"https:\/\/gemeindebuechereikastl.de\/index.php?rest_route=\/wp\/v2\/posts\/765\/revisions"}],"predecessor-version":[{"id":767,"href":"https:\/\/gemeindebuechereikastl.de\/index.php?rest_route=\/wp\/v2\/posts\/765\/revisions\/767"}],"wp:attachment":[{"href":"https:\/\/gemeindebuechereikastl.de\/index.php?rest_route=%2Fwp%2Fv2%2Fmedia&parent=765"}],"wp:term":[{"taxonomy":"category","embeddable":true,"href":"https:\/\/gemeindebuechereikastl.de\/index.php?rest_route=%2Fwp%2Fv2%2Fcategories&post=765"},{"taxonomy":"post_tag","embeddable":true,"href":"https:\/\/gemeindebuechereikastl.de\/index.php?rest_route=%2Fwp%2Fv2%2Ftags&post=765"}],"curies":[{"name":"wp","href":"https:\/\/api.w.org\/{rel}","templated":true}]}}