{"id":820,"date":"2018-12-28T16:36:55","date_gmt":"2018-12-28T16:36:55","guid":{"rendered":"http:\/\/gemeindebuechereikastl.de\/?p=820"},"modified":"2019-01-09T10:34:54","modified_gmt":"2019-01-09T10:34:54","slug":"neue-buecher-eingetroffen","status":"publish","type":"post","link":"https:\/\/gemeindebuechereikastl.de\/?p=820","title":{"rendered":"Neue B\u00fccher eingetroffen!"},"content":{"rendered":"<h2 style=\"text-align: center;\"><span style=\"color: #ff6600;\">Rechtzeitig zu Weihnachten sind wieder neue und \u00a0aktuelle B\u00fccher in der B\u00fccherei eigetroffen!<\/span><\/h2>\n<h3 style=\"text-align: center;\"><img loading=\"lazy\" decoding=\"async\" class=\"size-large wp-image-821 aligncenter\" src=\"https:\/\/gemeindebuechereikastl.de\/wp-content\/uploads\/2018\/12\/Neue-B\u00fccher-Weihnachten-2018-1-1024x458.jpg\" alt=\"\" width=\"750\" height=\"335\" srcset=\"https:\/\/gemeindebuechereikastl.de\/wp-content\/uploads\/2018\/12\/Neue-B\u00fccher-Weihnachten-2018-1-1024x458.jpg 1024w, https:\/\/gemeindebuechereikastl.de\/wp-content\/uploads\/2018\/12\/Neue-B\u00fccher-Weihnachten-2018-1-300x134.jpg 300w, https:\/\/gemeindebuechereikastl.de\/wp-content\/uploads\/2018\/12\/Neue-B\u00fccher-Weihnachten-2018-1-768x344.jpg 768w\" sizes=\"auto, (max-width: 750px) 100vw, 750px\" \/><span style=\"color: #ff6600;\">Diese und weitere neue B\u00fccher sind ab sofort zum Entleihen!!!<\/span><\/h3>\n<h3>Neue\u00a0Romane:<\/h3>\n<h5><span id=\"productTitle\" class=\"a-size-large\">*<strong> NSA &#8211; Nationales Sicherheits-Amt\u00a0 :\u00a0<\/strong><span class=\"a-size-medium\"><em><strong>Andreas Eschbach<\/strong><\/em><br \/>\n<strong>* Die Mondschwester\u00a0&#8211; Die sieben Schwestern 5 :\u00a0Lucinda Riley<br \/>\n* Mittagsstunde : <em>D\u00f6rte Hansen<br \/>\n* <\/em>Traum des Lebens : <em>Jeffrey Archer<br \/>\n* <\/em>Neujahr : Juli Zeh<br \/>\n* usw&#8230;\u2026..<\/strong><\/span><\/span><\/h5>\n<h3><span id=\"productTitle\" class=\"a-size-large\"><\/span>Neue Kinderb\u00fccher:<\/h3>\n<h5>* <span id=\"productTitle\" class=\"a-size-large\">Gregs Tagebuch 13 &#8211; Eiskalt erwischt! : <em><span class=\"a-size-medium\">Jeff Kinney<br \/>\n* <\/span><\/em><span class=\"a-size-medium\"><span id=\"ebooksProductTitle\" class=\"a-size-extra-large\">Annabelle und die unglaubliche Reise nach Unter-London : <em><span class=\"a-size-small a-color-secondary\">Karen Foxlee<br \/>\n* <\/span><\/em><span class=\"a-size-small a-color-secondary\">SUPERLESER! Toms Zeitreise ins alte Rom<br \/>\n<\/span><\/span><\/span><em><span class=\"a-size-medium\">* <\/span><\/em><span class=\"a-size-medium\">Der R\u00e4uber Hotzenplotz und die Mondrakete : <em>Ottfried Preu\u00dfler<br \/>\n* <\/em>Ostwind &#8211; Der gro\u00dfe Orkan : <em>Lea Schmidbauer<br \/>\n* usw\u2026\u2026\u2026\u2026\u2026\u2026\u2026.<br \/>\n<\/em><\/span><\/span><\/h5>\n<h3 style=\"text-align: center;\">Weitere neue B\u00fccher und Infos dar\u00fcber\u00a0finden Sie in unserem <a href=\"https:\/\/iopac.gemeindebuechereikastl.de\/iopac\/\"><span style=\"color: #ff0000;\">&#8222;ONLINE &#8211; KATALOG&#8220;<\/span><\/a> \u00a0unter\u00a0 <a href=\"https:\/\/iopac.gemeindebuechereikastl.de\/iopac\/\"><span style=\"color: #ff0000;\">&#8222;Neue Titel&#8220; <\/span><\/a><\/h3>\n","protected":false},"excerpt":{"rendered":"<p>Rechtzeitig zu Weihnachten sind wieder neue und \u00a0aktuelle B\u00fccher in der B\u00fccherei eigetroffen! Diese und weitere neue B\u00fccher sind ab sofort zum Entleihen!!! Neue\u00a0Romane: * NSA &#8211; Nationales Sicherheits-Amt\u00a0 :\u00a0Andreas Eschbach * Die Mondschwester\u00a0&#8211; Die sieben Schwestern 5 :\u00a0Lucinda Riley * Mittagsstunde : D\u00f6rte Hansen * Traum des Lebens : Jeffrey Archer * Neujahr : &hellip; <\/p>\n<p><a class=\"more-link btn\" href=\"https:\/\/gemeindebuechereikastl.de\/?p=820\">Weiterlesen<\/a><\/p>\n","protected":false},"author":1,"featured_media":0,"comment_status":"closed","ping_status":"closed","sticky":false,"template":"","format":"standard","meta":{"footnotes":""},"categories":[1],"tags":[],"class_list":["post-820","post","type-post","status-publish","format-standard","hentry","category-team","item-wrap"],"_links":{"self":[{"href":"https:\/\/gemeindebuechereikastl.de\/index.php?rest_route=\/wp\/v2\/posts\/820","targetHints":{"allow":["GET"]}}],"collection":[{"href":"https:\/\/gemeindebuechereikastl.de\/index.php?rest_route=\/wp\/v2\/posts"}],"about":[{"href":"https:\/\/gemeindebuechereikastl.de\/index.php?rest_route=\/wp\/v2\/types\/post"}],"author":[{"embeddable":true,"href":"https:\/\/gemeindebuechereikastl.de\/index.php?rest_route=\/wp\/v2\/users\/1"}],"replies":[{"embeddable":true,"href":"https:\/\/gemeindebuechereikastl.de\/index.php?rest_route=%2Fwp%2Fv2%2Fcomments&post=820"}],"version-history":[{"count":2,"href":"https:\/\/gemeindebuechereikastl.de\/index.php?rest_route=\/wp\/v2\/posts\/820\/revisions"}],"predecessor-version":[{"id":825,"href":"https:\/\/gemeindebuechereikastl.de\/index.php?rest_route=\/wp\/v2\/posts\/820\/revisions\/825"}],"wp:attachment":[{"href":"https:\/\/gemeindebuechereikastl.de\/index.php?rest_route=%2Fwp%2Fv2%2Fmedia&parent=820"}],"wp:term":[{"taxonomy":"category","embeddable":true,"href":"https:\/\/gemeindebuechereikastl.de\/index.php?rest_route=%2Fwp%2Fv2%2Fcategories&post=820"},{"taxonomy":"post_tag","embeddable":true,"href":"https:\/\/gemeindebuechereikastl.de\/index.php?rest_route=%2Fwp%2Fv2%2Ftags&post=820"}],"curies":[{"name":"wp","href":"https:\/\/api.w.org\/{rel}","templated":true}]}}