{"id":831,"date":"2019-01-09T13:01:19","date_gmt":"2019-01-09T13:01:19","guid":{"rendered":"http:\/\/gemeindebuechereikastl.de\/?p=831"},"modified":"2019-01-09T13:05:55","modified_gmt":"2019-01-09T13:05:55","slug":"vorlesenachmittage-winter-fruehjahr-2019","status":"publish","type":"post","link":"https:\/\/gemeindebuechereikastl.de\/?p=831","title":{"rendered":"Vorlesenachmittage Winter\/Fr\u00fchjahr 2019"},"content":{"rendered":"<h3 style=\"text-align: center;\"><u><img loading=\"lazy\" decoding=\"async\" class=\"wp-image-225 alignleft\" src=\"https:\/\/gemeindebuechereikastl.de\/wp-content\/uploads\/2018\/01\/Vorlesestunden-2018-1024x898.jpg\" sizes=\"auto, (max-width: 349px) 100vw, 349px\" srcset=\"https:\/\/gemeindebuechereikastl.de\/wp-content\/uploads\/2018\/01\/Vorlesestunden-2018-1024x898.jpg 1024w, https:\/\/gemeindebuechereikastl.de\/wp-content\/uploads\/2018\/01\/Vorlesestunden-2018-300x263.jpg 300w, https:\/\/gemeindebuechereikastl.de\/wp-content\/uploads\/2018\/01\/Vorlesestunden-2018-768x673.jpg 768w\" alt=\"\" width=\"349\" height=\"306\" \/><\/u><u>VORLESENACHMITTAGE\u00a0 2019<br \/>\nin der Gemeindeb\u00fccherei <\/u><\/h3>\n<h4 style=\"text-align: center;\">Auch diesem Jahr 2019 bietet das B\u00fcchereiteam wieder f\u00fcr alle Kinder die regelm\u00e4\u00dfigen Vorlesestunden mit interessanten Geschichten in den R\u00e4umen der Gemeindeb\u00fccherei an.<\/h4>\n<h4 style=\"text-align: center;\">Die Vorlesestunden finden jeweils am<br \/>\n3. Freitag des Monats um 16.00 Uhr in den R\u00e4umen der B\u00fccherei in den Monaten<br \/>\nJanuar bis April statt.<\/h4>\n<p><img loading=\"lazy\" decoding=\"async\" class=\"aligncenter wp-image-832\" src=\"https:\/\/gemeindebuechereikastl.de\/wp-content\/uploads\/2019\/01\/Vorlesenachmittage-2018-743x1024.jpg\" alt=\"\" width=\"623\" height=\"859\" srcset=\"https:\/\/gemeindebuechereikastl.de\/wp-content\/uploads\/2019\/01\/Vorlesenachmittage-2018-743x1024.jpg 743w, https:\/\/gemeindebuechereikastl.de\/wp-content\/uploads\/2019\/01\/Vorlesenachmittage-2018-218x300.jpg 218w, https:\/\/gemeindebuechereikastl.de\/wp-content\/uploads\/2019\/01\/Vorlesenachmittage-2018-768x1058.jpg 768w, https:\/\/gemeindebuechereikastl.de\/wp-content\/uploads\/2019\/01\/Vorlesenachmittage-2018.jpg 1238w\" sizes=\"auto, (max-width: 623px) 100vw, 623px\" \/><\/p>\n<p>&nbsp;<\/p>\n","protected":false},"excerpt":{"rendered":"<p>VORLESENACHMITTAGE\u00a0 2019 in der Gemeindeb\u00fccherei Auch diesem Jahr 2019 bietet das B\u00fcchereiteam wieder f\u00fcr alle Kinder die regelm\u00e4\u00dfigen Vorlesestunden mit interessanten Geschichten in den R\u00e4umen der Gemeindeb\u00fccherei an. Die Vorlesestunden finden jeweils am 3. Freitag des Monats um 16.00 Uhr in den R\u00e4umen der B\u00fccherei in den Monaten Januar bis April statt. &nbsp;<\/p>\n","protected":false},"author":1,"featured_media":225,"comment_status":"closed","ping_status":"closed","sticky":false,"template":"","format":"standard","meta":{"footnotes":""},"categories":[5],"tags":[],"class_list":["post-831","post","type-post","status-publish","format-standard","has-post-thumbnail","hentry","category-news","item-wrap"],"_links":{"self":[{"href":"https:\/\/gemeindebuechereikastl.de\/index.php?rest_route=\/wp\/v2\/posts\/831","targetHints":{"allow":["GET"]}}],"collection":[{"href":"https:\/\/gemeindebuechereikastl.de\/index.php?rest_route=\/wp\/v2\/posts"}],"about":[{"href":"https:\/\/gemeindebuechereikastl.de\/index.php?rest_route=\/wp\/v2\/types\/post"}],"author":[{"embeddable":true,"href":"https:\/\/gemeindebuechereikastl.de\/index.php?rest_route=\/wp\/v2\/users\/1"}],"replies":[{"embeddable":true,"href":"https:\/\/gemeindebuechereikastl.de\/index.php?rest_route=%2Fwp%2Fv2%2Fcomments&post=831"}],"version-history":[{"count":3,"href":"https:\/\/gemeindebuechereikastl.de\/index.php?rest_route=\/wp\/v2\/posts\/831\/revisions"}],"predecessor-version":[{"id":836,"href":"https:\/\/gemeindebuechereikastl.de\/index.php?rest_route=\/wp\/v2\/posts\/831\/revisions\/836"}],"wp:featuredmedia":[{"embeddable":true,"href":"https:\/\/gemeindebuechereikastl.de\/index.php?rest_route=\/wp\/v2\/media\/225"}],"wp:attachment":[{"href":"https:\/\/gemeindebuechereikastl.de\/index.php?rest_route=%2Fwp%2Fv2%2Fmedia&parent=831"}],"wp:term":[{"taxonomy":"category","embeddable":true,"href":"https:\/\/gemeindebuechereikastl.de\/index.php?rest_route=%2Fwp%2Fv2%2Fcategories&post=831"},{"taxonomy":"post_tag","embeddable":true,"href":"https:\/\/gemeindebuechereikastl.de\/index.php?rest_route=%2Fwp%2Fv2%2Ftags&post=831"}],"curies":[{"name":"wp","href":"https:\/\/api.w.org\/{rel}","templated":true}]}}