{"id":838,"date":"2019-01-30T17:21:01","date_gmt":"2019-01-30T17:21:01","guid":{"rendered":"http:\/\/gemeindebuechereikastl.de\/?p=838"},"modified":"2019-01-30T17:21:01","modified_gmt":"2019-01-30T17:21:01","slug":"fantasy-nachmittag-mit-dem-kleinen-hobbit-von-j-r-r-tolkien","status":"publish","type":"post","link":"https:\/\/gemeindebuechereikastl.de\/?p=838","title":{"rendered":"Fantasy Nachmittag mit dem kleinen Hobbit von J.R.R. Tolkien"},"content":{"rendered":"<h2 style=\"text-align: center;\"><span style=\"color: #ff6600;\"><strong>Freitag, 18. Januar\u00a0&#8211; Zweiter Fantasy-Nachmittag im Rahmen der Vorlesestunden <\/strong><\/span><\/h2>\n<p><span style=\"line-height: 107%; font-family: 'Times New Roman',serif; font-size: 12pt;\"><span style=\"color: #000000;\"><img loading=\"lazy\" decoding=\"async\" class=\"size-large wp-image-841 aligncenter\" src=\"https:\/\/gemeindebuechereikastl.de\/wp-content\/uploads\/2019\/01\/Fantasy-1024x768.jpg\" alt=\"\" width=\"750\" height=\"563\" srcset=\"https:\/\/gemeindebuechereikastl.de\/wp-content\/uploads\/2019\/01\/Fantasy-1024x768.jpg 1024w, https:\/\/gemeindebuechereikastl.de\/wp-content\/uploads\/2019\/01\/Fantasy-300x225.jpg 300w, https:\/\/gemeindebuechereikastl.de\/wp-content\/uploads\/2019\/01\/Fantasy-768x576.jpg 768w\" sizes=\"auto, (max-width: 750px) 100vw, 750px\" \/> Zum zweiten Fantasy Nachmittag haben sich wieder einige Fantasyfreunde in der Gemeindeb\u00fccherei Kastl getroffen. Der kleine Hobbit von J.R.R. Tolkien begeistert auch heute noch viele Jungen Leser. Bereits vor <img loading=\"lazy\" decoding=\"async\" class=\" wp-image-842 alignleft\" src=\"https:\/\/gemeindebuechereikastl.de\/wp-content\/uploads\/2019\/01\/Fantasy-1-768x1024.jpg\" alt=\"\" width=\"245\" height=\"326\" srcset=\"https:\/\/gemeindebuechereikastl.de\/wp-content\/uploads\/2019\/01\/Fantasy-1-768x1024.jpg 768w, https:\/\/gemeindebuechereikastl.de\/wp-content\/uploads\/2019\/01\/Fantasy-1-225x300.jpg 225w\" sizes=\"auto, (max-width: 245px) 100vw, 245px\" \/>Weihnachten wurde das erste Kapitel gelesen: Gandalf kommt nach Hobbingen zu Besuch und \u00fcberrascht seinen alten Freund Bilbo Beutlin mit weiteren Weggef\u00e4hrten. Doch ein Hobbit ist kein Freund von \u00dcberraschungen und schon gar nicht von unerwartetem Besuch. Dass Bilbo sich dennoch zu einem Abenteuer hinrei\u00dfen l\u00e4sst, verspricht jede Menge Spannung und Aufregung. Das erste Abenteuer mit Trollen bestand Bilbo <\/span><\/span><span style=\"line-height: 107%; font-family: 'Times New Roman',serif; font-size: 12pt;\"><span style=\"color: #000000;\">nun im Beisein der f\u00fcnf-bis elfj\u00e4hrigen Kastler Kindern mit Bravour: er entkommt den etwas beschr\u00e4nkten, riesenhaften Wesen und besorgt noch etwas zu Essen f\u00fcr die Abenteuerergemeinschaft. <\/span><\/span><span style=\"line-height: 107%; font-family: 'Times New Roman',serif; font-size: 12pt;\"><span style=\"color: #000000;\">Thorsten Krieger unterst\u00fctzte die Lesung mit Bildern, Illustrationen und Zwergenliedern, <img loading=\"lazy\" decoding=\"async\" class=\" wp-image-843 alignright\" src=\"https:\/\/gemeindebuechereikastl.de\/wp-content\/uploads\/2019\/01\/Fantasy-2-1024x665.jpg\" alt=\"\" width=\"331\" height=\"215\" srcset=\"https:\/\/gemeindebuechereikastl.de\/wp-content\/uploads\/2019\/01\/Fantasy-2-1024x665.jpg 1024w, https:\/\/gemeindebuechereikastl.de\/wp-content\/uploads\/2019\/01\/Fantasy-2-300x195.jpg 300w, https:\/\/gemeindebuechereikastl.de\/wp-content\/uploads\/2019\/01\/Fantasy-2-768x499.jpg 768w\" sizes=\"auto, (max-width: 331px) 100vw, 331px\" \/>dass alle Kinder begeistert lauschten und nach mehr verlangten.<br \/>\n<\/span><\/span><span style=\"line-height: 107%; font-family: 'Times New Roman',serif; font-size: 12pt;\"><span style=\"color: #000000;\">Die beiden Nachmittage waren ein gro\u00dfer Erfolg: einige Kinder wurden zum Lesen angestiftet und alle haben das gemeinsame Erleben der wunderbaren Geschichte genossen. Wir freuen uns auf den n\u00e4chsten Lesenachmittag am &#8230;evtl. 15.Februar&#8230;<\/span><\/span><\/p>\n","protected":false},"excerpt":{"rendered":"<p>Freitag, 18. Januar\u00a0&#8211; Zweiter Fantasy-Nachmittag im Rahmen der Vorlesestunden Zum zweiten Fantasy Nachmittag haben sich wieder einige Fantasyfreunde in der Gemeindeb\u00fccherei Kastl getroffen. Der kleine Hobbit von J.R.R. Tolkien begeistert auch heute noch viele Jungen Leser. Bereits vor Weihnachten wurde das erste Kapitel gelesen: Gandalf kommt nach Hobbingen zu Besuch und \u00fcberrascht seinen alten Freund &hellip; <\/p>\n<p><a class=\"more-link btn\" href=\"https:\/\/gemeindebuechereikastl.de\/?p=838\">Weiterlesen<\/a><\/p>\n","protected":false},"author":1,"featured_media":0,"comment_status":"closed","ping_status":"closed","sticky":false,"template":"","format":"standard","meta":{"footnotes":""},"categories":[5],"tags":[92,10,7],"class_list":["post-838","post","type-post","status-publish","format-standard","hentry","category-news","tag-fantasy","tag-vorlesenachmittag","tag-vorlesestunden","item-wrap"],"_links":{"self":[{"href":"https:\/\/gemeindebuechereikastl.de\/index.php?rest_route=\/wp\/v2\/posts\/838","targetHints":{"allow":["GET"]}}],"collection":[{"href":"https:\/\/gemeindebuechereikastl.de\/index.php?rest_route=\/wp\/v2\/posts"}],"about":[{"href":"https:\/\/gemeindebuechereikastl.de\/index.php?rest_route=\/wp\/v2\/types\/post"}],"author":[{"embeddable":true,"href":"https:\/\/gemeindebuechereikastl.de\/index.php?rest_route=\/wp\/v2\/users\/1"}],"replies":[{"embeddable":true,"href":"https:\/\/gemeindebuechereikastl.de\/index.php?rest_route=%2Fwp%2Fv2%2Fcomments&post=838"}],"version-history":[{"count":4,"href":"https:\/\/gemeindebuechereikastl.de\/index.php?rest_route=\/wp\/v2\/posts\/838\/revisions"}],"predecessor-version":[{"id":845,"href":"https:\/\/gemeindebuechereikastl.de\/index.php?rest_route=\/wp\/v2\/posts\/838\/revisions\/845"}],"wp:attachment":[{"href":"https:\/\/gemeindebuechereikastl.de\/index.php?rest_route=%2Fwp%2Fv2%2Fmedia&parent=838"}],"wp:term":[{"taxonomy":"category","embeddable":true,"href":"https:\/\/gemeindebuechereikastl.de\/index.php?rest_route=%2Fwp%2Fv2%2Fcategories&post=838"},{"taxonomy":"post_tag","embeddable":true,"href":"https:\/\/gemeindebuechereikastl.de\/index.php?rest_route=%2Fwp%2Fv2%2Ftags&post=838"}],"curies":[{"name":"wp","href":"https:\/\/api.w.org\/{rel}","templated":true}]}}