{"id":847,"date":"2019-02-28T12:08:26","date_gmt":"2019-02-28T12:08:26","guid":{"rendered":"http:\/\/gemeindebuechereikastl.de\/?p=847"},"modified":"2019-02-28T12:09:25","modified_gmt":"2019-02-28T12:09:25","slug":"gespenstische-geschichte","status":"publish","type":"post","link":"https:\/\/gemeindebuechereikastl.de\/?p=847","title":{"rendered":"Die Geisterbibliothek eine Gespenstische Geschichte"},"content":{"rendered":"<h2 style=\"text-align: center;\"><strong><span style=\"color: #ff6600;\">Freitag, 15. Februar &#8211; Vorlesenachmittag mit dem Buch &#8222;Die Geisterbibliothek&#8220;<\/span><\/strong><\/h2>\n<p><img loading=\"lazy\" decoding=\"async\" class=\" wp-image-848 aligncenter\" src=\"https:\/\/gemeindebuechereikastl.de\/wp-content\/uploads\/2019\/02\/Geister-1-1024x791.jpg\" alt=\"\" width=\"657\" height=\"507\" srcset=\"https:\/\/gemeindebuechereikastl.de\/wp-content\/uploads\/2019\/02\/Geister-1-1024x791.jpg 1024w, https:\/\/gemeindebuechereikastl.de\/wp-content\/uploads\/2019\/02\/Geister-1-300x232.jpg 300w, https:\/\/gemeindebuechereikastl.de\/wp-content\/uploads\/2019\/02\/Geister-1-768x593.jpg 768w\" sizes=\"auto, (max-width: 657px) 100vw, 657px\" \/> <img loading=\"lazy\" decoding=\"async\" class=\" wp-image-850 alignleft\" src=\"https:\/\/gemeindebuechereikastl.de\/wp-content\/uploads\/2019\/02\/Geisterbibliothek.jpg\" alt=\"\" width=\"186\" height=\"247\" srcset=\"https:\/\/gemeindebuechereikastl.de\/wp-content\/uploads\/2019\/02\/Geisterbibliothek.jpg 316w, https:\/\/gemeindebuechereikastl.de\/wp-content\/uploads\/2019\/02\/Geisterbibliothek-226x300.jpg 226w\" sizes=\"auto, (max-width: 186px) 100vw, 186px\" \/>Eine kleine Anh\u00e4ngerschaft guter Geschichten hatte sich wieder zum Vorlesenachmittag in der Gemeindeb\u00fccherei Kastl eingefunden, um mit Kathrin Fuchs und Ines Riedel die Geisterbibliothek zu erkunden. Das Bilderbuch \u201eDie Geisterbibliothek\u201c von David Melling hat einige Kinder sehr gefesselt. In der Geschichte verteidigt ein M\u00e4dchen ihr Buch gegen\u00fcber den Geistern Lulatsch, Plopp und Tofiffee. In deren Gefolgschaft gelangt sie in einen geheimen Turm, der zwar voll mit Regalen ist, doch es befindet sich kein einziges Buch darin. Die Geisterbibliothek ist leer. Die Geister h\u00e4ngen an den Lippen des M\u00e4dchens als es vorzulesen beginnt. Die freundlichen Nachtwesen verlangen nach immer mehr Geschichten und so geht es nach dem Vorlesen in die Geschichtenwerkstatt. Gut das in der Kastler Gemeindeb\u00fccherei regelm\u00e4\u00dfig den Kindern vorgelesen wird und auch ein gro\u00dfer Bestand an B\u00fcchern in die B\u00fccherei zum Entleihen und Entdecken vorhanden ist. Ebenso haben es die Kinder in der Kastler B\u00fccherei \u00a0getan. <img loading=\"lazy\" decoding=\"async\" class=\" wp-image-849 alignright\" src=\"https:\/\/gemeindebuechereikastl.de\/wp-content\/uploads\/2019\/02\/Geister-2-1024x738.jpg\" alt=\"\" width=\"464\" height=\"335\" srcset=\"https:\/\/gemeindebuechereikastl.de\/wp-content\/uploads\/2019\/02\/Geister-2-1024x738.jpg 1024w, https:\/\/gemeindebuechereikastl.de\/wp-content\/uploads\/2019\/02\/Geister-2-300x216.jpg 300w, https:\/\/gemeindebuechereikastl.de\/wp-content\/uploads\/2019\/02\/Geister-2-768x553.jpg 768w\" sizes=\"auto, (max-width: 464px) 100vw, 464px\" \/><br \/>\nNach dem Vorlesen ging es an den Maltisch. Auf festem Malpapier und Aquarellstiften konnten kleine Geschichten erfunden werden. F\u00fcr alle F\u00e4lle hat es ein Geschichtenrezept gegeben. Bei diesem Rezept haben sich die Kinder ihr eigenes Gespenst vorgestellt und einen zugeh\u00f6rigen Helfer. Dieser Helfer sollte das Gespenst vers\u00f6hnlich stimmen und die Kinder ermutigen das unheimliche Wesen mit anderen Augen zu sehen. Die entstandenen Kurzgeschichten sind in der Gemeindeb\u00fccherei ausgestellt und k\u00f6nnen ab Anfang M\u00e4rz zu den \u00d6ffnungszeiten der Gemeindeb\u00fccherei abgeholt werden. Diese sind: Dienstag, Donnerstag von 17.00 bis 18.30 Uhr und am Sonntag von 10.15 bis 11.30 Uhr.<\/p>\n","protected":false},"excerpt":{"rendered":"<p>Freitag, 15. Februar &#8211; Vorlesenachmittag mit dem Buch &#8222;Die Geisterbibliothek&#8220; Eine kleine Anh\u00e4ngerschaft guter Geschichten hatte sich wieder zum Vorlesenachmittag in der Gemeindeb\u00fccherei Kastl eingefunden, um mit Kathrin Fuchs und Ines Riedel die Geisterbibliothek zu erkunden. Das Bilderbuch \u201eDie Geisterbibliothek\u201c von David Melling hat einige Kinder sehr gefesselt. In der Geschichte verteidigt ein M\u00e4dchen ihr &hellip; <\/p>\n<p><a class=\"more-link btn\" href=\"https:\/\/gemeindebuechereikastl.de\/?p=847\">Weiterlesen<\/a><\/p>\n","protected":false},"author":1,"featured_media":0,"comment_status":"closed","ping_status":"closed","sticky":false,"template":"","format":"standard","meta":{"footnotes":""},"categories":[5,1],"tags":[93,11,94,95,10],"class_list":["post-847","post","type-post","status-publish","format-standard","hentry","category-news","category-team","tag-bibliothek","tag-buecherei","tag-geister","tag-geisterbibliothek","tag-vorlesenachmittag","item-wrap"],"_links":{"self":[{"href":"https:\/\/gemeindebuechereikastl.de\/index.php?rest_route=\/wp\/v2\/posts\/847","targetHints":{"allow":["GET"]}}],"collection":[{"href":"https:\/\/gemeindebuechereikastl.de\/index.php?rest_route=\/wp\/v2\/posts"}],"about":[{"href":"https:\/\/gemeindebuechereikastl.de\/index.php?rest_route=\/wp\/v2\/types\/post"}],"author":[{"embeddable":true,"href":"https:\/\/gemeindebuechereikastl.de\/index.php?rest_route=\/wp\/v2\/users\/1"}],"replies":[{"embeddable":true,"href":"https:\/\/gemeindebuechereikastl.de\/index.php?rest_route=%2Fwp%2Fv2%2Fcomments&post=847"}],"version-history":[{"count":2,"href":"https:\/\/gemeindebuechereikastl.de\/index.php?rest_route=\/wp\/v2\/posts\/847\/revisions"}],"predecessor-version":[{"id":852,"href":"https:\/\/gemeindebuechereikastl.de\/index.php?rest_route=\/wp\/v2\/posts\/847\/revisions\/852"}],"wp:attachment":[{"href":"https:\/\/gemeindebuechereikastl.de\/index.php?rest_route=%2Fwp%2Fv2%2Fmedia&parent=847"}],"wp:term":[{"taxonomy":"category","embeddable":true,"href":"https:\/\/gemeindebuechereikastl.de\/index.php?rest_route=%2Fwp%2Fv2%2Fcategories&post=847"},{"taxonomy":"post_tag","embeddable":true,"href":"https:\/\/gemeindebuechereikastl.de\/index.php?rest_route=%2Fwp%2Fv2%2Ftags&post=847"}],"curies":[{"name":"wp","href":"https:\/\/api.w.org\/{rel}","templated":true}]}}