{"id":864,"date":"2019-03-19T19:00:23","date_gmt":"2019-03-19T19:00:23","guid":{"rendered":"http:\/\/gemeindebuechereikastl.de\/?p=864"},"modified":"2019-03-19T19:00:23","modified_gmt":"2019-03-19T19:00:23","slug":"fruehlingserwachen-in-der-buecherei","status":"publish","type":"post","link":"https:\/\/gemeindebuechereikastl.de\/?p=864","title":{"rendered":"Fr\u00fchlingserwachen in der B\u00fccherei"},"content":{"rendered":"<h2 style=\"text-align: center;\"><span style=\"color: #ff6600;\"><strong>Freitag, 15. M\u00e4rz &#8211; Fr\u00fchlingserwachen beim Vorlesenachmittag in der B\u00fccherei<\/strong><\/span><\/h2>\n<p><img loading=\"lazy\" decoding=\"async\" class=\" wp-image-867 alignleft\" src=\"https:\/\/gemeindebuechereikastl.de\/wp-content\/uploads\/2019\/03\/IMG_0228-1024x683.jpg\" alt=\"\" width=\"479\" height=\"319\" srcset=\"https:\/\/gemeindebuechereikastl.de\/wp-content\/uploads\/2019\/03\/IMG_0228-1024x683.jpg 1024w, https:\/\/gemeindebuechereikastl.de\/wp-content\/uploads\/2019\/03\/IMG_0228-300x200.jpg 300w, https:\/\/gemeindebuechereikastl.de\/wp-content\/uploads\/2019\/03\/IMG_0228-768x512.jpg 768w\" sizes=\"auto, (max-width: 479px) 100vw, 479px\" \/>Fr\u00fchlingserwachen \u2013 das war das Thema des Vorlesenachmittags\u00a0 f\u00fcr Kinder von 3-7 Jahren. Zur Einstimmung wurden die ersten Fr\u00fchlingsblumen aus dem Garten unter die Lupe genommen. Neben dem Schneegl\u00f6ckchen, dem Krokus und Weidenk\u00e4tzchen lernten die Kinder auch den M\u00e4rzenbecher, die Narzisse und den Winterling kennen. Das Lied \u201eImmer wieder kommt ein neuer Fr\u00fchling\u201c war eine gelungene \u00dcberleitung zum Buch \u201eEtwas von den Wurzelkindern\u201c von Sibylle von Olfers. Das Buch wurde vor \u00fcber 100 Jahren geschrieben und z\u00e4hlt heute zu den Klassikern unter den Bilderb\u00fcchern. In wunderbar nostalgischen Bildern und knappen Versen wird beschrieben, wie die Wurzelkinder sich <img loading=\"lazy\" decoding=\"async\" class=\" wp-image-866 alignright\" src=\"https:\/\/gemeindebuechereikastl.de\/wp-content\/uploads\/2019\/03\/Fr\u00fchlingserwachen-1024x680.jpg\" alt=\"\" width=\"484\" height=\"321\" srcset=\"https:\/\/gemeindebuechereikastl.de\/wp-content\/uploads\/2019\/03\/Fr\u00fchlingserwachen-1024x680.jpg 1024w, https:\/\/gemeindebuechereikastl.de\/wp-content\/uploads\/2019\/03\/Fr\u00fchlingserwachen-300x199.jpg 300w, https:\/\/gemeindebuechereikastl.de\/wp-content\/uploads\/2019\/03\/Fr\u00fchlingserwachen-768x510.jpg 768w\" sizes=\"auto, (max-width: 484px) 100vw, 484px\" \/>unter der Erde auf den Fr\u00fchling vorbereiten, indem sie sich ein h\u00fcbsches buntes Kleid n\u00e4hen und die K\u00e4fer herausputzen. Im Fr\u00fchling marschieren die Wurzelkinder in Form von Gr\u00e4sern und Blumen an die Oberfl\u00e4che, wo sie den ganzen Sommer \u00fcber spielen und tanzen. Als der Herbst kommt, kehren sie zu ihrer Mutter in die Erde zur\u00fcck um sich auszuruhen.<br \/>\nDiesen immerw\u00e4hrenden Kreislauf der Natur nahmen die Kinder zum Anlass, spontan die \u201eJahresuhr\u201c von Rolf Zuckowski anzustimmen.<br \/>\nIm Anschluss s\u00e4ten die Kinder selbst ein paar Blumensamen in ein kleines T\u00f6pfchen, das sie sp\u00e4ter mit nach Hause nehmen durften.<br \/>\n<img loading=\"lazy\" decoding=\"async\" class=\" wp-image-868 alignleft\" src=\"https:\/\/gemeindebuechereikastl.de\/wp-content\/uploads\/2019\/03\/P1060329-1024x768.jpg\" alt=\"\" width=\"405\" height=\"304\" srcset=\"https:\/\/gemeindebuechereikastl.de\/wp-content\/uploads\/2019\/03\/P1060329-1024x768.jpg 1024w, https:\/\/gemeindebuechereikastl.de\/wp-content\/uploads\/2019\/03\/P1060329-300x225.jpg 300w, https:\/\/gemeindebuechereikastl.de\/wp-content\/uploads\/2019\/03\/P1060329-768x576.jpg 768w\" sizes=\"auto, (max-width: 405px) 100vw, 405px\" \/>Die Fr\u00fchlingssonne bewirkt nicht nur, dass alles gr\u00fcnt und bl\u00fcht, sondern kitzelt auch die Tiere wieder wach, die sich zum Winterschlaf zur\u00fcckgezogen hatten. Im nun folgenden Spiel durfte ein Kind nach dem anderen ein Tier unter einer Decke hervorholen und so wurden nach und nach symbolisch der Hase, der Igel, die Schnecke und noch viele andere Tiere aus ihrem Winterschlaf geweckt. Jedes Tier wurde mit einer eigenen Strophe des Liedes \u201eWenn die Fr\u00fchlingssonne lacht\u201c begr\u00fc\u00dft. Als alle geweckt waren, wurde noch ein Ged\u00e4chtnisspiel mit ihnen gespielt.<\/p>\n","protected":false},"excerpt":{"rendered":"<p>Freitag, 15. M\u00e4rz &#8211; Fr\u00fchlingserwachen beim Vorlesenachmittag in der B\u00fccherei Fr\u00fchlingserwachen \u2013 das war das Thema des Vorlesenachmittags\u00a0 f\u00fcr Kinder von 3-7 Jahren. Zur Einstimmung wurden die ersten Fr\u00fchlingsblumen aus dem Garten unter die Lupe genommen. Neben dem Schneegl\u00f6ckchen, dem Krokus und Weidenk\u00e4tzchen lernten die Kinder auch den M\u00e4rzenbecher, die Narzisse und den Winterling kennen. &hellip; <\/p>\n<p><a class=\"more-link btn\" href=\"https:\/\/gemeindebuechereikastl.de\/?p=864\">Weiterlesen<\/a><\/p>\n","protected":false},"author":1,"featured_media":0,"comment_status":"closed","ping_status":"closed","sticky":false,"template":"","format":"standard","meta":{"footnotes":""},"categories":[5],"tags":[100,24,102,101,80,10],"class_list":["post-864","post","type-post","status-publish","format-standard","hentry","category-news","tag-blumen","tag-fruehling","tag-fruehlingsblumen","tag-lieder","tag-vorlesen","tag-vorlesenachmittag","item-wrap"],"_links":{"self":[{"href":"https:\/\/gemeindebuechereikastl.de\/index.php?rest_route=\/wp\/v2\/posts\/864","targetHints":{"allow":["GET"]}}],"collection":[{"href":"https:\/\/gemeindebuechereikastl.de\/index.php?rest_route=\/wp\/v2\/posts"}],"about":[{"href":"https:\/\/gemeindebuechereikastl.de\/index.php?rest_route=\/wp\/v2\/types\/post"}],"author":[{"embeddable":true,"href":"https:\/\/gemeindebuechereikastl.de\/index.php?rest_route=\/wp\/v2\/users\/1"}],"replies":[{"embeddable":true,"href":"https:\/\/gemeindebuechereikastl.de\/index.php?rest_route=%2Fwp%2Fv2%2Fcomments&post=864"}],"version-history":[{"count":2,"href":"https:\/\/gemeindebuechereikastl.de\/index.php?rest_route=\/wp\/v2\/posts\/864\/revisions"}],"predecessor-version":[{"id":869,"href":"https:\/\/gemeindebuechereikastl.de\/index.php?rest_route=\/wp\/v2\/posts\/864\/revisions\/869"}],"wp:attachment":[{"href":"https:\/\/gemeindebuechereikastl.de\/index.php?rest_route=%2Fwp%2Fv2%2Fmedia&parent=864"}],"wp:term":[{"taxonomy":"category","embeddable":true,"href":"https:\/\/gemeindebuechereikastl.de\/index.php?rest_route=%2Fwp%2Fv2%2Fcategories&post=864"},{"taxonomy":"post_tag","embeddable":true,"href":"https:\/\/gemeindebuechereikastl.de\/index.php?rest_route=%2Fwp%2Fv2%2Ftags&post=864"}],"curies":[{"name":"wp","href":"https:\/\/api.w.org\/{rel}","templated":true}]}}