{"id":891,"date":"2019-04-27T15:03:48","date_gmt":"2019-04-27T15:03:48","guid":{"rendered":"http:\/\/gemeindebuechereikastl.de\/?p=891"},"modified":"2019-04-27T15:10:55","modified_gmt":"2019-04-27T15:10:55","slug":"jahrestreffen-des-buechereiteam-mit-positiven-rueckblick-auf-2018-und-vorschau-auf-die-aktionen-fuer-2019","status":"publish","type":"post","link":"https:\/\/gemeindebuechereikastl.de\/?p=891","title":{"rendered":"Jahrestreffen des B\u00fcchereiteam mit positiven R\u00fcckblick auf 2018 und Vorschau auf die Aktionen f\u00fcr 2019"},"content":{"rendered":"<h2 style=\"text-align: center;\"><span style=\"color: #ff6600;\">Freitag, 8. M\u00e4rz &#8211; Jahrestreffen des B\u00fcchereiteams mit Dank f\u00fcr viele ehrenamtliche Stunden und einen erfreulichen R\u00fcckblick auf 2018<\/span><\/h2>\n<p style=\"text-align: left;\">Die Gemeindeb\u00fccherei Kastl hatte 2018 einen deutlichen Zuwachs bei den Entleihungen und bot viele Aktionen f\u00fcr gro\u00df und kleine an. Ein besonderes Highlight war die Auszeichnung mit dem Goldenen B\u00fcchereiseigel f\u00fcr besondere Verdienste um die Bayerische B\u00fcchereiarbeit.<img loading=\"lazy\" decoding=\"async\" class=\"size-large wp-image-894 aligncenter\" src=\"https:\/\/gemeindebuechereikastl.de\/wp-content\/uploads\/2019\/04\/B\u00fcchereiteam-1024x678.jpg\" alt=\"\" width=\"750\" height=\"497\" srcset=\"https:\/\/gemeindebuechereikastl.de\/wp-content\/uploads\/2019\/04\/B\u00fcchereiteam-1024x678.jpg 1024w, https:\/\/gemeindebuechereikastl.de\/wp-content\/uploads\/2019\/04\/B\u00fcchereiteam-300x199.jpg 300w, https:\/\/gemeindebuechereikastl.de\/wp-content\/uploads\/2019\/04\/B\u00fcchereiteam-768x508.jpg 768w\" sizes=\"auto, (max-width: 750px) 100vw, 750px\" \/>Beim Jahrestreffen des B\u00fcchereiteams zog B\u00fcchereileiter D\u00fcrr f\u00fcr das zur\u00fcckliegenden B\u00fcchereijahr eine hervorragende Bilanz. Eine zentrale Dienstleistung der Bibliotheken ist es, Medien zur Benutzung zur Verf\u00fcgung zu stellen. Getreu Ihrem Werbeslogan \u201cGemeindeb\u00fccherei Kastl \u2013 Das Haus der B\u00fccher und Medienvielfalt\u201c bot das B\u00fcchereiteam den Leserinnen und Lesern im vergangenen Jahr eine Auswahl von 10.000 B\u00fcchern und Medien in ihren R\u00e4umen an. Des Weiteren ebenfalls im Angebot ca. 15.000 E-Books online. Auch \u00fcber eine enorme Zahl von gro\u00dfartigen Veranstaltungen konnte berichtet werden.<\/p>\n<p>Er bedankte sich bei den 25 ehrenamtlichen Mitarbeiterinnen, die \u00fcber 3000 Stunden das ganze Jahr \u00fcber <img loading=\"lazy\" decoding=\"async\" class=\" wp-image-896 alignleft\" src=\"https:\/\/gemeindebuechereikastl.de\/wp-content\/uploads\/2019\/04\/Tonie-Box.png\" alt=\"\" width=\"230\" height=\"158\" srcset=\"https:\/\/gemeindebuechereikastl.de\/wp-content\/uploads\/2019\/04\/Tonie-Box.png 600w, https:\/\/gemeindebuechereikastl.de\/wp-content\/uploads\/2019\/04\/Tonie-Box-300x207.png 300w\" sizes=\"auto, (max-width: 230px) 100vw, 230px\" \/>f\u00fcr die Gemeindeb\u00fccherei da waren. Insgesamt wurden \u00fcber 14.000 Entleihungen gez\u00e4hlt, was eine Steigerung gegen\u00fcber dem Jahr 2017 darstellt. Dies war den gut sortieren Angebot der Kastler B\u00fccherei mit zu verdanken die Ihren Lesern ein breit gef\u00e4chertes Angebot von B\u00fcchern, Zeitschriften, Kinder \u2013 und\u00a0 Familienspielen, DVDs und H\u00f6rb\u00fccher f\u00fcr Kinder und Erwachsenen zur Verf\u00fcgung stellt. Als besonderes Schmankerl kommt ab Mail auch noch das Angebot an \u201eTonies\u201c dazu. Die Tonies \u2013 das moderne Audio-System f\u00fcr Kinder \u2013 sind aktuell in aller Munde und nat\u00fcrlich auch in der Gemeindeb\u00fccherei erh\u00e4ltlich.<\/p>\n<p>Anhand von kurzen Stichpunkten lies B\u00fcchereileiter Georg D\u00fcrr die vielen Events und Veranstaltungen <img loading=\"lazy\" decoding=\"async\" class=\" wp-image-711 alignright\" src=\"https:\/\/gemeindebuechereikastl.de\/wp-content\/uploads\/2018\/10\/Goldnenes-B\u00fcchereisiegel--1024x734.jpg\" alt=\"\" width=\"472\" height=\"338\" srcset=\"https:\/\/gemeindebuechereikastl.de\/wp-content\/uploads\/2018\/10\/Goldnenes-B\u00fcchereisiegel--1024x734.jpg 1024w, https:\/\/gemeindebuechereikastl.de\/wp-content\/uploads\/2018\/10\/Goldnenes-B\u00fcchereisiegel--300x215.jpg 300w, https:\/\/gemeindebuechereikastl.de\/wp-content\/uploads\/2018\/10\/Goldnenes-B\u00fcchereisiegel--768x551.jpg 768w\" sizes=\"auto, (max-width: 472px) 100vw, 472px\" \/>nochmals Revue passieren, die vom B\u00fcchereiteam im vergangenen Jahr organisiert und durchgef\u00fchrt wurden. Diese Veranstaltungen (Infos hier auf der Homepage) stellten f\u00fcr die Teilnehmer ein einzigartiges und unvergessliches Erlebnis dar.<\/p>\n<p>Pater Richard Kubiszyn bedankte sich f\u00fcr die Pfarrei beim Team. Er betonte das man sich auf die Mitarbeiterinnen und Mitarbeiter in der B\u00fccherei verlassen k\u00f6nne und dass Ihre Arbeit f\u00fcr einen Geistigen Reichtum beitr\u00e4gt. Er w\u00fcrdigt die vielen Stunden und das das gro\u00dfartige und vielf\u00e4ltige Angebot ein Rezept f\u00fcr die Zukunft ist.<\/p>\n<p>Die Stellvertretende B\u00fcchermeisterin Monika Breuning stellte fest das die B\u00fccherei mit ihren Mitarbeiterinnen ein gro\u00dfer Gewinn f\u00fcr die Gemeinde Kastl sei. Gro\u00dfes Lob zollte sie dem Team f\u00fcr die vielen gro\u00dfartigen Medienangebote und f\u00fcr die vielen Veranstaltungen und das dies kaum mehr zu \u00fcberbieten ist. B\u00fcchereileiter Georg D\u00fcrr mit seinen Damen w\u00fcnschte sie weiterhin eine gl\u00fcckliche Hand zum Wohle der B\u00fcrgerinnen und B\u00fcrger des Marktes Kastl.<\/p>\n<p>Zum Schluss bedankte Sich B\u00fcchereileiter Georg D\u00fcrr bei seinem Team f\u00fcr Ihre unerm\u00fcdliche ehrenamtliche T\u00e4tigkeit in der B\u00fccherei und f\u00fcr die \u00fcber 3000 geleisteten unentgeltlichen Arbeitsstunden. Als kleines Dankesch\u00f6n f\u00fcr die geleistete Arbeit bekam alle ihre Wunschb\u00fccher \u00fcberreicht. Mit dem Dank verband er auch das es weiterhin so engagiert mitgearbeitet wird, denn auch im Jahr 2019 gibt es in der Kastler B\u00fccherei wieder sehr viel zu erleben.<\/p>\n<p>&nbsp;<\/p>\n","protected":false},"excerpt":{"rendered":"<p>Freitag, 8. M\u00e4rz &#8211; Jahrestreffen des B\u00fcchereiteams mit Dank f\u00fcr viele ehrenamtliche Stunden und einen erfreulichen R\u00fcckblick auf 2018 Die Gemeindeb\u00fccherei Kastl hatte 2018 einen deutlichen Zuwachs bei den Entleihungen und bot viele Aktionen f\u00fcr gro\u00df und kleine an. Ein besonderes Highlight war die Auszeichnung mit dem Goldenen B\u00fcchereiseigel f\u00fcr besondere Verdienste um die Bayerische &hellip; <\/p>\n<p><a class=\"more-link btn\" href=\"https:\/\/gemeindebuechereikastl.de\/?p=891\">Weiterlesen<\/a><\/p>\n","protected":false},"author":1,"featured_media":0,"comment_status":"closed","ping_status":"closed","sticky":false,"template":"","format":"standard","meta":{"footnotes":""},"categories":[5],"tags":[64,103],"class_list":["post-891","post","type-post","status-publish","format-standard","hentry","category-news","tag-buechereiteam","tag-jahrestreffen","item-wrap"],"_links":{"self":[{"href":"https:\/\/gemeindebuechereikastl.de\/index.php?rest_route=\/wp\/v2\/posts\/891","targetHints":{"allow":["GET"]}}],"collection":[{"href":"https:\/\/gemeindebuechereikastl.de\/index.php?rest_route=\/wp\/v2\/posts"}],"about":[{"href":"https:\/\/gemeindebuechereikastl.de\/index.php?rest_route=\/wp\/v2\/types\/post"}],"author":[{"embeddable":true,"href":"https:\/\/gemeindebuechereikastl.de\/index.php?rest_route=\/wp\/v2\/users\/1"}],"replies":[{"embeddable":true,"href":"https:\/\/gemeindebuechereikastl.de\/index.php?rest_route=%2Fwp%2Fv2%2Fcomments&post=891"}],"version-history":[{"count":3,"href":"https:\/\/gemeindebuechereikastl.de\/index.php?rest_route=\/wp\/v2\/posts\/891\/revisions"}],"predecessor-version":[{"id":897,"href":"https:\/\/gemeindebuechereikastl.de\/index.php?rest_route=\/wp\/v2\/posts\/891\/revisions\/897"}],"wp:attachment":[{"href":"https:\/\/gemeindebuechereikastl.de\/index.php?rest_route=%2Fwp%2Fv2%2Fmedia&parent=891"}],"wp:term":[{"taxonomy":"category","embeddable":true,"href":"https:\/\/gemeindebuechereikastl.de\/index.php?rest_route=%2Fwp%2Fv2%2Fcategories&post=891"},{"taxonomy":"post_tag","embeddable":true,"href":"https:\/\/gemeindebuechereikastl.de\/index.php?rest_route=%2Fwp%2Fv2%2Ftags&post=891"}],"curies":[{"name":"wp","href":"https:\/\/api.w.org\/{rel}","templated":true}]}}