{"id":903,"date":"2019-05-01T09:36:36","date_gmt":"2019-05-01T09:36:36","guid":{"rendered":"http:\/\/gemeindebuechereikastl.de\/?p=903"},"modified":"2019-05-01T09:38:21","modified_gmt":"2019-05-01T09:38:21","slug":"taschen-voller-lesestoff-erstklaessler-erkunden-die-buecherei","status":"publish","type":"post","link":"https:\/\/gemeindebuechereikastl.de\/?p=903","title":{"rendered":"Taschen voller Lesestoff &#8211; Erstkl\u00e4ssler erkunden die B\u00fccherei"},"content":{"rendered":"<h2 style=\"text-align: center;\"><span style=\"color: #ff6600;\">Donnerstag, 11. April &#8211; Erster gemeinsamer Besuch der 1. Klasse in der B\u00fccherei<\/span><\/h2>\n<p>In der B\u00fccherei ging es rund als die Erstkl\u00e4ssler der Seyfried-Schweppermann \u2013 Schule Kastl zum ersten Mal im Rahmen der Schulausleihe gemeinsam mit ihrer Klassenlehrerin Frau Ulrike Hampel-Sperlich die Gemeindeb\u00fccherei besuchten. Viele wollte gleich eine ganze Tasche voller B\u00fccher ausleihen als g\u00e4be es bei der n\u00e4chsten Ausleihe keine mehr.<img loading=\"lazy\" decoding=\"async\" class=\"wp-image-906 alignleft\" src=\"https:\/\/gemeindebuechereikastl.de\/wp-content\/uploads\/2019\/05\/B\u00fcchereibesuch-1.-Klasse-1-1024x683.jpg\" alt=\"\" width=\"481\" height=\"320\" srcset=\"https:\/\/gemeindebuechereikastl.de\/wp-content\/uploads\/2019\/05\/B\u00fcchereibesuch-1.-Klasse-1-1024x683.jpg 1024w, https:\/\/gemeindebuechereikastl.de\/wp-content\/uploads\/2019\/05\/B\u00fcchereibesuch-1.-Klasse-1-300x200.jpg 300w, https:\/\/gemeindebuechereikastl.de\/wp-content\/uploads\/2019\/05\/B\u00fcchereibesuch-1.-Klasse-1-768x512.jpg 768w\" sizes=\"auto, (max-width: 481px) 100vw, 481px\" \/><br \/>\nZu Beginn begr\u00fc\u00dften B\u00fcchereileiter Georg D\u00fcrr und die Mitarbeiterinnen Birgit Forster und Christine Hollweck die Sch\u00fclerinnen und Sch\u00fcler der 1. Klasse recht herzlich in der B\u00fccherei. Da die meisten im Vorjahr schon den B\u00fccherei &#8211; F\u00fchrerschein gemacht hatten und sie sich schon einigerma\u00dfen in der B\u00fccherei zurechtfinden, stellte D\u00fcrr nur noch ein paar Fragen zum Angebot, wie z. B. wo was zu finden ist, was die verschiedenen Farben an den B\u00fcchern zu bedeuten haben usw. Anschlie\u00dfend erkl\u00e4rte B\u00fcchereileiter Georg D\u00fcrr bei einem kurzen Rundgang durch die beiden Geschosse der B\u00fccherei die Einteilung der B\u00fccherei mit den verschiedensten Medien und gaben nochmals einen \u00dcberblick \u00fcber das Angebot der Kastler B\u00fccherei. Bei einer Sch\u00e4tzung der Kinder wie <img loading=\"lazy\" decoding=\"async\" class=\" wp-image-905 alignright\" src=\"https:\/\/gemeindebuechereikastl.de\/wp-content\/uploads\/2019\/05\/1.-Klasse-1024x683.jpg\" alt=\"\" width=\"451\" height=\"300\" srcset=\"https:\/\/gemeindebuechereikastl.de\/wp-content\/uploads\/2019\/05\/1.-Klasse-1024x683.jpg 1024w, https:\/\/gemeindebuechereikastl.de\/wp-content\/uploads\/2019\/05\/1.-Klasse-300x200.jpg 300w, https:\/\/gemeindebuechereikastl.de\/wp-content\/uploads\/2019\/05\/1.-Klasse-768x512.jpg 768w\" sizes=\"auto, (max-width: 451px) 100vw, 451px\" \/>viele Medien in der B\u00fccherei sind waren sie \u00fcberrascht das die Kastler B\u00fccher an die 9000 B\u00fccher und weitere 1500 Nichtbuchmedien wie Spiele, DVDs, H\u00f6rb\u00fccher f\u00fcr Kinder und Erwachsene sowie diverse Zeitschriften hat. Er erw\u00e4hnte auch das Angebot der B\u00fccherei die Ausleihe von E-Books und wie die B\u00fccher und Medien sowie die E-Books \u00fcber den &#8222;Online-Katalog&#8220; zu finden sind.<br \/>\nBei Ihrem ersten Besuch bekamen alle Kinder der 1. Klasse ihren eigenen Leserausweis mit dem sie eigenst\u00e4ndig bei der Schulausleihe oder mit den Eltern alle B\u00fccher und auch die weiteren Medien der B\u00fccherei ausleihen k\u00f6nnen. Nach der Einf\u00fchrung hatten die Kinder dann noch Zeit selbst im Angebot der B\u00fccherei zu st\u00f6bern und alle fanden ihre Lieblingsb\u00fccher zum Mitnehmen. Viele der Kinder hatten jede Menge an B\u00fcchern gefunden, die sie gerne mitnehmen und Lesen wollten.<img loading=\"lazy\" decoding=\"async\" class=\"alignnone size-large wp-image-904\" src=\"https:\/\/gemeindebuechereikastl.de\/wp-content\/uploads\/2019\/05\/1.-Klasse-B\u00fccherei-1024x646.jpg\" alt=\"\" width=\"750\" height=\"473\" srcset=\"https:\/\/gemeindebuechereikastl.de\/wp-content\/uploads\/2019\/05\/1.-Klasse-B\u00fccherei-1024x646.jpg 1024w, https:\/\/gemeindebuechereikastl.de\/wp-content\/uploads\/2019\/05\/1.-Klasse-B\u00fccherei-300x189.jpg 300w, https:\/\/gemeindebuechereikastl.de\/wp-content\/uploads\/2019\/05\/1.-Klasse-B\u00fccherei-768x485.jpg 768w\" sizes=\"auto, (max-width: 750px) 100vw, 750px\" \/><\/p>\n<p>Als kleines Dankesch\u00f6n und f\u00fcr die weiteren Besuche bekamen alle Kinder von B\u00fcchereileiter Georg D\u00fcrr eine B\u00fcchereitasche mit ihrem Nahmen drauf und ein Lesezeichen geschenkt. In der sch\u00f6nen B\u00fcchereitasche wurden gleich die ausgesuchten Lieblingsb\u00fccher eingepackt. D\u00fcrr erw\u00e4hnte noch, dass das gro\u00dfe Angebot nicht nur w\u00e4hrend der Schulausleihe den Kindern zur Verf\u00fcgung steht. Sie k\u00f6nnen auch mit ihren Eltern zu den normalen \u00d6ffnungszeiten der B\u00fccherei, kommen und dann neben den B\u00fcchern auch das gesamte Angebot der Kastler B\u00fccherei nutzen<\/p>\n","protected":false},"excerpt":{"rendered":"<p>Donnerstag, 11. April &#8211; Erster gemeinsamer Besuch der 1. Klasse in der B\u00fccherei In der B\u00fccherei ging es rund als die Erstkl\u00e4ssler der Seyfried-Schweppermann \u2013 Schule Kastl zum ersten Mal im Rahmen der Schulausleihe gemeinsam mit ihrer Klassenlehrerin Frau Ulrike Hampel-Sperlich die Gemeindeb\u00fccherei besuchten. Viele wollte gleich eine ganze Tasche voller B\u00fccher ausleihen als g\u00e4be &hellip; <\/p>\n<p><a class=\"more-link btn\" href=\"https:\/\/gemeindebuechereikastl.de\/?p=903\">Weiterlesen<\/a><\/p>\n","protected":false},"author":1,"featured_media":904,"comment_status":"closed","ping_status":"closed","sticky":false,"template":"","format":"standard","meta":{"footnotes":""},"categories":[5],"tags":[21,104,22],"class_list":["post-903","post","type-post","status-publish","format-standard","has-post-thumbnail","hentry","category-news","tag-1-klasse","tag-buechereitaschen","tag-schulausleihe","item-wrap"],"_links":{"self":[{"href":"https:\/\/gemeindebuechereikastl.de\/index.php?rest_route=\/wp\/v2\/posts\/903","targetHints":{"allow":["GET"]}}],"collection":[{"href":"https:\/\/gemeindebuechereikastl.de\/index.php?rest_route=\/wp\/v2\/posts"}],"about":[{"href":"https:\/\/gemeindebuechereikastl.de\/index.php?rest_route=\/wp\/v2\/types\/post"}],"author":[{"embeddable":true,"href":"https:\/\/gemeindebuechereikastl.de\/index.php?rest_route=\/wp\/v2\/users\/1"}],"replies":[{"embeddable":true,"href":"https:\/\/gemeindebuechereikastl.de\/index.php?rest_route=%2Fwp%2Fv2%2Fcomments&post=903"}],"version-history":[{"count":1,"href":"https:\/\/gemeindebuechereikastl.de\/index.php?rest_route=\/wp\/v2\/posts\/903\/revisions"}],"predecessor-version":[{"id":907,"href":"https:\/\/gemeindebuechereikastl.de\/index.php?rest_route=\/wp\/v2\/posts\/903\/revisions\/907"}],"wp:featuredmedia":[{"embeddable":true,"href":"https:\/\/gemeindebuechereikastl.de\/index.php?rest_route=\/wp\/v2\/media\/904"}],"wp:attachment":[{"href":"https:\/\/gemeindebuechereikastl.de\/index.php?rest_route=%2Fwp%2Fv2%2Fmedia&parent=903"}],"wp:term":[{"taxonomy":"category","embeddable":true,"href":"https:\/\/gemeindebuechereikastl.de\/index.php?rest_route=%2Fwp%2Fv2%2Fcategories&post=903"},{"taxonomy":"post_tag","embeddable":true,"href":"https:\/\/gemeindebuechereikastl.de\/index.php?rest_route=%2Fwp%2Fv2%2Ftags&post=903"}],"curies":[{"name":"wp","href":"https:\/\/api.w.org\/{rel}","templated":true}]}}